{"id":61878,"date":"2023-08-02T23:18:43","date_gmt":"2023-08-03T02:18:43","guid":{"rendered":"https:\/\/vocesparalelas.com.ar\/sitio\/?p=61878"},"modified":"2023-08-05T00:17:49","modified_gmt":"2023-08-05T03:17:49","slug":"cientificos-intervienen-la-casa-natal-de-sarmiento-para-proteger-y-conservar-el-patrimonio-nacional-historico-de-san-juan","status":"publish","type":"post","link":"https:\/\/vocesparalelas.com.ar\/sitio\/cientificos-intervienen-la-casa-natal-de-sarmiento-para-proteger-y-conservar-el-patrimonio-nacional-historico-de-san-juan\/","title":{"rendered":"Cient\u00edficos intervienen la Casa Natal de Sarmiento para proteger y conservar el Patrimonio Nacional Hist\u00f3rico de San Juan"},"content":{"rendered":"<p>El Museo y Biblioteca de la Casa Natal de Sarmiento permanece con las puertas cerradas al p\u00fablico desde el entre el 31 de Julio al 04 de Agosto de 2023 por razones que se deben mover\u00a0 los objetos hist\u00f3ricos y dejar las habitaciones vac\u00edas para que se pueda trabajar el equipo t\u00e9cnico en el interior de las salas y desarrollar el proyecto de escaneo 3D para la obtenci\u00f3n de una maqueta integral del museo.<\/p>\n<p><img loading=\"lazy\" decoding=\"async\" class=\"alignnone size-full wp-image-61885\" src=\"https:\/\/vocesparalelas.com.ar\/sitio\/wp-content\/uploads\/2023\/08\/CASA-SARMIENTO-PROYECTO-04.jpg\" alt=\"\" width=\"800\" height=\"533\" srcset=\"https:\/\/vocesparalelas.com.ar\/sitio\/wp-content\/uploads\/2023\/08\/CASA-SARMIENTO-PROYECTO-04.jpg 800w, https:\/\/vocesparalelas.com.ar\/sitio\/wp-content\/uploads\/2023\/08\/CASA-SARMIENTO-PROYECTO-04-300x200.jpg 300w, https:\/\/vocesparalelas.com.ar\/sitio\/wp-content\/uploads\/2023\/08\/CASA-SARMIENTO-PROYECTO-04-768x512.jpg 768w\" sizes=\"auto, (max-width: 800px) 100vw, 800px\" \/><\/p>\n<p><img loading=\"lazy\" decoding=\"async\" class=\"alignnone size-full wp-image-61886\" src=\"https:\/\/vocesparalelas.com.ar\/sitio\/wp-content\/uploads\/2023\/08\/CASA-SARMIENTO-PROYECTO-05.jpg\" alt=\"\" width=\"800\" height=\"533\" srcset=\"https:\/\/vocesparalelas.com.ar\/sitio\/wp-content\/uploads\/2023\/08\/CASA-SARMIENTO-PROYECTO-05.jpg 800w, https:\/\/vocesparalelas.com.ar\/sitio\/wp-content\/uploads\/2023\/08\/CASA-SARMIENTO-PROYECTO-05-300x200.jpg 300w, https:\/\/vocesparalelas.com.ar\/sitio\/wp-content\/uploads\/2023\/08\/CASA-SARMIENTO-PROYECTO-05-768x512.jpg 768w\" sizes=\"auto, (max-width: 800px) 100vw, 800px\" \/><\/p>\n<p>En el Proyecto de escaneo 3D es producto del trabajo de cient\u00edficos de las siguientes instituciones<\/p>\n<ul>\n<li>Universidad Nacional de la Plata<\/li>\n<li>IRPHa de Facultad de Arquitectura, Urbanismo y Dise\u00f1o de la Universidad Nacional de San Juan<\/li>\n<li>Departamento de F\u00edsica y Astronom\u00eda de la Facultad de Ciencias Exactas, F\u00edsicas y Naturales de la Universidad Nacional de San Juan<\/li>\n<li>SECITI del Gobierno de San Juan<\/li>\n<li>Casa Natal de Sarmiento<\/li>\n<\/ul>\n<p>Los cient\u00edficos convocados manifestaron su punto de vista y el trabajo c\u00f3mo se va a desarrollar con el respeto total a la Casa hist\u00f3rica para proteger y conservar el Patrimonio Nacional Hist\u00f3rico de San Juan.<\/p>\n<p>Su visita ha sido solicitada por el equipo de investigaci\u00f3n del IRPHa que trabaja en el Proyecto CICITCA UNSJ Estudio interdisciplinario para la conservaci\u00f3n integral del Museo y Biblioteca Casa Natal de Domingo Faustino Sarmiento. Aportes desde la arqueolog\u00eda de la arquitectura. Dirigido por la arquitecta Ana Valeria Pochi y co dirigido por la arquitecta Eliana Testa.<\/p>\n<p>El proyecto tiene como objetiva; Determinar y documentar la evoluci\u00f3n constructiva e intervenciones fisicas de la Casa Natal de Sarmiento y su entorno urbano. Para poder abordar la metodolog\u00eda aplicada que tiene sus bases en la arquitectura combinando importantes aportes desde la arqueolog\u00eda y la geof\u00edsica, que nos permite corroborar la veracidad de los relatos existentes en torno al edificio y profundizar el conocimiento del mismo.<\/p>\n<p>El prop\u00f3sito de la Segunda Parte, consiste en la sistematizaci\u00f3n de la informaci\u00f3n producida, en la continuidad de los sondeos arqueol\u00f3gicos, la realizaci\u00f3n de estudios geof\u00edsicos no invasivos para arribar a nuevas conclusiones sobre el estado material y de conservaci\u00f3n del bien en la compaginaci\u00f3n de la carpeta t\u00e9cnica del edificio que permita guiar acciones de mantenimiento, consider\u00e1ndola como un documento inacabado que evoluciona con el monumento.<\/p>\n<p>Al necesitar equipamiento especializado espec\u00edfico y financiamiento para realizar los estudios nos vinculamos tambi\u00e9n con instituciones universitarias y de gobierno. Motivados por lo anteriormente dicho y en la experiencia que Daniel y su equipo tienen sobre la utilizaci\u00f3n de Esc\u00e1ner 3D LIDAR con aplicaci\u00f3n en arqueolog\u00eda y arquitectura, esta visita consiste en realizar el escaneo 3D del Museo, siendo un recurso que queda para el Museo pero que fundamentalmente sirve en el proceso de investigaci\u00f3n. La generaci\u00f3n de una maqueta 3D permitir\u00e1 volcar la informaci\u00f3n construida y realizar mejores interpretaciones del caso.<\/p>\n<p><img loading=\"lazy\" decoding=\"async\" class=\"alignnone size-full wp-image-61883\" src=\"https:\/\/vocesparalelas.com.ar\/sitio\/wp-content\/uploads\/2023\/08\/CASA-SARMIENTO-PROYECTO-02.jpg\" alt=\"\" width=\"800\" height=\"533\" srcset=\"https:\/\/vocesparalelas.com.ar\/sitio\/wp-content\/uploads\/2023\/08\/CASA-SARMIENTO-PROYECTO-02.jpg 800w, https:\/\/vocesparalelas.com.ar\/sitio\/wp-content\/uploads\/2023\/08\/CASA-SARMIENTO-PROYECTO-02-300x200.jpg 300w, https:\/\/vocesparalelas.com.ar\/sitio\/wp-content\/uploads\/2023\/08\/CASA-SARMIENTO-PROYECTO-02-768x512.jpg 768w\" sizes=\"auto, (max-width: 800px) 100vw, 800px\" \/><\/p>\n<p>Por ello, la Directora del MyBCNS, DI Silvina V\u00e1zquez, quien explic\u00f3 el motivo del encuentro y en beneficio de la casa tan emblem\u00e1tica para San Juan.<\/p>\n<p><iframe loading=\"lazy\" title=\"MYBCNS DIRECTORA\" width=\"800\" height=\"450\" src=\"https:\/\/www.youtube.com\/embed\/GTf8foTauqQ?feature=oembed\" frameborder=\"0\" allow=\"accelerometer; autoplay; clipboard-write; encrypted-media; gyroscope; picture-in-picture; web-share\" allowfullscreen><\/iframe><\/p>\n<p>Luego, la directora del Proyecto CICITCA UNSJ para la conservaci\u00f3n integral del Museo y Biblioteca Casa Natal de Domingo Faustino Sarmiento, Arq. Ana Pochi explic\u00f3 la necesidad de contribuir con la Casa para proteger su edificio.<\/p>\n<p><iframe loading=\"lazy\" title=\"MYBCNS FAUD UNSJ DRA ANA POCHI\" width=\"800\" height=\"450\" src=\"https:\/\/www.youtube.com\/embed\/roTA9QvT2CI?feature=oembed\" frameborder=\"0\" allow=\"accelerometer; autoplay; clipboard-write; encrypted-media; gyroscope; picture-in-picture; web-share\" allowfullscreen><\/iframe><\/p>\n<p>Seguidamente, Dr. Daniel Del Cogliano, quien dirige los escaneos y estudios del edificio del predio de la Casa que proviene de la UNLP junto a la\u00a0Ing. Agrimensora Sof\u00eda Falip y la\u00a0Ing. Agrimensora Mariana Mora.<\/p>\n<p><img loading=\"lazy\" decoding=\"async\" class=\"alignnone size-full wp-image-61887\" src=\"https:\/\/vocesparalelas.com.ar\/sitio\/wp-content\/uploads\/2023\/08\/CASA-SARMIENTO-PROYECTO-06.jpg\" alt=\"\" width=\"800\" height=\"533\" srcset=\"https:\/\/vocesparalelas.com.ar\/sitio\/wp-content\/uploads\/2023\/08\/CASA-SARMIENTO-PROYECTO-06.jpg 800w, https:\/\/vocesparalelas.com.ar\/sitio\/wp-content\/uploads\/2023\/08\/CASA-SARMIENTO-PROYECTO-06-300x200.jpg 300w, https:\/\/vocesparalelas.com.ar\/sitio\/wp-content\/uploads\/2023\/08\/CASA-SARMIENTO-PROYECTO-06-768x512.jpg 768w\" sizes=\"auto, (max-width: 800px) 100vw, 800px\" \/><\/p>\n<p><iframe loading=\"lazy\" title=\"MYBCNS\" width=\"800\" height=\"450\" src=\"https:\/\/www.youtube.com\/embed\/qJgXFQREd6w?feature=oembed\" frameborder=\"0\" allow=\"accelerometer; autoplay; clipboard-write; encrypted-media; gyroscope; picture-in-picture; web-share\" allowfullscreen><\/iframe><\/p>\n<p>Posteriormente, el Subdirector Departamento de Geof\u00edsica y Astronom\u00eda de la FCEFN de la UNSJ, Dr. Gustavo Ortiz, describi\u00f3 la intervenci\u00f3n en el proyecto tan sentido para la comunidad de San Juan.<\/p>\n<p><iframe loading=\"lazy\" title=\"MYBCNS FCEFN UNSJ LI ORTIZ\" width=\"800\" height=\"450\" src=\"https:\/\/www.youtube.com\/embed\/EBZ2hJWkmZc?feature=oembed\" frameborder=\"0\" allow=\"accelerometer; autoplay; clipboard-write; encrypted-media; gyroscope; picture-in-picture; web-share\" allowfullscreen><\/iframe><\/p>\n<p>&nbsp;<\/p>\n<p>A continuaci\u00f3n, estudiante Franco Villella del Departamento de Geof\u00edsica y Astronom\u00eda de la FCEFN de la UNSJ explic\u00f3 lo que se hace con el aparato tecnol\u00f3gico, que es como una maquina de cortar pasto que escanea los pisos.<\/p>\n<p><img loading=\"lazy\" decoding=\"async\" class=\"alignnone size-full wp-image-61882\" src=\"https:\/\/vocesparalelas.com.ar\/sitio\/wp-content\/uploads\/2023\/08\/CASA-SARMIENTO-PROYECTO-01.jpg\" alt=\"\" width=\"800\" height=\"533\" srcset=\"https:\/\/vocesparalelas.com.ar\/sitio\/wp-content\/uploads\/2023\/08\/CASA-SARMIENTO-PROYECTO-01.jpg 800w, https:\/\/vocesparalelas.com.ar\/sitio\/wp-content\/uploads\/2023\/08\/CASA-SARMIENTO-PROYECTO-01-300x200.jpg 300w, https:\/\/vocesparalelas.com.ar\/sitio\/wp-content\/uploads\/2023\/08\/CASA-SARMIENTO-PROYECTO-01-768x512.jpg 768w\" sizes=\"auto, (max-width: 800px) 100vw, 800px\" \/><\/p>\n<p><iframe loading=\"lazy\" title=\"MYBCNS FCEFN UNSJ FRANCO\" width=\"800\" height=\"450\" src=\"https:\/\/www.youtube.com\/embed\/F9X4TAloXnM?feature=oembed\" frameborder=\"0\" allow=\"accelerometer; autoplay; clipboard-write; encrypted-media; gyroscope; picture-in-picture; web-share\" allowfullscreen><\/iframe><\/p>\n<p>Finalmente, la Secretaria del SECITI del Gobierno de San Juan, Ing. Marita Benavente, quien destac\u00f3 la importancia de ayudar a conservar la Casa Natal de Sarmiento para que estos estudios de cient\u00edficos permitan protegerla.<\/p>\n<p><iframe loading=\"lazy\" title=\"MYBCNS SECITI ING MARITA BENAVENTE\" width=\"800\" height=\"450\" src=\"https:\/\/www.youtube.com\/embed\/-3GSgu4uEas?feature=oembed\" frameborder=\"0\" allow=\"accelerometer; autoplay; clipboard-write; encrypted-media; gyroscope; picture-in-picture; web-share\" allowfullscreen><\/iframe><\/p>\n<p>Luego, los presentes se trasladaron a otra sala para observar una fisura y c\u00f3mo se est\u00e1 trabajando para conocer m\u00e1s de la construcci\u00f3n de la casa y solucionar los da\u00f1os provocados por los temblores que se producen en San Juan m\u00e1s cuando la casa para el terremoto de 1944 qued\u00f3 da\u00f1ada pero siempre existen equipos de cient\u00edficos que trabajan pra solucionar y lograr su conservaci\u00f3n<\/p>\n<p><img loading=\"lazy\" decoding=\"async\" class=\"alignnone size-full wp-image-61884\" src=\"https:\/\/vocesparalelas.com.ar\/sitio\/wp-content\/uploads\/2023\/08\/CASA-SARMIENTO-PROYECTO-03.jpg\" alt=\"\" width=\"800\" height=\"533\" srcset=\"https:\/\/vocesparalelas.com.ar\/sitio\/wp-content\/uploads\/2023\/08\/CASA-SARMIENTO-PROYECTO-03.jpg 800w, https:\/\/vocesparalelas.com.ar\/sitio\/wp-content\/uploads\/2023\/08\/CASA-SARMIENTO-PROYECTO-03-300x200.jpg 300w, https:\/\/vocesparalelas.com.ar\/sitio\/wp-content\/uploads\/2023\/08\/CASA-SARMIENTO-PROYECTO-03-768x512.jpg 768w\" sizes=\"auto, (max-width: 800px) 100vw, 800px\" \/><\/p>\n<p>&nbsp;<\/p>\n<p><iframe loading=\"lazy\" title=\"MYBCNS FAUD UNSJ DRA ANA POCHI\" width=\"800\" height=\"450\" src=\"https:\/\/www.youtube.com\/embed\/pV5c6ft0RRw?feature=oembed\" frameborder=\"0\" allow=\"accelerometer; autoplay; clipboard-write; encrypted-media; gyroscope; picture-in-picture; web-share\" allowfullscreen><\/iframe><\/p>\n<p><img loading=\"lazy\" decoding=\"async\" class=\"alignnone size-full wp-image-41746\" src=\"https:\/\/vocesparalelas.com.ar\/sitio\/wp-content\/uploads\/2021\/09\/CASA-SARMIENTO-FRENTE-01.jpg\" alt=\"\" width=\"800\" height=\"533\" srcset=\"https:\/\/vocesparalelas.com.ar\/sitio\/wp-content\/uploads\/2021\/09\/CASA-SARMIENTO-FRENTE-01.jpg 800w, https:\/\/vocesparalelas.com.ar\/sitio\/wp-content\/uploads\/2021\/09\/CASA-SARMIENTO-FRENTE-01-300x200.jpg 300w, https:\/\/vocesparalelas.com.ar\/sitio\/wp-content\/uploads\/2021\/09\/CASA-SARMIENTO-FRENTE-01-768x512.jpg 768w\" sizes=\"auto, (max-width: 800px) 100vw, 800px\" \/><\/p>\n","protected":false},"excerpt":{"rendered":"<p>El Museo y Biblioteca de la Casa Natal de Sarmiento permanece con las puertas cerradas al p\u00fablico desde el entre<\/p>\n","protected":false},"author":3,"featured_media":61888,"comment_status":"closed","ping_status":"closed","sticky":false,"template":"","format":"standard","meta":{"_acf_changed":false,"_seopress_robots_primary_cat":"none","_seopress_titles_title":"","_seopress_titles_desc":"","_seopress_robots_index":"","colormag_page_container_layout":"default_layout","colormag_page_sidebar_layout":"default_layout","footnotes":""},"categories":[11,7],"tags":[],"class_list":["post-61878","post","type-post","status-publish","format-standard","has-post-thumbnail","hentry","category-sociales","category-videos"],"acf":[],"_links":{"self":[{"href":"https:\/\/vocesparalelas.com.ar\/sitio\/wp-json\/wp\/v2\/posts\/61878","targetHints":{"allow":["GET"]}}],"collection":[{"href":"https:\/\/vocesparalelas.com.ar\/sitio\/wp-json\/wp\/v2\/posts"}],"about":[{"href":"https:\/\/vocesparalelas.com.ar\/sitio\/wp-json\/wp\/v2\/types\/post"}],"author":[{"embeddable":true,"href":"https:\/\/vocesparalelas.com.ar\/sitio\/wp-json\/wp\/v2\/users\/3"}],"replies":[{"embeddable":true,"href":"https:\/\/vocesparalelas.com.ar\/sitio\/wp-json\/wp\/v2\/comments?post=61878"}],"version-history":[{"count":7,"href":"https:\/\/vocesparalelas.com.ar\/sitio\/wp-json\/wp\/v2\/posts\/61878\/revisions"}],"predecessor-version":[{"id":61895,"href":"https:\/\/vocesparalelas.com.ar\/sitio\/wp-json\/wp\/v2\/posts\/61878\/revisions\/61895"}],"wp:featuredmedia":[{"embeddable":true,"href":"https:\/\/vocesparalelas.com.ar\/sitio\/wp-json\/wp\/v2\/media\/61888"}],"wp:attachment":[{"href":"https:\/\/vocesparalelas.com.ar\/sitio\/wp-json\/wp\/v2\/media?parent=61878"}],"wp:term":[{"taxonomy":"category","embeddable":true,"href":"https:\/\/vocesparalelas.com.ar\/sitio\/wp-json\/wp\/v2\/categories?post=61878"},{"taxonomy":"post_tag","embeddable":true,"href":"https:\/\/vocesparalelas.com.ar\/sitio\/wp-json\/wp\/v2\/tags?post=61878"}],"curies":[{"name":"wp","href":"https:\/\/api.w.org\/{rel}","templated":true}]}}