{"id":61874,"date":"2023-08-02T22:29:30","date_gmt":"2023-08-03T01:29:30","guid":{"rendered":"https:\/\/vocesparalelas.com.ar\/sitio\/?p=61874"},"modified":"2023-08-04T00:48:52","modified_gmt":"2023-08-04T03:48:52","slug":"el-chalet-cantoni-se-convierte-en-casa-de-industrias-creativas-en-san-juan","status":"publish","type":"post","link":"https:\/\/vocesparalelas.com.ar\/sitio\/el-chalet-cantoni-se-convierte-en-casa-de-industrias-creativas-en-san-juan\/","title":{"rendered":"El Chalet Cantoni se convierte en Casa de Industrias Creativas en San Juan"},"content":{"rendered":"<p>Durante Agosto el Chalet Cantoni, se convierte en Casa de Industrias Creativas, con actividades abiertas al p\u00fablico para disfrutar en familia, en el Departamento Rivadavia.<\/p>\n<p><span style=\"color: #008000;\"><strong>Programa<\/strong><\/span><\/p>\n<ul>\n<li>S\u00e1bado, 5 de Agosto, desde las 16 hs, es el turno de una tarde de t\u00e9- yoga facial a cargo de Biodena Biocosm\u00e9tica.<\/li>\n<li>Domingo, 6 de Agosto, se desarrolla otra edici\u00f3n de la Feria Vintage, la tradicional feria de ropa, accesorios, vinillos y adornos con inspiraci\u00f3n retro. Con entrada libre y gratuita, los asistentes adem\u00e1s pueden disfrutar de las propuestas de Donata del Desierto, Academia de Baristas e Higinio vinos, con cerveza artesanal, caf\u00e9 y la bebida que caracteriza a la provincia.<\/li>\n<li>\u201cUsted Compare: 40 a\u00f1os de democracia\u201d, es el taller cr\u00edtico literario y autoedici\u00f3n, a cargo de Valen Flores y V\u00edctor Olivera. Estos encuentros, organizados por ACASA, se realizan los mi\u00e9rcoles 9; 16; 23 y 30 de Agosto. Para m\u00e1s informaci\u00f3n, los interesados pueden consultar e inscribirse a trav\u00e9s de <span id=\"cloake84bccf9bf35db893f88600eb336c31b\"><a href=\"mailto:talleresdeval@gmail.com\">talleresdeval@gmail.com<\/a><\/span><\/li>\n<li>Jueves, 17 de Agosto, a las 20 hs.; se desarrolla la presentaci\u00f3n del libro \u201cEl fuego que nunca apagamos\u201d, de Gonzalo Sillero, con lecturas y m\u00fasica en vivo. Actividad gratuita a cargo de Abdullah Libros, Momentos en Prosa. Son responsables de la organizaci\u00f3n de evento, correcci\u00f3n y direcci\u00f3n art\u00edstica y ACASA.<\/li>\n<li>Domingo, 27 de agosto, a las 16 hs.; \u201cCalle Malbec\u201d, una sesi\u00f3n de m\u00fasica en vivo y entrevista de referentes de la cultura urbana a cargo de NPK Producciones y Groovestore. El p\u00fablico ingresa de forma libre y gratuita.<\/li>\n<\/ul>\n","protected":false},"excerpt":{"rendered":"<p>Durante Agosto el Chalet Cantoni, se convierte en Casa de Industrias Creativas, con actividades abiertas al p\u00fablico para disfrutar en<\/p>\n","protected":false},"author":3,"featured_media":46297,"comment_status":"closed","ping_status":"closed","sticky":false,"template":"","format":"standard","meta":{"_acf_changed":false,"_seopress_robots_primary_cat":"none","_seopress_titles_title":"","_seopress_titles_desc":"","_seopress_robots_index":"","colormag_page_container_layout":"default_layout","colormag_page_sidebar_layout":"default_layout","footnotes":""},"categories":[20],"tags":[],"class_list":["post-61874","post","type-post","status-publish","format-standard","has-post-thumbnail","hentry","category-cartelera"],"acf":[],"_links":{"self":[{"href":"https:\/\/vocesparalelas.com.ar\/sitio\/wp-json\/wp\/v2\/posts\/61874","targetHints":{"allow":["GET"]}}],"collection":[{"href":"https:\/\/vocesparalelas.com.ar\/sitio\/wp-json\/wp\/v2\/posts"}],"about":[{"href":"https:\/\/vocesparalelas.com.ar\/sitio\/wp-json\/wp\/v2\/types\/post"}],"author":[{"embeddable":true,"href":"https:\/\/vocesparalelas.com.ar\/sitio\/wp-json\/wp\/v2\/users\/3"}],"replies":[{"embeddable":true,"href":"https:\/\/vocesparalelas.com.ar\/sitio\/wp-json\/wp\/v2\/comments?post=61874"}],"version-history":[{"count":1,"href":"https:\/\/vocesparalelas.com.ar\/sitio\/wp-json\/wp\/v2\/posts\/61874\/revisions"}],"predecessor-version":[{"id":61877,"href":"https:\/\/vocesparalelas.com.ar\/sitio\/wp-json\/wp\/v2\/posts\/61874\/revisions\/61877"}],"wp:featuredmedia":[{"embeddable":true,"href":"https:\/\/vocesparalelas.com.ar\/sitio\/wp-json\/wp\/v2\/media\/46297"}],"wp:attachment":[{"href":"https:\/\/vocesparalelas.com.ar\/sitio\/wp-json\/wp\/v2\/media?parent=61874"}],"wp:term":[{"taxonomy":"category","embeddable":true,"href":"https:\/\/vocesparalelas.com.ar\/sitio\/wp-json\/wp\/v2\/categories?post=61874"},{"taxonomy":"post_tag","embeddable":true,"href":"https:\/\/vocesparalelas.com.ar\/sitio\/wp-json\/wp\/v2\/tags?post=61874"}],"curies":[{"name":"wp","href":"https:\/\/api.w.org\/{rel}","templated":true}]}}