{"id":61837,"date":"2023-08-01T22:55:00","date_gmt":"2023-08-02T01:55:00","guid":{"rendered":"https:\/\/vocesparalelas.com.ar\/sitio\/?p=61837"},"modified":"2023-08-01T23:01:56","modified_gmt":"2023-08-02T02:01:56","slug":"paritaria-docente-de-san-juan-paso-a-un-cuarto-intermedio-hasta-el-viernes-04-de-agosto","status":"publish","type":"post","link":"https:\/\/vocesparalelas.com.ar\/sitio\/paritaria-docente-de-san-juan-paso-a-un-cuarto-intermedio-hasta-el-viernes-04-de-agosto\/","title":{"rendered":"Paritaria Docente de San Juan pas\u00f3 a un cuarto intermedio hasta el Viernes, 04 de Agosto"},"content":{"rendered":"<p>El Martes, 01 de Agosto, en la sala del Ministerio de Educaci\u00f3n del Gobierno de San Juan se realiz\u00f3 el encuentro de la Paritaria Docente con la participaci\u00f3n de las Ministras de Hacienda y Finanzas, CPN Marisa L\u00f3pez y la de Educaci\u00f3n, Lic. Cecilia Trincado y los secretarios Generales de UDAP, Prof. Patricia Quiroga, de UDA Prof. Lucio V\u00e1zquez y de AMET, Prof. Daniel Quiroga y dem\u00e1s, autoridades de cada sector.<\/p>\n<p>Es importante recordar que, los Gremios Docentes de San Juan rechazaron las dos propuestas del Gobierno en la reuni\u00f3n del Lunes, 24 de Julio. Por ello, el Gobierno de San Juan convoc\u00f3 a una nueva reuni\u00f3n.<\/p>\n<p>Finalizada la misma, el \u00a0secretario de Hacienda y Finanzas, CPN Gerardo Torrent manifest\u00f3 a los Periodistas San Juan que \u00abdespu\u00e9s de 8 horas de reuni\u00f3n con los gremios docentes lamentablemente no hemos podido llegar a un acuerdo y la reuni\u00f3n pas\u00f3 a un cuarto intermedio para el Viernes, 04 de Agosto, a las 9 hs.. Hemos realizado una propuesta pero ellos proponen un complemento pero debemos analizarlo, que se llama complemento \u00e1ulico. Le propusimos un valor \u00edndice de 200 mil pesos. Hemos mantenido los valores del el A 56 y el E 66 que se va modificando su valor de acuerdo a la antig\u00fcedad que van de 12 mil a 24 mil pesos. Tambi\u00e9n propusieron adelantar el 10 % de Septiembre a Julio pero es imposible y lo adelantamos para Agosto. La propuesta van a ser bajada a las bases. A partir de ello, nos volvemos a reunir el Viernes, 04 de Agosto\u00bb.<\/p>\n<p>Luego, la secretaria General de UDAP, Prof. Patricia Quiroga explic\u00f3\u00a0 que \u00abnos propusieron el 10 % en Agosto, elevar el valor \u00edndice, el A 56, el E 66 en la misma proporci\u00f3n que se eleva el valor \u00edndice y como piso salarial de 200 mil pesos y el 2\u00b0 cargo 175000 pesos. Tambi\u00e9n hab\u00edamos propuesto un nuevo items para el maestro de grado y el Maestro de Nivel Inicial, que tiene una sobre carga laboral. En este punto lo van avaluar. Ahora vamos a bajar la propuesta a las bases pero quer\u00edamos m\u00e1s para el valor \u00edndice. Todas estos valores que nos han propuestos afecta al docente que est\u00e1 para jubilarse. Es importante que sea remunerativo y bonificable. Nosotros pedimos m\u00e1s valor \u00edndice pero el A 56 es para todos pero E 66 va de acuerdo al tramo. Otro tema que nos propusieron es ir aumentando el valor \u00edndice por antig\u00fcedad que va a beneficiar a la pir\u00e1mide docente. Todav\u00eda no hemos aceptado nada s\u00f3lo esperamos que opinan los docentes.<\/p>\n<p>&nbsp;<\/p>\n<p>&nbsp;<\/p>\n<p>&nbsp;<\/p>\n","protected":false},"excerpt":{"rendered":"<p>El Martes, 01 de Agosto, en la sala del Ministerio de Educaci\u00f3n del Gobierno de San Juan se realiz\u00f3 el<\/p>\n","protected":false},"author":3,"featured_media":61840,"comment_status":"closed","ping_status":"closed","sticky":false,"template":"","format":"standard","meta":{"_acf_changed":false,"_seopress_robots_primary_cat":"none","_seopress_titles_title":"","_seopress_titles_desc":"","_seopress_robots_index":"","colormag_page_container_layout":"default_layout","colormag_page_sidebar_layout":"default_layout","footnotes":""},"categories":[1],"tags":[],"class_list":["post-61837","post","type-post","status-publish","format-standard","has-post-thumbnail","hentry","category-destacadas"],"acf":[],"_links":{"self":[{"href":"https:\/\/vocesparalelas.com.ar\/sitio\/wp-json\/wp\/v2\/posts\/61837","targetHints":{"allow":["GET"]}}],"collection":[{"href":"https:\/\/vocesparalelas.com.ar\/sitio\/wp-json\/wp\/v2\/posts"}],"about":[{"href":"https:\/\/vocesparalelas.com.ar\/sitio\/wp-json\/wp\/v2\/types\/post"}],"author":[{"embeddable":true,"href":"https:\/\/vocesparalelas.com.ar\/sitio\/wp-json\/wp\/v2\/users\/3"}],"replies":[{"embeddable":true,"href":"https:\/\/vocesparalelas.com.ar\/sitio\/wp-json\/wp\/v2\/comments?post=61837"}],"version-history":[{"count":1,"href":"https:\/\/vocesparalelas.com.ar\/sitio\/wp-json\/wp\/v2\/posts\/61837\/revisions"}],"predecessor-version":[{"id":61841,"href":"https:\/\/vocesparalelas.com.ar\/sitio\/wp-json\/wp\/v2\/posts\/61837\/revisions\/61841"}],"wp:featuredmedia":[{"embeddable":true,"href":"https:\/\/vocesparalelas.com.ar\/sitio\/wp-json\/wp\/v2\/media\/61840"}],"wp:attachment":[{"href":"https:\/\/vocesparalelas.com.ar\/sitio\/wp-json\/wp\/v2\/media?parent=61837"}],"wp:term":[{"taxonomy":"category","embeddable":true,"href":"https:\/\/vocesparalelas.com.ar\/sitio\/wp-json\/wp\/v2\/categories?post=61837"},{"taxonomy":"post_tag","embeddable":true,"href":"https:\/\/vocesparalelas.com.ar\/sitio\/wp-json\/wp\/v2\/tags?post=61837"}],"curies":[{"name":"wp","href":"https:\/\/api.w.org\/{rel}","templated":true}]}}