{"id":61833,"date":"2023-08-01T21:59:55","date_gmt":"2023-08-02T00:59:55","guid":{"rendered":"https:\/\/vocesparalelas.com.ar\/sitio\/?p=61833"},"modified":"2023-08-03T23:17:27","modified_gmt":"2023-08-04T02:17:27","slug":"feria-agroproductiva-en-san-juan-3","status":"publish","type":"post","link":"https:\/\/vocesparalelas.com.ar\/sitio\/feria-agroproductiva-en-san-juan-3\/","title":{"rendered":"Feria Agroproductiva en San Juan"},"content":{"rendered":"<p>Los interesados pueden adquirir frutas, verduras, productos org\u00e1nicos, huevos, aceites, conservas, plantas y dem\u00e1s productos en la Feria Agroproductiva San Juan, el S\u00e1bado, 5 de Agosto, de 9 a 14 horas en el Paseo de Las Palmeras del Parque de Mayo, Urquiza y San Luis.<\/p>\n<p>Esta iniciativa surge del Ministerio de Producci\u00f3n y Desarrollo Econ\u00f3mico del Gobierno de San Juan a trav\u00e9s de la Secretar\u00eda de Agricultura, Ganader\u00eda y Agroindustria en coordinaci\u00f3n con la Direcci\u00f3n de Desarrollo Agr\u00edcola.<\/p>\n<p>Adem\u00e1s de realizar compras de calidad, los presentes pueden participar de una clase de yoga a cargo de la Asociaci\u00f3n Sanjuanina de Yoga en la Educaci\u00f3n, como as\u00ed tambi\u00e9n disfrutar de m\u00fasica y sorteos de productos de los feriantes.<\/p>\n<p>Este evento naci\u00f3 como una actividad para celebrar el D\u00eda del Productor, que se conmemora en el mes de septiembre. Debido al gran \u00e9xito que tuvo esa primera edici\u00f3n, es que se decidi\u00f3 su continuidad con una fecha fija. Esto la convierte en una alternativa de inter\u00e9s no s\u00f3lo desde el punto de vista econ\u00f3mico para los productores, sino tambi\u00e9n genera la posibilidad para el consumidor de recibir productos de calidad a precios m\u00e1s accesibles.<\/p>\n<p><iframe loading=\"lazy\" title=\"FERIA AGROPRODUCTIVA SAN JUAN\" width=\"800\" height=\"450\" src=\"https:\/\/www.youtube.com\/embed\/OV0vMG_G7Wc?feature=oembed\" frameborder=\"0\" allow=\"accelerometer; autoplay; clipboard-write; encrypted-media; gyroscope; picture-in-picture; web-share\" allowfullscreen><\/iframe><\/p>\n<p>&nbsp;<\/p>\n","protected":false},"excerpt":{"rendered":"<p>Los interesados pueden adquirir frutas, verduras, productos org\u00e1nicos, huevos, aceites, conservas, plantas y dem\u00e1s productos en la Feria Agroproductiva San<\/p>\n","protected":false},"author":3,"featured_media":23443,"comment_status":"closed","ping_status":"closed","sticky":false,"template":"","format":"standard","meta":{"_acf_changed":false,"_seopress_robots_primary_cat":"none","_seopress_titles_title":"","_seopress_titles_desc":"","_seopress_robots_index":"","colormag_page_container_layout":"default_layout","colormag_page_sidebar_layout":"default_layout","footnotes":""},"categories":[6,7],"tags":[],"class_list":["post-61833","post","type-post","status-publish","format-standard","has-post-thumbnail","hentry","category-eventos","category-videos"],"acf":[],"_links":{"self":[{"href":"https:\/\/vocesparalelas.com.ar\/sitio\/wp-json\/wp\/v2\/posts\/61833","targetHints":{"allow":["GET"]}}],"collection":[{"href":"https:\/\/vocesparalelas.com.ar\/sitio\/wp-json\/wp\/v2\/posts"}],"about":[{"href":"https:\/\/vocesparalelas.com.ar\/sitio\/wp-json\/wp\/v2\/types\/post"}],"author":[{"embeddable":true,"href":"https:\/\/vocesparalelas.com.ar\/sitio\/wp-json\/wp\/v2\/users\/3"}],"replies":[{"embeddable":true,"href":"https:\/\/vocesparalelas.com.ar\/sitio\/wp-json\/wp\/v2\/comments?post=61833"}],"version-history":[{"count":2,"href":"https:\/\/vocesparalelas.com.ar\/sitio\/wp-json\/wp\/v2\/posts\/61833\/revisions"}],"predecessor-version":[{"id":61859,"href":"https:\/\/vocesparalelas.com.ar\/sitio\/wp-json\/wp\/v2\/posts\/61833\/revisions\/61859"}],"wp:featuredmedia":[{"embeddable":true,"href":"https:\/\/vocesparalelas.com.ar\/sitio\/wp-json\/wp\/v2\/media\/23443"}],"wp:attachment":[{"href":"https:\/\/vocesparalelas.com.ar\/sitio\/wp-json\/wp\/v2\/media?parent=61833"}],"wp:term":[{"taxonomy":"category","embeddable":true,"href":"https:\/\/vocesparalelas.com.ar\/sitio\/wp-json\/wp\/v2\/categories?post=61833"},{"taxonomy":"post_tag","embeddable":true,"href":"https:\/\/vocesparalelas.com.ar\/sitio\/wp-json\/wp\/v2\/tags?post=61833"}],"curies":[{"name":"wp","href":"https:\/\/api.w.org\/{rel}","templated":true}]}}