{"id":61804,"date":"2023-07-31T20:57:58","date_gmt":"2023-07-31T23:57:58","guid":{"rendered":"https:\/\/vocesparalelas.com.ar\/sitio\/?p=61804"},"modified":"2023-08-04T00:50:29","modified_gmt":"2023-08-04T03:50:29","slug":"presentaron-el-libro-sarmiento-sin-prejuicios-de-obrero-minero-a-presidente-de-la-nacion","status":"publish","type":"post","link":"https:\/\/vocesparalelas.com.ar\/sitio\/presentaron-el-libro-sarmiento-sin-prejuicios-de-obrero-minero-a-presidente-de-la-nacion\/","title":{"rendered":"Presentaron el libro \u201cSarmiento sin prejuicios \u2013 De obrero minero a Presidente de la Naci\u00f3n\u201d"},"content":{"rendered":"<div class=\"itemFullText jbintrotext\">\n<p>El Auditorio Emar Acosta del edificio Anexo de la Legislatura de San Juan fue el escenario dispuesto para la presentaci\u00f3n del libro del actual ministro de la Corte de Justicia, Dr. Marcelo Jorge Lima bajo el t\u00edtulo \u201cSarmiento sin prejuicios \u2013 De obrero minero a Presidente de la Naci\u00f3n\u201d, editado por el Fondo Editorial y que cont\u00f3 con la presencia del vicegobernador y presidente nato de la C\u00e1mara de Diputados, Roberto Gattoni.<\/p>\n<\/div>\n<div class=\"itemFullText\">\n<p>En la ocasi\u00f3n, asistieron el presidente de la Corte de Justicia, Guillermo De Sanctis y los cortistas Adriana Garc\u00eda Nieto, Daniel Olivares Yapur y Juan Jos\u00e9 Victoria; el diputado nacional Jos\u00e9 Luis Gioja; las diputadas provinciales Celina Ramella, Fernanda Paredes y los legisladores Jos\u00e9 Luis Esteve, Mario Romero, Horacio Quiroga, Juan Carlos Gioja y Edgardo Sancassani; los secretarios Legislativo, Nicol\u00e1s Alvo y Administrativo, Roberto Iglesias; el Defensor del Pueblo, Pablo Garc\u00eda Nieto; el director de la Casa de San Juan en Buenos Aires, Juan Gabriel D\u00e1vila; jueces y funcionarios del Poder Judicial; invitados especiales, familiares, invitados especiales y p\u00fablico en general.<\/p>\n<figure id=\"attachment_61808\" aria-describedby=\"caption-attachment-61808\" style=\"width: 800px\" class=\"wp-caption alignnone\"><img loading=\"lazy\" decoding=\"async\" class=\"size-full wp-image-61808\" src=\"https:\/\/vocesparalelas.com.ar\/sitio\/wp-content\/uploads\/2023\/07\/CDSJ-LIBRO-CORTE-01.jpg\" alt=\"\" width=\"800\" height=\"534\" srcset=\"https:\/\/vocesparalelas.com.ar\/sitio\/wp-content\/uploads\/2023\/07\/CDSJ-LIBRO-CORTE-01.jpg 800w, https:\/\/vocesparalelas.com.ar\/sitio\/wp-content\/uploads\/2023\/07\/CDSJ-LIBRO-CORTE-01-300x200.jpg 300w, https:\/\/vocesparalelas.com.ar\/sitio\/wp-content\/uploads\/2023\/07\/CDSJ-LIBRO-CORTE-01-768x513.jpg 768w\" sizes=\"auto, (max-width: 800px) 100vw, 800px\" \/><figcaption id=\"caption-attachment-61808\" class=\"wp-caption-text\">presidente de la Corte de Justicia, Dr. Guillermo De Sanctis y los cortistas Dra. Adriana Garc\u00eda Nieto, Dr. Daniel Olivares Yapur y Dr. Juan Jos\u00e9 Victoria. junto al Dr. Marcelo Lima y el CPN Roberto Gattoni<\/figcaption><\/figure>\n<p>Tras la constituci\u00f3n de la mesa de autoridades integrada por el vicegobernador Roberto Gattoni; Marcelo Jorge Lima y el doctor honoris causa, Eduardo Pe\u00f1afort, hizo uso de la palabra en primer t\u00e9rmino el titular del Poder Legislativo, quien destac\u00f3 el apoyo institucional de la C\u00e1mara de Diputados a la publicaci\u00f3n sobre el pr\u00f3cer sanjuanino; a continuaci\u00f3n, lo hizo Pe\u00f1afort quien a su vez realiz\u00f3 el pr\u00f3logo del libro y formul\u00f3 un an\u00e1lisis de la publicaci\u00f3n y acerc\u00f3 a los presentes una interpretaci\u00f3n de la obra y, por \u00faltimo, fue el autor quien puso de manifiesto algunas curiosidades y detalles respecto de la vida de Domingo Sarmiento.<\/p>\n<p><strong><span style=\"color: #800080;\">El libro<\/span><\/strong><\/p>\n<p>El autor nos presenta en esta obra a un Sarmiento pol\u00e9mico, analizado a la luz de diversas miradas, lo que posibilita el acercamiento del lector a las opiniones vertidas por pensadores de un amplio espectro que abarca desde el liberalismo cl\u00e1sico, el nacionalismo hasta la extrema izquierda.<\/p>\n<p>En sus p\u00e1ginas advertimos la presencia de una biograf\u00eda elemental que da cuenta de su formaci\u00f3n autodidacta y de sus m\u00faltiples facetas y actividades: obrero minero, tendero, pe\u00f3n de bodega o periodista. Todas ellas le permitieron adquirir una amplia comprensi\u00f3n de las realidades pol\u00edticas y sociales de la \u00e9poca y encaminarse as\u00ed, a la construcci\u00f3n de un proyecto pol\u00edtico que lo conducir\u00eda a ser Presidente de la Naci\u00f3n.<\/p>\n<p>No escapa a este texto el an\u00e1lisis de algunas piezas literarias que en realidad poseen, como as\u00ed lo expresa el mismo autor, una finalidad extraliteraria.<\/p>\n<p>Sin duda alguna, esta obra nos permite conocer a un hombre, que m\u00e1s all\u00e1 de su condici\u00f3n pol\u00e9mica fue protagonista indiscutible de la construcci\u00f3n de nuestra naci\u00f3n.<\/p>\n<\/div>\n<p>&nbsp;<\/p>\n<p>&nbsp;<\/p>\n<p><iframe loading=\"lazy\" title=\"Presentaci\u00f3n en la Legislatura de libro de Marcelo Lima\" width=\"800\" height=\"450\" src=\"https:\/\/www.youtube.com\/embed\/ehsb_euQd_s?feature=oembed\" frameborder=\"0\" allow=\"accelerometer; autoplay; clipboard-write; encrypted-media; gyroscope; picture-in-picture; web-share\" allowfullscreen><\/iframe><\/p>\n","protected":false},"excerpt":{"rendered":"<p>El Auditorio Emar Acosta del edificio Anexo de la Legislatura de San Juan fue el escenario dispuesto para la presentaci\u00f3n<\/p>\n","protected":false},"author":3,"featured_media":61814,"comment_status":"closed","ping_status":"closed","sticky":false,"template":"","format":"standard","meta":{"_acf_changed":false,"_seopress_robots_primary_cat":"none","_seopress_titles_title":"","_seopress_titles_desc":"","_seopress_robots_index":"","colormag_page_container_layout":"default_layout","colormag_page_sidebar_layout":"default_layout","footnotes":""},"categories":[10,7],"tags":[],"class_list":["post-61804","post","type-post","status-publish","format-standard","has-post-thumbnail","hentry","category-opiniones","category-videos"],"acf":[],"_links":{"self":[{"href":"https:\/\/vocesparalelas.com.ar\/sitio\/wp-json\/wp\/v2\/posts\/61804","targetHints":{"allow":["GET"]}}],"collection":[{"href":"https:\/\/vocesparalelas.com.ar\/sitio\/wp-json\/wp\/v2\/posts"}],"about":[{"href":"https:\/\/vocesparalelas.com.ar\/sitio\/wp-json\/wp\/v2\/types\/post"}],"author":[{"embeddable":true,"href":"https:\/\/vocesparalelas.com.ar\/sitio\/wp-json\/wp\/v2\/users\/3"}],"replies":[{"embeddable":true,"href":"https:\/\/vocesparalelas.com.ar\/sitio\/wp-json\/wp\/v2\/comments?post=61804"}],"version-history":[{"count":1,"href":"https:\/\/vocesparalelas.com.ar\/sitio\/wp-json\/wp\/v2\/posts\/61804\/revisions"}],"predecessor-version":[{"id":61809,"href":"https:\/\/vocesparalelas.com.ar\/sitio\/wp-json\/wp\/v2\/posts\/61804\/revisions\/61809"}],"wp:featuredmedia":[{"embeddable":true,"href":"https:\/\/vocesparalelas.com.ar\/sitio\/wp-json\/wp\/v2\/media\/61814"}],"wp:attachment":[{"href":"https:\/\/vocesparalelas.com.ar\/sitio\/wp-json\/wp\/v2\/media?parent=61804"}],"wp:term":[{"taxonomy":"category","embeddable":true,"href":"https:\/\/vocesparalelas.com.ar\/sitio\/wp-json\/wp\/v2\/categories?post=61804"},{"taxonomy":"post_tag","embeddable":true,"href":"https:\/\/vocesparalelas.com.ar\/sitio\/wp-json\/wp\/v2\/tags?post=61804"}],"curies":[{"name":"wp","href":"https:\/\/api.w.org\/{rel}","templated":true}]}}