{"id":61715,"date":"2023-07-27T23:25:02","date_gmt":"2023-07-28T02:25:02","guid":{"rendered":"https:\/\/vocesparalelas.com.ar\/sitio\/?p=61715"},"modified":"2023-07-28T22:20:16","modified_gmt":"2023-07-29T01:20:16","slug":"convocatoria-becas-de-apoyo-economico-para-el-desempeno-academico-en-la-unsj","status":"publish","type":"post","link":"https:\/\/vocesparalelas.com.ar\/sitio\/convocatoria-becas-de-apoyo-economico-para-el-desempeno-academico-en-la-unsj\/","title":{"rendered":"Convocatoria \u00abBecas de Apoyo Econ\u00f3mico para el Desempe\u00f1o Acad\u00e9mico\u00bb en la UNSJ"},"content":{"rendered":"<p>La Direcci\u00f3n de Servicio Social de la Universidad Nacional de San Juan abre la convocatoria para la reconsideraci\u00f3n de las Becas de Apoyo Econ\u00f3mico para el Desempe\u00f1o Acad\u00e9mico. Ser\u00e1 desde el 31 de julio hasta el 11 de agosto, en los horarios y d\u00edas establecidos por Unidad Acad\u00e9mica seg\u00fan cronograma adjunto.<\/p>\n<p><span style=\"color: #339966;\"><strong>\u00bfQui\u00e9nes pueden reconsiderar?<\/strong><\/span><\/p>\n<p>Aquellas y aquellos estudiantes tanto regulares como ingresantes de las distintas Facultades y\/o Institutos Preuniversitarios que se inscribieron a becas para el desempe\u00f1o acad\u00e9mico en el periodo correspondiente y no resultaron becados 2023.<\/p>\n<p><span style=\"color: #339966;\"><strong>\u00bfCu\u00e1ndo son la etapa de reconsideraci\u00f3n?<\/strong><\/span><\/p>\n<p>Se desarrolla durante dos semanas, en dependencias de la Direcci\u00f3n de Servicio Social (Av. Libertador Gral. San Mart\u00edn 1109 Oeste) seg\u00fan cronograma.<\/p>\n<p><span style=\"color: #339966;\"><strong>\u00bfCu\u00e1les son los requisitos que deben cumplir?<\/strong><\/span><\/p>\n<p>Los y las estudiantes deber\u00e1n presentar en la Direcci\u00f3n toda la documentaci\u00f3n requerida (actualizada) en un folio, seg\u00fan\u00a0se detalla en PDF adjunto.<\/p>\n<p><a href=\"https:\/\/vocesparalelas.com.ar\/sitio\/wp-content\/uploads\/2023\/07\/UNSJ-RequisitosyCron_7400_053.pdf\">UNSJ-RequisitosyCron_7400_053<\/a><\/p>\n<p>Para descargar planillas de declaraci\u00f3n jurada de ingresos y grupo familiar<\/p>\n<p><a href=\"https:\/\/linktr.ee\/bienestar_unsj\">https:\/\/linktr.ee\/bienestar_unsj<\/a><\/p>\n<p><span style=\"color: #339966;\"><strong>Importante<\/strong><\/span><\/p>\n<p>Los y las alumnas de los departamentos de J\u00e1chal, Calingasta e Iglesia\u00a0deber\u00e1n entregar folio con la documentaci\u00f3n al coordinador de la sede en donde cursan.<\/p>\n<p><img loading=\"lazy\" decoding=\"async\" class=\"alignnone size-full wp-image-53945\" src=\"https:\/\/vocesparalelas.com.ar\/sitio\/wp-content\/uploads\/2022\/10\/UNSJ-LOGO-50-FINAL.jpg\" alt=\"\" width=\"800\" height=\"476\" srcset=\"https:\/\/vocesparalelas.com.ar\/sitio\/wp-content\/uploads\/2022\/10\/UNSJ-LOGO-50-FINAL.jpg 800w, https:\/\/vocesparalelas.com.ar\/sitio\/wp-content\/uploads\/2022\/10\/UNSJ-LOGO-50-FINAL-300x179.jpg 300w, https:\/\/vocesparalelas.com.ar\/sitio\/wp-content\/uploads\/2022\/10\/UNSJ-LOGO-50-FINAL-768x457.jpg 768w\" sizes=\"auto, (max-width: 800px) 100vw, 800px\" \/> <img loading=\"lazy\" decoding=\"async\" class=\"alignnone size-full wp-image-54035\" src=\"https:\/\/vocesparalelas.com.ar\/sitio\/wp-content\/uploads\/2022\/11\/UNSJ-LOGO-10.jpg\" alt=\"\" width=\"800\" height=\"533\" srcset=\"https:\/\/vocesparalelas.com.ar\/sitio\/wp-content\/uploads\/2022\/11\/UNSJ-LOGO-10.jpg 800w, https:\/\/vocesparalelas.com.ar\/sitio\/wp-content\/uploads\/2022\/11\/UNSJ-LOGO-10-300x200.jpg 300w, https:\/\/vocesparalelas.com.ar\/sitio\/wp-content\/uploads\/2022\/11\/UNSJ-LOGO-10-768x512.jpg 768w\" sizes=\"auto, (max-width: 800px) 100vw, 800px\" \/><\/p>\n","protected":false},"excerpt":{"rendered":"<p>La Direcci\u00f3n de Servicio Social de la Universidad Nacional de San Juan abre la convocatoria para la reconsideraci\u00f3n de las<\/p>\n","protected":false},"author":3,"featured_media":26239,"comment_status":"closed","ping_status":"closed","sticky":false,"template":"","format":"standard","meta":{"_acf_changed":false,"_seopress_robots_primary_cat":"none","_seopress_titles_title":"","_seopress_titles_desc":"","_seopress_robots_index":"","colormag_page_container_layout":"default_layout","colormag_page_sidebar_layout":"default_layout","footnotes":""},"categories":[2],"tags":[],"class_list":["post-61715","post","type-post","status-publish","format-standard","has-post-thumbnail","hentry","category-convocatorias"],"acf":[],"_links":{"self":[{"href":"https:\/\/vocesparalelas.com.ar\/sitio\/wp-json\/wp\/v2\/posts\/61715","targetHints":{"allow":["GET"]}}],"collection":[{"href":"https:\/\/vocesparalelas.com.ar\/sitio\/wp-json\/wp\/v2\/posts"}],"about":[{"href":"https:\/\/vocesparalelas.com.ar\/sitio\/wp-json\/wp\/v2\/types\/post"}],"author":[{"embeddable":true,"href":"https:\/\/vocesparalelas.com.ar\/sitio\/wp-json\/wp\/v2\/users\/3"}],"replies":[{"embeddable":true,"href":"https:\/\/vocesparalelas.com.ar\/sitio\/wp-json\/wp\/v2\/comments?post=61715"}],"version-history":[{"count":3,"href":"https:\/\/vocesparalelas.com.ar\/sitio\/wp-json\/wp\/v2\/posts\/61715\/revisions"}],"predecessor-version":[{"id":61731,"href":"https:\/\/vocesparalelas.com.ar\/sitio\/wp-json\/wp\/v2\/posts\/61715\/revisions\/61731"}],"wp:featuredmedia":[{"embeddable":true,"href":"https:\/\/vocesparalelas.com.ar\/sitio\/wp-json\/wp\/v2\/media\/26239"}],"wp:attachment":[{"href":"https:\/\/vocesparalelas.com.ar\/sitio\/wp-json\/wp\/v2\/media?parent=61715"}],"wp:term":[{"taxonomy":"category","embeddable":true,"href":"https:\/\/vocesparalelas.com.ar\/sitio\/wp-json\/wp\/v2\/categories?post=61715"},{"taxonomy":"post_tag","embeddable":true,"href":"https:\/\/vocesparalelas.com.ar\/sitio\/wp-json\/wp\/v2\/tags?post=61715"}],"curies":[{"name":"wp","href":"https:\/\/api.w.org\/{rel}","templated":true}]}}