{"id":61706,"date":"2023-07-27T22:59:28","date_gmt":"2023-07-28T01:59:28","guid":{"rendered":"https:\/\/vocesparalelas.com.ar\/sitio\/?p=61706"},"modified":"2023-07-28T23:25:38","modified_gmt":"2023-07-29T02:25:38","slug":"concierto-volver-a-los-80-junto-a-la-camerata-san-juan","status":"publish","type":"post","link":"https:\/\/vocesparalelas.com.ar\/sitio\/concierto-volver-a-los-80-junto-a-la-camerata-san-juan\/","title":{"rendered":"Concierto \u201cVolver a los 80\u201d junto a La Camerata San Juan"},"content":{"rendered":"<p>El Domingo, 30 de Julio, a las 20 y 21:30 hs. en el Auditorio Juan Victoria, el p\u00fablico puede disfrutar el concierto \u201cVolver a los 80\u201d junto a La Camerata, con canciones cl\u00e1sicas de esa d\u00e9cada, la agrupaci\u00f3n dependiente del Ministerio de Turismo y Cultura del Gobierno de San Juan.<\/p>\n<p>Durante poco m\u00e1s de una hora,\u00a0el repertorio incluye m\u00faltiples g\u00e9neros y estilos\u00a0de cantantes como Whitney Houston, Madonna, Sting, Stevie Wonder, Phil Collins, Michael Jackson, Peter Gabriel y Prince.<\/p>\n<p>Con arreglos especiales para la orquesta a cargo de Enzo P\u00e9rez, guitarrista de la agrupaci\u00f3n, los asistentes pueden disfrutar en vivo muchos de los hits que hoy suenan en las listas de reproducciones.<\/p>\n<p>En esta oportunidad,\u00a0Melisa Quiroga y Juanse Arano son los invitados que con la voz\u00a0al cancionero que forma parte de esta propuesta.<\/p>\n<p>Las entradas de $500 para el concierto de las 21:30 hs pueden adquirirse en<\/p>\n<p><a href=\"https:\/\/www.tuentrada.com\/eventos\/detalle\/Camerata-volver-a-los-80\/355708691388\">https:\/\/www.tuentrada.com\/eventos\/detalle\/Camerata-volver-a-los-80\/355708691388<\/a><\/p>\n<p>Cabe destacar que\u00a0los tickets para las 20 hs est\u00e1n agotados.<\/p>\n<p><img loading=\"lazy\" decoding=\"async\" class=\"alignnone size-full wp-image-61468\" src=\"https:\/\/vocesparalelas.com.ar\/sitio\/wp-content\/uploads\/2023\/07\/AUDITORIO-EDIFICIO.jpg\" alt=\"\" width=\"800\" height=\"533\" srcset=\"https:\/\/vocesparalelas.com.ar\/sitio\/wp-content\/uploads\/2023\/07\/AUDITORIO-EDIFICIO.jpg 800w, https:\/\/vocesparalelas.com.ar\/sitio\/wp-content\/uploads\/2023\/07\/AUDITORIO-EDIFICIO-300x200.jpg 300w, https:\/\/vocesparalelas.com.ar\/sitio\/wp-content\/uploads\/2023\/07\/AUDITORIO-EDIFICIO-768x512.jpg 768w\" sizes=\"auto, (max-width: 800px) 100vw, 800px\" \/><\/p>\n","protected":false},"excerpt":{"rendered":"<p>El Domingo, 30 de Julio, a las 20 y 21:30 hs. en el Auditorio Juan Victoria, el p\u00fablico puede disfrutar<\/p>\n","protected":false},"author":3,"featured_media":61709,"comment_status":"closed","ping_status":"closed","sticky":false,"template":"","format":"standard","meta":{"_acf_changed":false,"_seopress_robots_primary_cat":"none","_seopress_titles_title":"","_seopress_titles_desc":"","_seopress_robots_index":"","colormag_page_container_layout":"default_layout","colormag_page_sidebar_layout":"default_layout","footnotes":""},"categories":[20],"tags":[],"class_list":["post-61706","post","type-post","status-publish","format-standard","has-post-thumbnail","hentry","category-cartelera"],"acf":[],"_links":{"self":[{"href":"https:\/\/vocesparalelas.com.ar\/sitio\/wp-json\/wp\/v2\/posts\/61706","targetHints":{"allow":["GET"]}}],"collection":[{"href":"https:\/\/vocesparalelas.com.ar\/sitio\/wp-json\/wp\/v2\/posts"}],"about":[{"href":"https:\/\/vocesparalelas.com.ar\/sitio\/wp-json\/wp\/v2\/types\/post"}],"author":[{"embeddable":true,"href":"https:\/\/vocesparalelas.com.ar\/sitio\/wp-json\/wp\/v2\/users\/3"}],"replies":[{"embeddable":true,"href":"https:\/\/vocesparalelas.com.ar\/sitio\/wp-json\/wp\/v2\/comments?post=61706"}],"version-history":[{"count":1,"href":"https:\/\/vocesparalelas.com.ar\/sitio\/wp-json\/wp\/v2\/posts\/61706\/revisions"}],"predecessor-version":[{"id":61710,"href":"https:\/\/vocesparalelas.com.ar\/sitio\/wp-json\/wp\/v2\/posts\/61706\/revisions\/61710"}],"wp:featuredmedia":[{"embeddable":true,"href":"https:\/\/vocesparalelas.com.ar\/sitio\/wp-json\/wp\/v2\/media\/61709"}],"wp:attachment":[{"href":"https:\/\/vocesparalelas.com.ar\/sitio\/wp-json\/wp\/v2\/media?parent=61706"}],"wp:term":[{"taxonomy":"category","embeddable":true,"href":"https:\/\/vocesparalelas.com.ar\/sitio\/wp-json\/wp\/v2\/categories?post=61706"},{"taxonomy":"post_tag","embeddable":true,"href":"https:\/\/vocesparalelas.com.ar\/sitio\/wp-json\/wp\/v2\/tags?post=61706"}],"curies":[{"name":"wp","href":"https:\/\/api.w.org\/{rel}","templated":true}]}}