{"id":61656,"date":"2023-07-26T20:33:16","date_gmt":"2023-07-26T23:33:16","guid":{"rendered":"https:\/\/vocesparalelas.com.ar\/sitio\/?p=61656"},"modified":"2023-07-26T22:02:58","modified_gmt":"2023-07-27T01:02:58","slug":"sumate-a-los-juegos-intercolegiales-san-juan-2023-porque-las-inscripciones-se-amplian-hasta-el-4-de-agosto","status":"publish","type":"post","link":"https:\/\/vocesparalelas.com.ar\/sitio\/sumate-a-los-juegos-intercolegiales-san-juan-2023-porque-las-inscripciones-se-amplian-hasta-el-4-de-agosto\/","title":{"rendered":"Sumate a los Juegos Intercolegiales San Juan 2023 porque las inscripciones se ampl\u00edan hasta el 4 de Agosto"},"content":{"rendered":"<p>El 8 de Agosto comienza la competencia Juegos Intercolegiales en San Juan 2023. Es importante recordar que, en 2022, el programa reuni\u00f3 a 35 mil estudiantes de la provincia.<\/p>\n<p>Luego, del receso escolar por vacaciones de invierno, donde el Ciclo Lectivo vigente fue reanudado el Lunes, 24 de Julio, desde los Juegos Intercolegiales, de la Secretar\u00eda de Deportes de San Juan informaron que se\u00a0ampl\u00edan el plazo de inscripciones para la edici\u00f3n 2023\u00a0de esta competencia que nuclea a los\u00a019 departamentos\u00a0de la provincia.<\/p>\n<p>En primera instancia, el tiempo m\u00e1ximo para inscribirse era hasta el Mi\u00e9rcoles, 26 Julio; finalmente, la fecha de cierre fue pospuesta para el Viernes, 4 de Agosto inclusive. Es decir, todos los interesados tienen diez d\u00edas m\u00e1s para anotarse.<\/p>\n<p>La medida tomada por la organizaci\u00f3n de los Juegos se debe principalmente para que este\u00a0tiempo extra pueda compensar la cantidad de d\u00edas donde los estudiantes no asistieron a clases por las vacaciones de invierno. Tambi\u00e9n, debido a la demanda solicitada por parte de las escuelas, de gesti\u00f3n p\u00fablica y privada, de primaria o secundaria, que anualmente participan de los Intercolegiales.<\/p>\n<p>Por otro lado, es necesario resaltar que las acreditaciones para la edici\u00f3n entrante es hasta el Lunes, 7 de Agosto; y que el inicio de la competencia comienza desde el Martes, 8 de Julio.<\/p>\n<p>Los ni\u00f1os, las ni\u00f1as y los adolescentes de San Juan que quieran ser parte de los Juegos Intercolegiales 2023, competencia respaldada con fuerza de Ley 1615 por la C\u00e1mara de Diputados provincial en 2017, pueden participar en los siguientes deportes:<\/p>\n<ul>\n<li>ajedrez,<\/li>\n<li>atletismo,<\/li>\n<li>baloncesto,<\/li>\n<li>cestoball,<\/li>\n<li>ciclismo,<\/li>\n<li>cultura,<\/li>\n<li>e-sports,<\/li>\n<li>f\u00fatbol,<\/li>\n<li>hockey sobre patines,<\/li>\n<li>balonmano,<\/li>\n<li>pat\u00edn carrera y<\/li>\n<li>v\u00f3ley.<\/li>\n<\/ul>\n<p>Para inscribirse se debe ingresar a la p\u00e1gina web de Deportes<\/p>\n<p><a href=\"http:\/\/www.deportessanjuan.com.ar\/\">www.deportessanjuan.com.ar<\/a><\/p>\n<p>y dirigirse a la secci\u00f3n Intercolegiales. O bien, hacer click en inscripciones.<\/p>\n<p>Una vez que se ingresa a la p\u00e1gina, est\u00e1 visible la etiqueta<\/p>\n<p><a href=\"https:\/\/www.deportessanjuan.ar\/index.php\/deportes\/juegos\/intercolegiales\">https:\/\/www.deportessanjuan.ar\/index.php\/deportes\/juegos\/intercolegiales<\/a><\/p>\n<p>Aparecen visibles todos los deportes y haciendo click en cada uno figura los requisitos necesarios a cumplir para participar.<\/p>\n<p><img loading=\"lazy\" decoding=\"async\" class=\"alignnone size-large wp-image-22020\" src=\"https:\/\/vocesparalelas.com.ar\/sitio\/wp-content\/uploads\/2019\/07\/MASCOTA-INTERCOLEGIALES-800x531.jpg\" alt=\"\" width=\"800\" height=\"531\" srcset=\"https:\/\/vocesparalelas.com.ar\/sitio\/wp-content\/uploads\/2019\/07\/MASCOTA-INTERCOLEGIALES-800x531.jpg 800w, https:\/\/vocesparalelas.com.ar\/sitio\/wp-content\/uploads\/2019\/07\/MASCOTA-INTERCOLEGIALES-300x199.jpg 300w, https:\/\/vocesparalelas.com.ar\/sitio\/wp-content\/uploads\/2019\/07\/MASCOTA-INTERCOLEGIALES-768x510.jpg 768w, https:\/\/vocesparalelas.com.ar\/sitio\/wp-content\/uploads\/2019\/07\/MASCOTA-INTERCOLEGIALES.jpg 1000w\" sizes=\"auto, (max-width: 800px) 100vw, 800px\" \/><\/p>\n","protected":false},"excerpt":{"rendered":"<p>El 8 de Agosto comienza la competencia Juegos Intercolegiales en San Juan 2023. Es importante recordar que, en 2022, el<\/p>\n","protected":false},"author":3,"featured_media":54410,"comment_status":"closed","ping_status":"closed","sticky":false,"template":"","format":"standard","meta":{"_acf_changed":false,"_seopress_robots_primary_cat":"none","_seopress_titles_title":"","_seopress_titles_desc":"","_seopress_robots_index":"","colormag_page_container_layout":"default_layout","colormag_page_sidebar_layout":"default_layout","footnotes":""},"categories":[1],"tags":[],"class_list":["post-61656","post","type-post","status-publish","format-standard","has-post-thumbnail","hentry","category-destacadas"],"acf":[],"_links":{"self":[{"href":"https:\/\/vocesparalelas.com.ar\/sitio\/wp-json\/wp\/v2\/posts\/61656","targetHints":{"allow":["GET"]}}],"collection":[{"href":"https:\/\/vocesparalelas.com.ar\/sitio\/wp-json\/wp\/v2\/posts"}],"about":[{"href":"https:\/\/vocesparalelas.com.ar\/sitio\/wp-json\/wp\/v2\/types\/post"}],"author":[{"embeddable":true,"href":"https:\/\/vocesparalelas.com.ar\/sitio\/wp-json\/wp\/v2\/users\/3"}],"replies":[{"embeddable":true,"href":"https:\/\/vocesparalelas.com.ar\/sitio\/wp-json\/wp\/v2\/comments?post=61656"}],"version-history":[{"count":3,"href":"https:\/\/vocesparalelas.com.ar\/sitio\/wp-json\/wp\/v2\/posts\/61656\/revisions"}],"predecessor-version":[{"id":61661,"href":"https:\/\/vocesparalelas.com.ar\/sitio\/wp-json\/wp\/v2\/posts\/61656\/revisions\/61661"}],"wp:featuredmedia":[{"embeddable":true,"href":"https:\/\/vocesparalelas.com.ar\/sitio\/wp-json\/wp\/v2\/media\/54410"}],"wp:attachment":[{"href":"https:\/\/vocesparalelas.com.ar\/sitio\/wp-json\/wp\/v2\/media?parent=61656"}],"wp:term":[{"taxonomy":"category","embeddable":true,"href":"https:\/\/vocesparalelas.com.ar\/sitio\/wp-json\/wp\/v2\/categories?post=61656"},{"taxonomy":"post_tag","embeddable":true,"href":"https:\/\/vocesparalelas.com.ar\/sitio\/wp-json\/wp\/v2\/tags?post=61656"}],"curies":[{"name":"wp","href":"https:\/\/api.w.org\/{rel}","templated":true}]}}