{"id":61609,"date":"2023-07-25T19:36:47","date_gmt":"2023-07-25T22:36:47","guid":{"rendered":"https:\/\/vocesparalelas.com.ar\/sitio\/?p=61609"},"modified":"2023-07-25T19:36:47","modified_gmt":"2023-07-25T22:36:47","slug":"certificado-de-producto-del-compre-sanjuanino-en-san-juan","status":"publish","type":"post","link":"https:\/\/vocesparalelas.com.ar\/sitio\/certificado-de-producto-del-compre-sanjuanino-en-san-juan\/","title":{"rendered":"Certificado de Producto del Compre Sanjuanino en San Juan"},"content":{"rendered":"<p>Despu\u00e9s de un arduo trabajo entre el sector p\u00fablico y el privado, el Ministerio de Producci\u00f3n y Desarrollo Econ\u00f3mico del Gobierno de San Juan dej\u00f3 aceitado el mecanismo para otorgar el Certificado de Producto del Compre Sanjuanino, y seg\u00fan c\u00e1lculos del sector privado esto significa que hasta unos $5000 millones puedan quedar en la provincia, ya que las empresas que cuenten con este certificado tienen ventajas en las compras del Estado provincial.<\/p>\n<p>Al respecto, el ministro de Producci\u00f3n, Ing. Ariel Lucero, destac\u00f3 que el Certificado de Producto incluido en la Ley 2135-A Compre Sanjuanino, se trabaj\u00f3 en forma conjunta con las industrias locales, \u201ctodos los que re\u00fanan los requisitos pueden tramitar este certificado ya que junto con el Certificado de Establecimiento otorga ventajas competitivas frente a una licitaci\u00f3n provincial\u201d.<\/p>\n<p>Desde la Uni\u00f3n Industrial de San Juan aseguraron que el gobierno provincial destin\u00f3 el \u00faltimo a\u00f1o $40.000 millones a la compra de bienes (sin servicios), de los cuales actualmente quedan en industrias locales unos $300 millones, pero con este certificado estimaron que se podr\u00eda llegar a destinar $ 5.000 millones aproximadamente a empresas locales, generando un fuerte impacto en la econom\u00eda.<\/p>\n<p>La titular de la Secretar\u00eda de Industria, Comercio y Servicios, CPN Adriana Vargas, cont\u00f3 que la semana pasada se realiz\u00f3 una reuni\u00f3n con representantes de unas 20 empresas locales interesadas en conocer m\u00e1s detalles del procedimiento para obtener el certificado, all\u00ed acordaron que la Uni\u00f3n Industrial se sumar\u00e1 a la difusi\u00f3n para que todas las industrias puedan obtener el certificado.<\/p>\n<p>\u201cSe les inform\u00f3 que ya pueden solicitar el certificado, tambi\u00e9n se les ofreci\u00f3 un modelo est\u00e1ndar de presentaci\u00f3n y se les explic\u00f3 personalmente c\u00f3mo es el procedimiento que se trabaj\u00f3 en su momento con la Uni\u00f3n Industrial y que ya cuenta con todas las resoluciones y certificaciones para obtenerlo\u201d, dijo Vargas.<\/p>\n<p><span style=\"color: #800080;\"><strong>Sobre el Certificado de Producto<\/strong><\/span><\/p>\n<p>El Compre Sanjuanino permite a los proveedores locales gozar de los beneficios de preferencia dispuestos en la Ley 2135-A y su decreto reglamentario N\u00b0 0396-2021, para las compras y contrataciones que realice el Estado provincial. Para ello las empresas deben contar con el Certificado de Producto y el Certificado de Establecimiento.<\/p>\n<p>\u00bfQu\u00e9 se considera como producto sanjuanino? Los que cumplen con las siguientes condiciones:<\/p>\n<ul>\n<li><span style=\"color: #800080;\"><strong>Productos naturales:<\/strong><\/span>\u00a0se definen como aquellos productos nacidos y criados, o cosechados, recolectados, extra\u00eddos o aprehendidos dentro de los l\u00edmites geogr\u00e1ficos de la provincia de San Juan.<\/li>\n<li><span style=\"color: #800080;\"><strong>Productos manufacturados:<\/strong><\/span> se definen como aquellos productos que resulten de un proceso de transformaci\u00f3n, realizado dentro de los l\u00edmites geogr\u00e1ficos de la provincia de San Juan y que como resultado de dicho proceso productivo se le confiera al mismo una nueva individualidad de producto, habiendo variado sustancialmente sus caracter\u00edsticas iniciales, habiendo sido elaborados con materia prima originaria o no originaria de la provincia.<\/li>\n<li>Se excluye el mero fraccionamiento de productos a granel.<\/li>\n<\/ul>\n<p>Este proceso de transformaci\u00f3n debe ser realizado \u00edntegramente en el territorio de la provincia de San Juan, con procesos productivos de agregado de valor claros y demostrables, utilizando plantas productivas industriales radicadas en el territorio de la provincia de San Juan y afectando al menos un 75 % de mano de obra directa sanjuanina al proceso productivo espec\u00edfico mencionado.<\/p>\n<p>Para obtener el certificado el empresario\/industrial debe firmar una Declaraci\u00f3n Jurada que estar\u00e1 supeditada a la entrega de documentaci\u00f3n respaldatoria e inspecciones, bajo la supervisi\u00f3n de la autoridad de aplicaci\u00f3n, tendientes a verificar la veracidad de su contenido. En la aprobaci\u00f3n interviene la UISJ y la Direcci\u00f3n de Industria y Comercio del Ministerio.<\/p>\n<p>Las solicitudes se reciben por Mesa de Entradas de la Direcci\u00f3n de Industria y Comercio, Centro C\u00edvico, 4to piso.<\/p>\n<p>&nbsp;<\/p>\n<p>&nbsp;<\/p>\n<p>&nbsp;<\/p>\n","protected":false},"excerpt":{"rendered":"<p>Despu\u00e9s de un arduo trabajo entre el sector p\u00fablico y el privado, el Ministerio de Producci\u00f3n y Desarrollo Econ\u00f3mico del<\/p>\n","protected":false},"author":3,"featured_media":44117,"comment_status":"closed","ping_status":"closed","sticky":false,"template":"","format":"standard","meta":{"_acf_changed":false,"_seopress_robots_primary_cat":"none","_seopress_titles_title":"","_seopress_titles_desc":"","_seopress_robots_index":"","colormag_page_container_layout":"default_layout","colormag_page_sidebar_layout":"default_layout","footnotes":""},"categories":[1],"tags":[],"class_list":["post-61609","post","type-post","status-publish","format-standard","has-post-thumbnail","hentry","category-destacadas"],"acf":[],"_links":{"self":[{"href":"https:\/\/vocesparalelas.com.ar\/sitio\/wp-json\/wp\/v2\/posts\/61609","targetHints":{"allow":["GET"]}}],"collection":[{"href":"https:\/\/vocesparalelas.com.ar\/sitio\/wp-json\/wp\/v2\/posts"}],"about":[{"href":"https:\/\/vocesparalelas.com.ar\/sitio\/wp-json\/wp\/v2\/types\/post"}],"author":[{"embeddable":true,"href":"https:\/\/vocesparalelas.com.ar\/sitio\/wp-json\/wp\/v2\/users\/3"}],"replies":[{"embeddable":true,"href":"https:\/\/vocesparalelas.com.ar\/sitio\/wp-json\/wp\/v2\/comments?post=61609"}],"version-history":[{"count":1,"href":"https:\/\/vocesparalelas.com.ar\/sitio\/wp-json\/wp\/v2\/posts\/61609\/revisions"}],"predecessor-version":[{"id":61612,"href":"https:\/\/vocesparalelas.com.ar\/sitio\/wp-json\/wp\/v2\/posts\/61609\/revisions\/61612"}],"wp:featuredmedia":[{"embeddable":true,"href":"https:\/\/vocesparalelas.com.ar\/sitio\/wp-json\/wp\/v2\/media\/44117"}],"wp:attachment":[{"href":"https:\/\/vocesparalelas.com.ar\/sitio\/wp-json\/wp\/v2\/media?parent=61609"}],"wp:term":[{"taxonomy":"category","embeddable":true,"href":"https:\/\/vocesparalelas.com.ar\/sitio\/wp-json\/wp\/v2\/categories?post=61609"},{"taxonomy":"post_tag","embeddable":true,"href":"https:\/\/vocesparalelas.com.ar\/sitio\/wp-json\/wp\/v2\/tags?post=61609"}],"curies":[{"name":"wp","href":"https:\/\/api.w.org\/{rel}","templated":true}]}}