{"id":61593,"date":"2023-07-24T20:59:33","date_gmt":"2023-07-24T23:59:33","guid":{"rendered":"https:\/\/vocesparalelas.com.ar\/sitio\/?p=61593"},"modified":"2023-07-25T22:42:31","modified_gmt":"2023-07-26T01:42:31","slug":"un-canto-a-la-infancia-con-textos-de-poesias-de-gabriela-mistral","status":"publish","type":"post","link":"https:\/\/vocesparalelas.com.ar\/sitio\/un-canto-a-la-infancia-con-textos-de-poesias-de-gabriela-mistral\/","title":{"rendered":"Un canto a la infancia con textos de poes\u00edas de Gabriela Mistral"},"content":{"rendered":"<p>El Mi\u00e9rcoles, 26 de Julio, a las 21:00 hs.;\u00a0 en el Auditorio Ing. Juan Victoria, se realiza el concierto \u201cGabriela\u201d, en el marco del Ciclo de M\u00fasica de C\u00e1mara organizado por el Centro de Creaci\u00f3n Art\u00edstica Orquestal &#8211; CCAO &#8211; perteneciente a la Facultad de Filosof\u00eda, Humanidades y Artes de la UNSJ.<\/p>\n<p>La Obra \u201cGabriela\u201d est\u00e1 interpretada por un d\u00fao chileno, integrado por la soprano Natalia Vilches Lagos y por Sim\u00f3n Morgado Garrido en piano y es un canto sobre la infancia, compuesto en su totalidad por m\u00fasica con textos de poes\u00edas de Gabriela Mistral sobre la infancia y la relaci\u00f3n madre-hijo.<\/p>\n<p>Desde el CCAO, expresaron que \u201cse busca destacar los escritos de la renombrada poetisa, ensayista, profesora y Nobel chilena, que giran en torno a la tem\u00e1tica de la ni\u00f1ez y la maternidad. Dentro de su vasta literatura es notorio el enfoque y preocupaci\u00f3n que la escritora ten\u00eda hacia la infancia, la sufriente y la feliz, junto con su \u00e1vido sentido de ternura hacia la maternidad. Situaci\u00f3n por la cual Gabriela Mistral nunca deber\u00eda dejar de ser estudiada y difundida, ya que su literatura es un universo de sabidur\u00eda para la vida, la educaci\u00f3n, la espiritualidad y las artes. Y a la vez, llevar a las y los oyentes a enfocar hacia la infancia tal como la miraba Gabriela, con un sentido de responsabilidad y afecto del cual es acreedor de derecho y que no puede ser ignorada\u201d.<\/p>\n<p>\u201cCreemos que una sociedad que se precie de ser tal, no debe jam\u00e1s dejar de mirar a la ni\u00f1ez como eje central de su desarrollo, siendo en quien reposa a la responsabilidad de guiarnos hacia un mejor devenir, pero a la vez, de quienes aprendemos, y quienes suelen ser un ejemplo de c\u00f3mo debe mirarse la vida\u201d.<\/p>\n<p>Finalmente, el Centro de Creaci\u00f3n art\u00edstica Orquestal agreg\u00f3 que \u201ccabe mencionar que este proyecto es fruto de una experiencia de reflexi\u00f3n y estudio musical ejecutado en pandemia, inspirado por la realidad de la infancia vulnerada en Chile. Este fue estrenado el d\u00eda 5 de noviembre de 2021 en la Corporaci\u00f3n Sinf\u00f3nica de Concepci\u00f3n, fue presentado en la Casa del Arte de la Universidad de Concepci\u00f3n, en el Teatro de la Universidad de Concepci\u00f3n, en el Teatro B\u00edo B\u00edo y en los Artistas del Acero, siendo destacado por el p\u00fablico y por la prensa por la profundidad de su contenido, por la calidad de la m\u00fasica y de la interpretaci\u00f3n y por la puesta en escena\u201d.<\/p>\n<p><img loading=\"lazy\" decoding=\"async\" class=\"alignnone size-large wp-image-4322\" src=\"https:\/\/vocesparalelas.com.ar\/sitio\/wp-content\/uploads\/2017\/08\/SALA-AUDITORIO-3-800x600.jpg\" alt=\"\" width=\"800\" height=\"600\" srcset=\"https:\/\/vocesparalelas.com.ar\/sitio\/wp-content\/uploads\/2017\/08\/SALA-AUDITORIO-3-800x600.jpg 800w, https:\/\/vocesparalelas.com.ar\/sitio\/wp-content\/uploads\/2017\/08\/SALA-AUDITORIO-3-300x225.jpg 300w, https:\/\/vocesparalelas.com.ar\/sitio\/wp-content\/uploads\/2017\/08\/SALA-AUDITORIO-3-768x576.jpg 768w, https:\/\/vocesparalelas.com.ar\/sitio\/wp-content\/uploads\/2017\/08\/SALA-AUDITORIO-3.jpg 1024w\" sizes=\"auto, (max-width: 800px) 100vw, 800px\" \/><\/p>\n","protected":false},"excerpt":{"rendered":"<p>El Mi\u00e9rcoles, 26 de Julio, a las 21:00 hs.;\u00a0 en el Auditorio Ing. Juan Victoria, se realiza el concierto \u201cGabriela\u201d,<\/p>\n","protected":false},"author":3,"featured_media":61596,"comment_status":"closed","ping_status":"closed","sticky":false,"template":"","format":"standard","meta":{"_acf_changed":false,"_seopress_robots_primary_cat":"none","_seopress_titles_title":"","_seopress_titles_desc":"","_seopress_robots_index":"","colormag_page_container_layout":"default_layout","colormag_page_sidebar_layout":"default_layout","footnotes":""},"categories":[20],"tags":[],"class_list":["post-61593","post","type-post","status-publish","format-standard","has-post-thumbnail","hentry","category-cartelera"],"acf":[],"_links":{"self":[{"href":"https:\/\/vocesparalelas.com.ar\/sitio\/wp-json\/wp\/v2\/posts\/61593","targetHints":{"allow":["GET"]}}],"collection":[{"href":"https:\/\/vocesparalelas.com.ar\/sitio\/wp-json\/wp\/v2\/posts"}],"about":[{"href":"https:\/\/vocesparalelas.com.ar\/sitio\/wp-json\/wp\/v2\/types\/post"}],"author":[{"embeddable":true,"href":"https:\/\/vocesparalelas.com.ar\/sitio\/wp-json\/wp\/v2\/users\/3"}],"replies":[{"embeddable":true,"href":"https:\/\/vocesparalelas.com.ar\/sitio\/wp-json\/wp\/v2\/comments?post=61593"}],"version-history":[{"count":1,"href":"https:\/\/vocesparalelas.com.ar\/sitio\/wp-json\/wp\/v2\/posts\/61593\/revisions"}],"predecessor-version":[{"id":61597,"href":"https:\/\/vocesparalelas.com.ar\/sitio\/wp-json\/wp\/v2\/posts\/61593\/revisions\/61597"}],"wp:featuredmedia":[{"embeddable":true,"href":"https:\/\/vocesparalelas.com.ar\/sitio\/wp-json\/wp\/v2\/media\/61596"}],"wp:attachment":[{"href":"https:\/\/vocesparalelas.com.ar\/sitio\/wp-json\/wp\/v2\/media?parent=61593"}],"wp:term":[{"taxonomy":"category","embeddable":true,"href":"https:\/\/vocesparalelas.com.ar\/sitio\/wp-json\/wp\/v2\/categories?post=61593"},{"taxonomy":"post_tag","embeddable":true,"href":"https:\/\/vocesparalelas.com.ar\/sitio\/wp-json\/wp\/v2\/tags?post=61593"}],"curies":[{"name":"wp","href":"https:\/\/api.w.org\/{rel}","templated":true}]}}