{"id":61589,"date":"2023-07-24T20:43:02","date_gmt":"2023-07-24T23:43:02","guid":{"rendered":"https:\/\/vocesparalelas.com.ar\/sitio\/?p=61589"},"modified":"2023-07-25T22:44:23","modified_gmt":"2023-07-26T01:44:23","slug":"comienza-el-programa-san-juan-carbono-neutral-2050","status":"publish","type":"post","link":"https:\/\/vocesparalelas.com.ar\/sitio\/comienza-el-programa-san-juan-carbono-neutral-2050\/","title":{"rendered":"Comienza el Programa San Juan Carbono Neutral 2050"},"content":{"rendered":"<p>La Secretar\u00eda de Estado de Ambiente y Desarrollo Sustentable del Gobierno de San Juan tiene como objetivo implementar el \u00abPrograma San Juan Carbono Neutral 2050\u00bb en toda la provincia de San Juan. Esta iniciativa es llevada a cabo a trav\u00e9s de la Direcci\u00f3n del Centro de Educaci\u00f3n e Investigaci\u00f3n Ambiental Anchipurac, que se encarga de gestionar y coordinar las distintas facetas del programa, para que las empresas puedan obtener certificaciones sobre cu\u00e1nto emiten y tomar medidas para reducir y mitigar.<\/p>\n<p>El objetivo que se persigue con este programa es disminuir el impacto negativo generado por las diversas actividades humanas seg\u00fan los diferentes procesos implementados para sus actividades y desarrollos, est\u00e1 destinado a instituciones, industrias, organizaciones, empresas, comercios, sectores de educaci\u00f3n, construcci\u00f3n, salud, recreaci\u00f3n y pymes, todos pertenecientes a la provincia de San Juan.<\/p>\n<p><strong><span style=\"color: #339966;\">El programa contempla tres instancias:<\/span><\/strong><\/p>\n<p>1- Convocatoria: Se realiza una convocatoria para que diferentes entidades, empresas, instituciones y ciudadanos interesados puedan participar en el programa.<br \/>\n2- Adhesi\u00f3n al programa y medici\u00f3n de la Huella de Carbono: Los participantes que deseen ser parte activa del programa deben adherirse al mismo. Una vez adheridos, se llevar\u00e1 a cabo la medici\u00f3n y c\u00e1lculo de la Huella de Carbono. Este paso es esencial para determinar la cantidad de emisiones de gases de efecto invernadero que est\u00e1n produciendo y contribuyendo al cambio clim\u00e1tico.<br \/>\n3- Plan de reducci\u00f3n y mitigaci\u00f3n de emisiones: Una vez se haya calculado la Huella de Carbono de cada participante, se elaborar\u00e1 un plan personalizado de reducci\u00f3n y mitigaci\u00f3n de emisiones. El objetivo es que cada entidad contribuya activamente a disminuir sus emisiones de gases de efecto invernadero y avance hacia la neutralidad de carbono para el a\u00f1o 2050.<\/p>\n<p>Adem\u00e1s, se trabaja con la participaci\u00f3n activa del Departamento de Ingenier\u00eda Qu\u00edmica de la Facultad de Ingenier\u00eda de la Universidad Nacional de San Juan, esta \u00e1rea de conocimiento aporta su experiencia y conocimientos en la b\u00fasqueda de soluciones para reducir las emisiones de gases de efecto invernadero y promover pr\u00e1cticas m\u00e1s sostenibles.<\/p>\n<p>En este contexto, se destaca la invitaci\u00f3n a participar activamente en la segunda y tercera instancia del programa a todas las instituciones, empresas e interesado en contribuir a la lucha contra el cambio clim\u00e1tico y promover un desarrollo sustentable en la provincia de San Juan.<\/p>\n<p><img loading=\"lazy\" decoding=\"async\" class=\"alignnone size-full wp-image-39469\" src=\"https:\/\/vocesparalelas.com.ar\/sitio\/wp-content\/uploads\/2021\/07\/Anchipurac-nuevo.jpg\" alt=\"\" width=\"800\" height=\"487\" srcset=\"https:\/\/vocesparalelas.com.ar\/sitio\/wp-content\/uploads\/2021\/07\/Anchipurac-nuevo.jpg 800w, https:\/\/vocesparalelas.com.ar\/sitio\/wp-content\/uploads\/2021\/07\/Anchipurac-nuevo-300x183.jpg 300w, https:\/\/vocesparalelas.com.ar\/sitio\/wp-content\/uploads\/2021\/07\/Anchipurac-nuevo-768x468.jpg 768w\" sizes=\"auto, (max-width: 800px) 100vw, 800px\" \/><\/p>\n<p>&nbsp;<\/p>\n<p>&nbsp;<\/p>\n<p>&nbsp;<\/p>\n","protected":false},"excerpt":{"rendered":"<p>La Secretar\u00eda de Estado de Ambiente y Desarrollo Sustentable del Gobierno de San Juan tiene como objetivo implementar el \u00abPrograma<\/p>\n","protected":false},"author":3,"featured_media":18375,"comment_status":"closed","ping_status":"closed","sticky":false,"template":"","format":"standard","meta":{"_acf_changed":false,"_seopress_robots_primary_cat":"none","_seopress_titles_title":"","_seopress_titles_desc":"","_seopress_robots_index":"","colormag_page_container_layout":"default_layout","colormag_page_sidebar_layout":"default_layout","footnotes":""},"categories":[9],"tags":[],"class_list":["post-61589","post","type-post","status-publish","format-standard","has-post-thumbnail","hentry","category-cursos"],"acf":[],"_links":{"self":[{"href":"https:\/\/vocesparalelas.com.ar\/sitio\/wp-json\/wp\/v2\/posts\/61589","targetHints":{"allow":["GET"]}}],"collection":[{"href":"https:\/\/vocesparalelas.com.ar\/sitio\/wp-json\/wp\/v2\/posts"}],"about":[{"href":"https:\/\/vocesparalelas.com.ar\/sitio\/wp-json\/wp\/v2\/types\/post"}],"author":[{"embeddable":true,"href":"https:\/\/vocesparalelas.com.ar\/sitio\/wp-json\/wp\/v2\/users\/3"}],"replies":[{"embeddable":true,"href":"https:\/\/vocesparalelas.com.ar\/sitio\/wp-json\/wp\/v2\/comments?post=61589"}],"version-history":[{"count":1,"href":"https:\/\/vocesparalelas.com.ar\/sitio\/wp-json\/wp\/v2\/posts\/61589\/revisions"}],"predecessor-version":[{"id":61592,"href":"https:\/\/vocesparalelas.com.ar\/sitio\/wp-json\/wp\/v2\/posts\/61589\/revisions\/61592"}],"wp:featuredmedia":[{"embeddable":true,"href":"https:\/\/vocesparalelas.com.ar\/sitio\/wp-json\/wp\/v2\/media\/18375"}],"wp:attachment":[{"href":"https:\/\/vocesparalelas.com.ar\/sitio\/wp-json\/wp\/v2\/media?parent=61589"}],"wp:term":[{"taxonomy":"category","embeddable":true,"href":"https:\/\/vocesparalelas.com.ar\/sitio\/wp-json\/wp\/v2\/categories?post=61589"},{"taxonomy":"post_tag","embeddable":true,"href":"https:\/\/vocesparalelas.com.ar\/sitio\/wp-json\/wp\/v2\/tags?post=61589"}],"curies":[{"name":"wp","href":"https:\/\/api.w.org\/{rel}","templated":true}]}}