{"id":61539,"date":"2023-07-21T20:39:09","date_gmt":"2023-07-21T23:39:09","guid":{"rendered":"https:\/\/vocesparalelas.com.ar\/sitio\/?p=61539"},"modified":"2023-07-21T23:39:20","modified_gmt":"2023-07-22T02:39:20","slug":"se-puso-en-valor-un-atractivo-geoturistico-en-el-departamento-albardon-de-san-juan","status":"publish","type":"post","link":"https:\/\/vocesparalelas.com.ar\/sitio\/se-puso-en-valor-un-atractivo-geoturistico-en-el-departamento-albardon-de-san-juan\/","title":{"rendered":"Se puso en valor un atractivo geotur\u00edstico en el Departamento Albard\u00f3n de San Juan"},"content":{"rendered":"<p>San Juan se localiza en el \u00e1rea de mayor actividad s\u00edsmica del pa\u00eds registr\u00e1ndose, en los \u00faltimos 60 a\u00f1os tres terremotos de caracter\u00edsticas destructivas. Uno de ellos fue en 1944, localizado en La Laja, en el pie de monte suroriental de la sierra de Villicum, Departamento Albard\u00f3n.<\/p>\n<p>En este contexto, la puesta en valor de la falla de 1944 como punto tur\u00edstico es un trabajo en conjunto entre el Ministerio de Turismo y Cultura del Gobierno de San Juan; municipio de Albard\u00f3n y el grupo sismotect\u00f3nico de la Universidad Nacional San Juan cuyo objetivo es posicionar como atractivo el desplazamiento de las placas tect\u00f3nicas que ocasionaron el terremoto, ya que es el \u00fanico lugar del mundo que una falla esta accesible a la orilla de la ruta. Adem\u00e1s, al estar en un lugar accesible hace que est\u00e9 disponible no solo para turistas, sino tambi\u00e9n para cient\u00edficos, residentes, estudiantes y la comunidad toda que podr\u00e1n ser testigos de la historia de San Juan entendiendo m\u00e1s sobre movimientos s\u00edsmicos.<\/p>\n<p>En la zona se destacan cuatro fallas denominadas de este a oeste, La Laja 1, La Laja 2, La Laja 3 y La Laja 4. All\u00ed, a trav\u00e9s de un mes\u00f3n interpretativo, se explican las caracter\u00edsticas de dicho fen\u00f3meno s\u00edsmico.<\/p>\n<p>Estuvieron presentes en la puesta en funcionamiento del nuevo atractivo tur\u00edstico, el secretario de Turismo, Roberto Ju\u00e1rez; el intendente de Albard\u00f3n, Arq. Jorge Palmero; la directora de Desarrollo Tur\u00edstico, Marcela Hinojosa; directora de Cultura del municipio, Bel\u00e9n Montilla y Gustavo Ortiz, ge\u00f3logo de la UNSJ.<\/p>\n<p>Al respecto el secretario de Turismo, destac\u00f3 que \u00abesto habla de nuestra historia y poner en valor esta falla donde ocurri\u00f3 el terremoto del 44\u2019 habla de San Juan. En este marco buscamos generar un producto tur\u00edstico sismol\u00f3gico, tambi\u00e9n a trav\u00e9s del INPRES, en donde contamos como fue la reconstrucci\u00f3n de San Juan desde el terremoto del 44 en adelante\u201d, explic\u00f3 el funcionario.<\/p>\n<p>El nuevo punto tur\u00edstico se ubica sobre calle La Laja y Diaguitas, por la ruta que lleva al futuro hotel Termal La Laja.<\/p>\n<p>&nbsp;<\/p>\n<p>&nbsp;<\/p>\n","protected":false},"excerpt":{"rendered":"<p>San Juan se localiza en el \u00e1rea de mayor actividad s\u00edsmica del pa\u00eds registr\u00e1ndose, en los \u00faltimos 60 a\u00f1os tres<\/p>\n","protected":false},"author":3,"featured_media":61542,"comment_status":"closed","ping_status":"closed","sticky":false,"template":"","format":"standard","meta":{"_acf_changed":false,"_seopress_robots_primary_cat":"none","_seopress_titles_title":"","_seopress_titles_desc":"","_seopress_robots_index":"","colormag_page_container_layout":"default_layout","colormag_page_sidebar_layout":"default_layout","footnotes":""},"categories":[1],"tags":[],"class_list":["post-61539","post","type-post","status-publish","format-standard","has-post-thumbnail","hentry","category-destacadas"],"acf":[],"_links":{"self":[{"href":"https:\/\/vocesparalelas.com.ar\/sitio\/wp-json\/wp\/v2\/posts\/61539","targetHints":{"allow":["GET"]}}],"collection":[{"href":"https:\/\/vocesparalelas.com.ar\/sitio\/wp-json\/wp\/v2\/posts"}],"about":[{"href":"https:\/\/vocesparalelas.com.ar\/sitio\/wp-json\/wp\/v2\/types\/post"}],"author":[{"embeddable":true,"href":"https:\/\/vocesparalelas.com.ar\/sitio\/wp-json\/wp\/v2\/users\/3"}],"replies":[{"embeddable":true,"href":"https:\/\/vocesparalelas.com.ar\/sitio\/wp-json\/wp\/v2\/comments?post=61539"}],"version-history":[{"count":1,"href":"https:\/\/vocesparalelas.com.ar\/sitio\/wp-json\/wp\/v2\/posts\/61539\/revisions"}],"predecessor-version":[{"id":61543,"href":"https:\/\/vocesparalelas.com.ar\/sitio\/wp-json\/wp\/v2\/posts\/61539\/revisions\/61543"}],"wp:featuredmedia":[{"embeddable":true,"href":"https:\/\/vocesparalelas.com.ar\/sitio\/wp-json\/wp\/v2\/media\/61542"}],"wp:attachment":[{"href":"https:\/\/vocesparalelas.com.ar\/sitio\/wp-json\/wp\/v2\/media?parent=61539"}],"wp:term":[{"taxonomy":"category","embeddable":true,"href":"https:\/\/vocesparalelas.com.ar\/sitio\/wp-json\/wp\/v2\/categories?post=61539"},{"taxonomy":"post_tag","embeddable":true,"href":"https:\/\/vocesparalelas.com.ar\/sitio\/wp-json\/wp\/v2\/tags?post=61539"}],"curies":[{"name":"wp","href":"https:\/\/api.w.org\/{rel}","templated":true}]}}