{"id":61530,"date":"2023-07-21T20:29:08","date_gmt":"2023-07-21T23:29:08","guid":{"rendered":"https:\/\/vocesparalelas.com.ar\/sitio\/?p=61530"},"modified":"2023-07-21T23:29:19","modified_gmt":"2023-07-22T02:29:19","slug":"recomendaciones-para-evitar-incendios-forestales-en-san-juan","status":"publish","type":"post","link":"https:\/\/vocesparalelas.com.ar\/sitio\/recomendaciones-para-evitar-incendios-forestales-en-san-juan\/","title":{"rendered":"Recomendaciones para evitar incendios forestales en San Juan"},"content":{"rendered":"<p>Promediando el mes de Julio y Agosto, la provincia de San Juan se ve afectada por fuertes vientos del sector norte. Esta condici\u00f3n genera un importante descenso de la humedad, provocando un espacio seco que, sumado a la vegetaci\u00f3n reseca por la estaci\u00f3n del a\u00f1o, facilitan que el fuego se propague con rapidez y se transforme en un incendio incontrolable.<\/p>\n<p>Por ello, desde la Secretar\u00eda de Estado de Ambiente del Gobierno de San Juan, se recomienda una serie de medidas para prevenir incendios, tanto para quienes viven en zonas rurales como para aquellos que acuden a estos sitios en forma ocasional.<\/p>\n<p>En caso de vivir en zona rural se aconseja: Es fundamental evitar la quema de pastizales; mantener libres de vegetaci\u00f3n los alrededores de las casas.<\/p>\n<p>Siempre evitar arrojar f\u00f3sforos, colillas de cigarrillos, o cualquier otro elemento encendido que pudiera generar combusti\u00f3n.<\/p>\n<p>Al hacer fuego en lugares habilitados (solo en espacios destinados a tal fin) ten\u00e9 siempre a mano recipientes con abundante agua. Nunca encender fuego debajo de los \u00e1rboles.<\/p>\n<p>Si visit\u00e1s alg\u00fan sitio rural o \u00e1rea protegida llevate tu basura, las latas y vidrios pueden actuar de lupa y provocar incendios.<\/p>\n<p><strong><span style=\"color: #ff0000;\">\u00bfC\u00f3mo actuar en caso de incendios forestales o en \u00e1reas protegidas?<\/span><\/strong><\/p>\n<p>En primer lugar, se debe evacuar de inmediato el sitio, y dar aviso a bomberos o agentes de conservaci\u00f3n presentes en el \u00e1rea.<\/p>\n<p>Procur\u00e1 cubrirte boca y nariz para evitar inhalar humo. Observ\u00e1 permanentemente el comportamiento del fuego. No vuelvas a un \u00e1rea quemada. Los sitios calientes pueden reactivarse.<\/p>\n","protected":false},"excerpt":{"rendered":"<p>Promediando el mes de Julio y Agosto, la provincia de San Juan se ve afectada por fuertes vientos del sector<\/p>\n","protected":false},"author":3,"featured_media":46381,"comment_status":"closed","ping_status":"closed","sticky":false,"template":"","format":"standard","meta":{"_acf_changed":false,"_seopress_robots_primary_cat":"none","_seopress_titles_title":"","_seopress_titles_desc":"","_seopress_robots_index":"","colormag_page_container_layout":"default_layout","colormag_page_sidebar_layout":"default_layout","footnotes":""},"categories":[1],"tags":[],"class_list":["post-61530","post","type-post","status-publish","format-standard","has-post-thumbnail","hentry","category-destacadas"],"acf":[],"_links":{"self":[{"href":"https:\/\/vocesparalelas.com.ar\/sitio\/wp-json\/wp\/v2\/posts\/61530","targetHints":{"allow":["GET"]}}],"collection":[{"href":"https:\/\/vocesparalelas.com.ar\/sitio\/wp-json\/wp\/v2\/posts"}],"about":[{"href":"https:\/\/vocesparalelas.com.ar\/sitio\/wp-json\/wp\/v2\/types\/post"}],"author":[{"embeddable":true,"href":"https:\/\/vocesparalelas.com.ar\/sitio\/wp-json\/wp\/v2\/users\/3"}],"replies":[{"embeddable":true,"href":"https:\/\/vocesparalelas.com.ar\/sitio\/wp-json\/wp\/v2\/comments?post=61530"}],"version-history":[{"count":1,"href":"https:\/\/vocesparalelas.com.ar\/sitio\/wp-json\/wp\/v2\/posts\/61530\/revisions"}],"predecessor-version":[{"id":61533,"href":"https:\/\/vocesparalelas.com.ar\/sitio\/wp-json\/wp\/v2\/posts\/61530\/revisions\/61533"}],"wp:featuredmedia":[{"embeddable":true,"href":"https:\/\/vocesparalelas.com.ar\/sitio\/wp-json\/wp\/v2\/media\/46381"}],"wp:attachment":[{"href":"https:\/\/vocesparalelas.com.ar\/sitio\/wp-json\/wp\/v2\/media?parent=61530"}],"wp:term":[{"taxonomy":"category","embeddable":true,"href":"https:\/\/vocesparalelas.com.ar\/sitio\/wp-json\/wp\/v2\/categories?post=61530"},{"taxonomy":"post_tag","embeddable":true,"href":"https:\/\/vocesparalelas.com.ar\/sitio\/wp-json\/wp\/v2\/tags?post=61530"}],"curies":[{"name":"wp","href":"https:\/\/api.w.org\/{rel}","templated":true}]}}