{"id":61526,"date":"2023-07-21T21:16:13","date_gmt":"2023-07-22T00:16:13","guid":{"rendered":"https:\/\/vocesparalelas.com.ar\/sitio\/?p=61526"},"modified":"2023-07-25T00:35:30","modified_gmt":"2023-07-25T03:35:30","slug":"capacitacion-organizacion-de-mi-emprendimiento-para-mujeres-emprendedoras-de-san-juan","status":"publish","type":"post","link":"https:\/\/vocesparalelas.com.ar\/sitio\/capacitacion-organizacion-de-mi-emprendimiento-para-mujeres-emprendedoras-de-san-juan\/","title":{"rendered":"Capacitaci\u00f3n \u201cOrganizaci\u00f3n de mi emprendimiento\u201d para mujeres emprendedoras de San Juan"},"content":{"rendered":"<p>El Ministerio de Producci\u00f3n y Desarrollo Econ\u00f3mico del Gobierno de San Juan contin\u00faa apostando a las mujeres emprendedoras. Es por este motivo que a trav\u00e9s de la Secretar\u00eda de Industria, Comercio y Servicios y la Direcci\u00f3n de Pymes y Emprendedores brindar\u00e1n la capacitaci\u00f3n \u201cOrganizaci\u00f3n de mi emprendimiento\u201d.<\/p>\n<p>En primera instancia, se realiza 1 workshop denominado \u00abMi Emprendimiento, mis desaf\u00edos. Ahora, \u00bfC\u00f3mo me organizo?\u00bb. Este est\u00e1 dividido en 6 encuentros virtuales de 2 horas cada uno para 30 emprendedoras, 2 encuentros por m\u00f3dulo por semana.<\/p>\n<p>Las inscripciones se realizan hasta el 24 de Julio de 2023 completando el formulario<\/p>\n<p><a class=\"x1i10hfl xjbqb8w x6umtig x1b1mbwd xaqea5y xav7gou x9f619 x1ypdohk xt0psk2 xe8uvvx xdj266r x11i5rnm xat24cr x1mh8g0r xexx8yu x4uap5 x18d9i69 xkhd6sd x16tdsg8 x1hl2dhg xggy1nq x1a2a7pz xt0b8zv x1fey0fg\" tabindex=\"0\" href=\"https:\/\/bit.ly\/OrganizaEmprendimiento?fbclid=IwAR0OZgwMFQVTYydCmii3qDTYiVhzqfULj1m_J9pzOV4Rr4hwLAxrlgJl1ME\" target=\"_blank\" rel=\"nofollow noopener noreferrer\">bit.ly\/OrganizaEmprendimiento<\/a><\/p>\n<p><strong><span style=\"color: #ff00ff;\">Se abordar\u00e1n los siguientes contenidos:<\/span><\/strong><\/p>\n<p><strong><span style=\"color: #ff00ff;\">M\u00f3dulo 1<\/span><\/strong><\/p>\n<ul>\n<li>Soy mi propia jefa&#8230; \u00bfy ahora qu\u00e9?<\/li>\n<li>Ser l\u00edder requiere de trabajo e inspiraci\u00f3n<\/li>\n<li>Revisi\u00f3n de prop\u00f3sitos, la autoconfianza y la vulnerabilidad<\/li>\n<li>\u00bfCu\u00e1l es tu mejor versi\u00f3n? \u00bfQu\u00e9 te potencia? \u00bfC\u00f3mo enfrentamos el miedo al fracaso?<\/li>\n<\/ul>\n<p><strong><span style=\"color: #ff00ff;\">M\u00f3dulo 2<\/span><\/strong><\/p>\n<ul>\n<li>Organiza y triunfar\u00e1s<\/li>\n<li>Desarrollo de nuevas habilidades de organizaci\u00f3n<\/li>\n<li>Ser organizada requiere aprendizaje y disciplina<\/li>\n<li>\u00bfQu\u00e9 es importante y d\u00f3nde est\u00e1 puesto tu foco? \u00bfC\u00f3mo administrar tus recursos, tu tiempo? \u00bfQu\u00e9 tareas te qued\u00e1s y cu\u00e1les delegas? \u00bfC\u00f3mo delegas antes de saturarte?<\/li>\n<\/ul>\n<p><strong><span style=\"color: #ff00ff;\">M\u00f3dulo 3<\/span><\/strong><\/p>\n<ul>\n<li>Formar equipo<\/li>\n<li>La b\u00fasqueda de apoyo<\/li>\n<li>Formaci\u00f3n de equipos. \u00bfCu\u00e1l es el tuyo?<\/li>\n<li>Mapear tu red de apoyo, y entrenarnos en el arte de las conversaciones dif\u00edciles, la negociaci\u00f3n, y la forma de comunicarse con otros para crear relaciones<\/li>\n<\/ul>\n<p>Los encuentros ser\u00e1n llevados a cabo a trav\u00e9s de la plataforma Meet. Antes de comenzar con la capacitaci\u00f3n del d\u00eda se enviar\u00e1n los links a las emprendedoras a trav\u00e9s de un grupo de WhatsApp.<\/p>\n<p>La capacitaci\u00f3n estar\u00e1 a cargo de la Licenciada Mar\u00eda Soledad Platero C\u00e1liz acompa\u00f1ada por la Lic. Sandra C\u00e1liz.<\/p>\n<p>Adem\u00e1s, habr\u00e1 un acompa\u00f1amiento y asistencia de las participantes a trav\u00e9s de un grupo de WhatsApp. Como as\u00ed tambi\u00e9n, habr\u00e1 un seguimiento del v\u00ednculo entre capacitadoras y emprendedoras.<\/p>\n<p><strong><span style=\"color: #ff00ff;\">Para mayor informaci\u00f3n<\/span><\/strong><\/p>\n<p>Las interesadas pueden comunicarse con la Direcci\u00f3n Pymes y Emprendedores al correo: <span id=\"cloak39e236cf435445cb876d2ebbaf411310\"><a href=\"mailto:capacitacionespye@gmail.com\">capacitacionespye@gmail.com<\/a><\/span>\u00a0o al tel\u00e9fono 4306456\/71.<\/p>\n<p>&nbsp;<\/p>\n<p>&nbsp;<\/p>\n","protected":false},"excerpt":{"rendered":"<p>El Ministerio de Producci\u00f3n y Desarrollo Econ\u00f3mico del Gobierno de San Juan contin\u00faa apostando a las mujeres emprendedoras. Es por<\/p>\n","protected":false},"author":3,"featured_media":32913,"comment_status":"closed","ping_status":"closed","sticky":false,"template":"","format":"standard","meta":{"_acf_changed":false,"_seopress_robots_primary_cat":"none","_seopress_titles_title":"","_seopress_titles_desc":"","_seopress_robots_index":"","colormag_page_container_layout":"default_layout","colormag_page_sidebar_layout":"default_layout","footnotes":""},"categories":[9],"tags":[],"class_list":["post-61526","post","type-post","status-publish","format-standard","has-post-thumbnail","hentry","category-cursos"],"acf":[],"_links":{"self":[{"href":"https:\/\/vocesparalelas.com.ar\/sitio\/wp-json\/wp\/v2\/posts\/61526","targetHints":{"allow":["GET"]}}],"collection":[{"href":"https:\/\/vocesparalelas.com.ar\/sitio\/wp-json\/wp\/v2\/posts"}],"about":[{"href":"https:\/\/vocesparalelas.com.ar\/sitio\/wp-json\/wp\/v2\/types\/post"}],"author":[{"embeddable":true,"href":"https:\/\/vocesparalelas.com.ar\/sitio\/wp-json\/wp\/v2\/users\/3"}],"replies":[{"embeddable":true,"href":"https:\/\/vocesparalelas.com.ar\/sitio\/wp-json\/wp\/v2\/comments?post=61526"}],"version-history":[{"count":1,"href":"https:\/\/vocesparalelas.com.ar\/sitio\/wp-json\/wp\/v2\/posts\/61526\/revisions"}],"predecessor-version":[{"id":61529,"href":"https:\/\/vocesparalelas.com.ar\/sitio\/wp-json\/wp\/v2\/posts\/61526\/revisions\/61529"}],"wp:featuredmedia":[{"embeddable":true,"href":"https:\/\/vocesparalelas.com.ar\/sitio\/wp-json\/wp\/v2\/media\/32913"}],"wp:attachment":[{"href":"https:\/\/vocesparalelas.com.ar\/sitio\/wp-json\/wp\/v2\/media?parent=61526"}],"wp:term":[{"taxonomy":"category","embeddable":true,"href":"https:\/\/vocesparalelas.com.ar\/sitio\/wp-json\/wp\/v2\/categories?post=61526"},{"taxonomy":"post_tag","embeddable":true,"href":"https:\/\/vocesparalelas.com.ar\/sitio\/wp-json\/wp\/v2\/tags?post=61526"}],"curies":[{"name":"wp","href":"https:\/\/api.w.org\/{rel}","templated":true}]}}