{"id":61450,"date":"2023-07-19T21:26:21","date_gmt":"2023-07-20T00:26:21","guid":{"rendered":"https:\/\/vocesparalelas.com.ar\/sitio\/?p=61450"},"modified":"2023-07-20T01:26:40","modified_gmt":"2023-07-20T04:26:40","slug":"restauraron-la-escultura-de-domingo-faustino-sarmiento","status":"publish","type":"post","link":"https:\/\/vocesparalelas.com.ar\/sitio\/restauraron-la-escultura-de-domingo-faustino-sarmiento\/","title":{"rendered":"Restauraron la escultura de Domingo Faustino Sarmiento"},"content":{"rendered":"<p>Tras los actos de vandalismo ocurridos el fin de semana, restauraron la escultura de Domingo Faustino Sarmiento, ubicada en el Carrascal.<\/p>\n<p>En este marco, y tendiendo en cuenta la gran afluencia de turistas durante las vacaciones de invierno, el lunes pasado se puso en marcha el operativo para su recuperaci\u00f3n.<\/p>\n<p>La restauraci\u00f3n se bas\u00f3 en el acondicionamiento del libro, las manos y el banco de madera, luego de sufrir graves da\u00f1os, la utilizaci\u00f3n de fibra pl\u00e1stica y polimeros autocurables que permitieron volver a la imagen a su estado considerada un \u00edcono para la provincia y una postal obligada para los turistas.<\/p>\n<p>La obra de Fernando Pugliese fue puesta en condiciones por el equipo del Ministerio de Turismo y Cultura, siguiendo l\u00edneas de restauraci\u00f3n, sin modificar su esencia ni la voluntad del artista, quien en 2012 cre\u00f3 esta obra solicitada por el Gobierno, en conmemoraci\u00f3n a los 202 a\u00f1os del natalicio del pr\u00f3cer.<\/p>\n<p><img loading=\"lazy\" decoding=\"async\" class=\"alignnone size-large wp-image-61453 aligncenter\" src=\"https:\/\/vocesparalelas.com.ar\/sitio\/wp-content\/uploads\/2023\/07\/SARMIENTO-RESTAURADO-598x800.jpg\" alt=\"\" width=\"598\" height=\"800\" srcset=\"https:\/\/vocesparalelas.com.ar\/sitio\/wp-content\/uploads\/2023\/07\/SARMIENTO-RESTAURADO-598x800.jpg 598w, https:\/\/vocesparalelas.com.ar\/sitio\/wp-content\/uploads\/2023\/07\/SARMIENTO-RESTAURADO-224x300.jpg 224w, https:\/\/vocesparalelas.com.ar\/sitio\/wp-content\/uploads\/2023\/07\/SARMIENTO-RESTAURADO.jpg 766w\" sizes=\"auto, (max-width: 598px) 100vw, 598px\" \/><\/p>\n","protected":false},"excerpt":{"rendered":"<p>Tras los actos de vandalismo ocurridos el fin de semana, restauraron la escultura de Domingo Faustino Sarmiento, ubicada en el<\/p>\n","protected":false},"author":3,"featured_media":41747,"comment_status":"closed","ping_status":"closed","sticky":false,"template":"","format":"standard","meta":{"_acf_changed":false,"_seopress_robots_primary_cat":"none","_seopress_titles_title":"","_seopress_titles_desc":"","_seopress_robots_index":"","colormag_page_container_layout":"default_layout","colormag_page_sidebar_layout":"default_layout","footnotes":""},"categories":[1],"tags":[],"class_list":["post-61450","post","type-post","status-publish","format-standard","has-post-thumbnail","hentry","category-destacadas"],"acf":[],"_links":{"self":[{"href":"https:\/\/vocesparalelas.com.ar\/sitio\/wp-json\/wp\/v2\/posts\/61450","targetHints":{"allow":["GET"]}}],"collection":[{"href":"https:\/\/vocesparalelas.com.ar\/sitio\/wp-json\/wp\/v2\/posts"}],"about":[{"href":"https:\/\/vocesparalelas.com.ar\/sitio\/wp-json\/wp\/v2\/types\/post"}],"author":[{"embeddable":true,"href":"https:\/\/vocesparalelas.com.ar\/sitio\/wp-json\/wp\/v2\/users\/3"}],"replies":[{"embeddable":true,"href":"https:\/\/vocesparalelas.com.ar\/sitio\/wp-json\/wp\/v2\/comments?post=61450"}],"version-history":[{"count":1,"href":"https:\/\/vocesparalelas.com.ar\/sitio\/wp-json\/wp\/v2\/posts\/61450\/revisions"}],"predecessor-version":[{"id":61454,"href":"https:\/\/vocesparalelas.com.ar\/sitio\/wp-json\/wp\/v2\/posts\/61450\/revisions\/61454"}],"wp:featuredmedia":[{"embeddable":true,"href":"https:\/\/vocesparalelas.com.ar\/sitio\/wp-json\/wp\/v2\/media\/41747"}],"wp:attachment":[{"href":"https:\/\/vocesparalelas.com.ar\/sitio\/wp-json\/wp\/v2\/media?parent=61450"}],"wp:term":[{"taxonomy":"category","embeddable":true,"href":"https:\/\/vocesparalelas.com.ar\/sitio\/wp-json\/wp\/v2\/categories?post=61450"},{"taxonomy":"post_tag","embeddable":true,"href":"https:\/\/vocesparalelas.com.ar\/sitio\/wp-json\/wp\/v2\/tags?post=61450"}],"curies":[{"name":"wp","href":"https:\/\/api.w.org\/{rel}","templated":true}]}}