{"id":61387,"date":"2023-07-18T22:44:38","date_gmt":"2023-07-19T01:44:38","guid":{"rendered":"https:\/\/vocesparalelas.com.ar\/sitio\/?p=61387"},"modified":"2023-07-18T22:52:21","modified_gmt":"2023-07-19T01:52:21","slug":"recordaron-en-san-juan-a-las-victimas-del-atentado-a-la-amia","status":"publish","type":"post","link":"https:\/\/vocesparalelas.com.ar\/sitio\/recordaron-en-san-juan-a-las-victimas-del-atentado-a-la-amia\/","title":{"rendered":"Recordaron en San Juan a las v\u00edctimas del atentado a la AMIA"},"content":{"rendered":"<div class=\"itemFullText jbintrotext\">\n<p>El vicegobernador y presidente nato de la C\u00e1mara de Diputados, CPN Roberto Gattoni particip\u00f3 en la sede de la Sociedad Israelita de Beneficencia de San Juan, de la ceremonia de homenaje a las 85 v\u00edctimas fatales del atentado a la Asociaci\u00f3n de Mutuales Israelitas Argentinas &#8211; AMIA -, al conmemorarse este martes 18 de julio, el vig\u00e9simo noveno aniversario.<\/p>\n<\/div>\n<div class=\"itemFullText\">\n<p>El lunes 18 de julio de 1994, a las 9.53 horas, tuvo lugar un ataque terrorista que fue perpetrado con un coche bomba que impact\u00f3 de lleno en la sede de la AMIA, situada en la calle Pasteur 633, en el coraz\u00f3n del barrio de Once, en la Ciudad de Buenos Aires, que provoc\u00f3 la muerte de 85 personas y m\u00e1s de 300 heridos.<\/p>\n<p>El acto fue realizado en la planta alta y en ausencia del presidente de la Sociedad Israelita de Beneficencia, Dr. Leonardo Siere, quienes recibieron a los asistentes fueron Alberto Tewel y Ing. Graciela Kalejman y en la oportunidad estuvieron presentes el presidente de la Corte de Justicia, Dr. Guillermo De Sanctis; el secretario de Relaciones Institucionales, Lic. Marcelo Fretes; la directora de Cultos y ONGs, Dra. Liliana Olgu\u00edn; familiares de Jorgito Ant\u00fanez una de las v\u00edctimas oriunda de San Juan en las personas de Gustavo Ant\u00fanez (padre e hijo), Mariana Ant\u00fanez, Viviana Ant\u00fanez, Carlos Laciar, Federico Laciar y Gemma Albornoz.<\/p>\n<p>En primer t\u00e9rmino, la familia de Jorgito Ant\u00fanez fue invitada a encender una vela simb\u00f3lica en nombre de las v\u00edctimas del atentado y luego con ese mismo objetivo la responsable del Culto Jud\u00edo, Paula Romero interpret\u00f3 el shofar, para ejecutar un minuto de silencio.<\/p>\n<p>Posteriormente, fue exhibido un video bajo el t\u00edtulo \u201c85 nombres\u201d, con la totalidad de los nombres de cada una de las v\u00edctimas fatales, uno por uno y los asistentes al acto respond\u00edan presente cada vez que era mencionado uno de los nombres.<\/p>\n<p>Poco despu\u00e9s, Paula Romero pronunci\u00f3 una oraci\u00f3n por los fallecidos primero en hebreo y luego en castellano.<\/p>\n<p>A continuaci\u00f3n, fue proyectado un video donde 31 familiares de las v\u00edctimas fatales del atentado a la AMIA participaron de una emotiva propuesta para reclamar justicia y entonaron la canci\u00f3n \u201cComo la cigarra\u201d.<\/p>\n<p>En la ocasi\u00f3n, fue agradecido el video enviado por la AMIA, como tambi\u00e9n por una obra de arte que AMIA nacional remiti\u00f3 y que fue realizada por el artista pl\u00e1stico \u201cPito\u201d Campos, en el marco del proyecto \u201cMemoria Federal\u201d, realizado entre el Vaad Hakeilot y el Departamento de Arte y Producci\u00f3n, como una forma de renovar el compromiso de la memoria colectiva y el reclamo de justicia.<\/p>\n<p><img loading=\"lazy\" decoding=\"async\" class=\"alignnone size-full wp-image-61391\" src=\"https:\/\/vocesparalelas.com.ar\/sitio\/wp-content\/uploads\/2023\/07\/AMIA-2023-01.jpg\" alt=\"\" width=\"800\" height=\"633\" srcset=\"https:\/\/vocesparalelas.com.ar\/sitio\/wp-content\/uploads\/2023\/07\/AMIA-2023-01.jpg 800w, https:\/\/vocesparalelas.com.ar\/sitio\/wp-content\/uploads\/2023\/07\/AMIA-2023-01-300x237.jpg 300w, https:\/\/vocesparalelas.com.ar\/sitio\/wp-content\/uploads\/2023\/07\/AMIA-2023-01-768x608.jpg 768w\" sizes=\"auto, (max-width: 800px) 100vw, 800px\" \/><\/p>\n<p>Es oportuno consignar que todos los a\u00f1os asiste al acto la familia de Jorgito Ant\u00fanez (que reside en nuestra provincia) y que result\u00f3 v\u00edctima del atentado, por tal motivo, el t\u00edo de Jorgito, Gustavo Ant\u00fanez, se dirigi\u00f3 a los presentes para recordar a su sobrino.<\/p>\n<p>Inmediatamente despu\u00e9s hizo lo propio la secretaria general de la comisi\u00f3n directiva de la Sociedad Israelita de Beneficencia de San Juan, Ing. Graciela Kalejman, quien destac\u00f3 el impacto generado por este atentado no tan solo en la comunidad israelita, sino en la poblaci\u00f3n nacional y reiter\u00f3 el reclamo de justicia.<\/p>\n<p>Para cerrar la lista de oradores fue invitado el vicegobernador CPN Roberto Gattoni, quien entre otros conceptos indic\u00f3 que \u201cnosotros estamos ac\u00e1 no para cumplir con la formalidad de un acto protocolar, estamos con la convicci\u00f3n y el compromiso que tiene el gobierno y el pueblo de San Juan por el esclarecimiento y el pedido de justicia por el atentado a la AMIA. Este no es un acto formal, este no es un atentado contra la colectividad jud\u00eda, sino contra toda la sociedad argentina, contra la familia argentina\u201d.<\/p>\n<p>Finaliz\u00f3 diciendo Gattoni que \u201cson las familias de las 85 v\u00edctimas fatales las que hoy siguen sufriendo este atentado y recordaba el acto del a\u00f1o pasado que fue un acto distinto, como han sido distintos los anteriores y me parec\u00eda muy bien que no naturalicemos, que no sea un acto m\u00e1s, sino que es muy importante que cada 18 de julio sea una ceremonia \u00fanica, distintivo, una expresi\u00f3n a gritos de justicia, verdad y memoria\u201d.<\/p>\n<p>Por \u00faltimo, el violonchelista Germ\u00e1n Yanes ejecut\u00f3 la obra para cello Suite N\u00b0 1, de Bach, luego de lo cual finaliz\u00f3 el acto.<\/p>\n<figure id=\"attachment_61392\" aria-describedby=\"caption-attachment-61392\" style=\"width: 800px\" class=\"wp-caption alignnone\"><img loading=\"lazy\" decoding=\"async\" class=\"size-full wp-image-61392\" src=\"https:\/\/vocesparalelas.com.ar\/sitio\/wp-content\/uploads\/2023\/07\/AMIA-2023-02.jpg\" alt=\"\" width=\"800\" height=\"598\" srcset=\"https:\/\/vocesparalelas.com.ar\/sitio\/wp-content\/uploads\/2023\/07\/AMIA-2023-02.jpg 800w, https:\/\/vocesparalelas.com.ar\/sitio\/wp-content\/uploads\/2023\/07\/AMIA-2023-02-300x224.jpg 300w, https:\/\/vocesparalelas.com.ar\/sitio\/wp-content\/uploads\/2023\/07\/AMIA-2023-02-768x574.jpg 768w\" sizes=\"auto, (max-width: 800px) 100vw, 800px\" \/><figcaption id=\"caption-attachment-61392\" class=\"wp-caption-text\">Violonchelista Germ\u00e1n Yanes<\/figcaption><\/figure>\n<\/div>\n<p><img loading=\"lazy\" decoding=\"async\" class=\"alignnone size-large wp-image-20425\" src=\"https:\/\/vocesparalelas.com.ar\/sitio\/wp-content\/uploads\/2019\/04\/SOCIEDAD-ISRAELITA-800x600.jpg\" alt=\"\" width=\"800\" height=\"600\" srcset=\"https:\/\/vocesparalelas.com.ar\/sitio\/wp-content\/uploads\/2019\/04\/SOCIEDAD-ISRAELITA-800x600.jpg 800w, https:\/\/vocesparalelas.com.ar\/sitio\/wp-content\/uploads\/2019\/04\/SOCIEDAD-ISRAELITA-300x225.jpg 300w, https:\/\/vocesparalelas.com.ar\/sitio\/wp-content\/uploads\/2019\/04\/SOCIEDAD-ISRAELITA-768x576.jpg 768w, https:\/\/vocesparalelas.com.ar\/sitio\/wp-content\/uploads\/2019\/04\/SOCIEDAD-ISRAELITA.jpg 1000w\" sizes=\"auto, (max-width: 800px) 100vw, 800px\" \/><\/p>\n<p>&nbsp;<\/p>\n<p>&nbsp;<\/p>\n<div class=\"itemFullText\">\n<p>&nbsp;<\/p>\n<\/div>\n","protected":false},"excerpt":{"rendered":"<p>El vicegobernador y presidente nato de la C\u00e1mara de Diputados, CPN Roberto Gattoni particip\u00f3 en la sede de la Sociedad<\/p>\n","protected":false},"author":3,"featured_media":61390,"comment_status":"closed","ping_status":"closed","sticky":false,"template":"","format":"standard","meta":{"_acf_changed":false,"_seopress_robots_primary_cat":"none","_seopress_titles_title":"","_seopress_titles_desc":"","_seopress_robots_index":"","colormag_page_container_layout":"default_layout","colormag_page_sidebar_layout":"default_layout","footnotes":""},"categories":[1],"tags":[],"class_list":["post-61387","post","type-post","status-publish","format-standard","has-post-thumbnail","hentry","category-destacadas"],"acf":[],"_links":{"self":[{"href":"https:\/\/vocesparalelas.com.ar\/sitio\/wp-json\/wp\/v2\/posts\/61387","targetHints":{"allow":["GET"]}}],"collection":[{"href":"https:\/\/vocesparalelas.com.ar\/sitio\/wp-json\/wp\/v2\/posts"}],"about":[{"href":"https:\/\/vocesparalelas.com.ar\/sitio\/wp-json\/wp\/v2\/types\/post"}],"author":[{"embeddable":true,"href":"https:\/\/vocesparalelas.com.ar\/sitio\/wp-json\/wp\/v2\/users\/3"}],"replies":[{"embeddable":true,"href":"https:\/\/vocesparalelas.com.ar\/sitio\/wp-json\/wp\/v2\/comments?post=61387"}],"version-history":[{"count":3,"href":"https:\/\/vocesparalelas.com.ar\/sitio\/wp-json\/wp\/v2\/posts\/61387\/revisions"}],"predecessor-version":[{"id":61395,"href":"https:\/\/vocesparalelas.com.ar\/sitio\/wp-json\/wp\/v2\/posts\/61387\/revisions\/61395"}],"wp:featuredmedia":[{"embeddable":true,"href":"https:\/\/vocesparalelas.com.ar\/sitio\/wp-json\/wp\/v2\/media\/61390"}],"wp:attachment":[{"href":"https:\/\/vocesparalelas.com.ar\/sitio\/wp-json\/wp\/v2\/media?parent=61387"}],"wp:term":[{"taxonomy":"category","embeddable":true,"href":"https:\/\/vocesparalelas.com.ar\/sitio\/wp-json\/wp\/v2\/categories?post=61387"},{"taxonomy":"post_tag","embeddable":true,"href":"https:\/\/vocesparalelas.com.ar\/sitio\/wp-json\/wp\/v2\/tags?post=61387"}],"curies":[{"name":"wp","href":"https:\/\/api.w.org\/{rel}","templated":true}]}}