{"id":61378,"date":"2023-07-18T22:13:14","date_gmt":"2023-07-19T01:13:14","guid":{"rendered":"https:\/\/vocesparalelas.com.ar\/sitio\/?p=61378"},"modified":"2023-07-18T22:13:14","modified_gmt":"2023-07-19T01:13:14","slug":"fundame-san-juan-recibio-donaciones-del-ministro-de-mineria","status":"publish","type":"post","link":"https:\/\/vocesparalelas.com.ar\/sitio\/fundame-san-juan-recibio-donaciones-del-ministro-de-mineria\/","title":{"rendered":"FUNDAME San Juan recibi\u00f3 donaciones del Ministro de Miner\u00eda"},"content":{"rendered":"<p>El Ministro de Miner\u00eda del Gobierno de San Juan, Ing. Carlos Astudillo, concret\u00f3 la donaci\u00f3n de 10 televisores pantalla plana de 32 pulgadas que fueran oportunamente solicitados por FUNDAME para ser instalados en salas de Di\u00e1lisis y Trasplantes del Hospital Dr. Guillermo Rawson, para beneficio de los pacientes internados y sus familiares que deben permanecer en esas dependencias por largos periodos para sus tratamientos.<\/p>\n<p>La donaci\u00f3n fue recibida por la Presidente de la entidad, Mar\u00eda del Valle Garc\u00eda, quien agradeci\u00f3 este nuevo aporte realizado por la cartera minera que se suma a otros efectivizados a lo largo de los \u00faltimos a\u00f1os, y que les permite concretar un anhelo proyectado por la instituci\u00f3n en favor de los peque\u00f1os que padecen renales o aquellos que han recibido trasplantes y permanecen internados en el Hospital.<\/p>\n<p>Garc\u00eda estuvo acompa\u00f1ada en la oportunidad por Rosa Mercado en representaci\u00f3n de la Comisi\u00f3n Directiva y numerosos miembros del voluntariado de la organizaci\u00f3n; sum\u00e1ndose el titular de la Federaci\u00f3n Atl\u00e9tica Sanjuanina, Ra\u00fal Tejada, entidad que trabaja en forma mancomunada con FUNDAME para la recuperaci\u00f3n de los pacientes a trav\u00e9s del deporte, y que aport\u00f3 otros 5 equipos de tv.<\/p>\n<p>En la oportunidad el Ministro destac\u00f3 que \u201cnecesitamos un San Juan seguro, con un nivel educativo importante, con energ\u00eda para lo cual trabajamos cerrando los anillos energ\u00e9ticos con potencia hidr\u00e1ulica y solar, y necesitamos en San Juan con salud. Por eso el Ministerio se sum\u00f3 al aporte necesario para la construcci\u00f3n del Hospital de J\u00e1chal o el Hospital Tom\u00e1s Per\u00f3n de Iglesia. La idea es volcar los recursos mineros en toda la sociedad, porque nos concebimos como un todo. Lo hacemos a trav\u00e9s de organizaciones como en este caso FUNDAME, a quienes les estamos muy agradecidos y orgullosos de aportar este granito de arena para darle una mano a los comprovincianos para que su nivel de ida sea mejor \u00ab.<\/p>\n","protected":false},"excerpt":{"rendered":"<p>El Ministro de Miner\u00eda del Gobierno de San Juan, Ing. Carlos Astudillo, concret\u00f3 la donaci\u00f3n de 10 televisores pantalla plana<\/p>\n","protected":false},"author":3,"featured_media":61381,"comment_status":"closed","ping_status":"closed","sticky":false,"template":"","format":"standard","meta":{"_acf_changed":false,"_seopress_robots_primary_cat":"none","_seopress_titles_title":"","_seopress_titles_desc":"","_seopress_robots_index":"","colormag_page_container_layout":"default_layout","colormag_page_sidebar_layout":"default_layout","footnotes":""},"categories":[1],"tags":[],"class_list":["post-61378","post","type-post","status-publish","format-standard","has-post-thumbnail","hentry","category-destacadas"],"acf":[],"_links":{"self":[{"href":"https:\/\/vocesparalelas.com.ar\/sitio\/wp-json\/wp\/v2\/posts\/61378","targetHints":{"allow":["GET"]}}],"collection":[{"href":"https:\/\/vocesparalelas.com.ar\/sitio\/wp-json\/wp\/v2\/posts"}],"about":[{"href":"https:\/\/vocesparalelas.com.ar\/sitio\/wp-json\/wp\/v2\/types\/post"}],"author":[{"embeddable":true,"href":"https:\/\/vocesparalelas.com.ar\/sitio\/wp-json\/wp\/v2\/users\/3"}],"replies":[{"embeddable":true,"href":"https:\/\/vocesparalelas.com.ar\/sitio\/wp-json\/wp\/v2\/comments?post=61378"}],"version-history":[{"count":1,"href":"https:\/\/vocesparalelas.com.ar\/sitio\/wp-json\/wp\/v2\/posts\/61378\/revisions"}],"predecessor-version":[{"id":61382,"href":"https:\/\/vocesparalelas.com.ar\/sitio\/wp-json\/wp\/v2\/posts\/61378\/revisions\/61382"}],"wp:featuredmedia":[{"embeddable":true,"href":"https:\/\/vocesparalelas.com.ar\/sitio\/wp-json\/wp\/v2\/media\/61381"}],"wp:attachment":[{"href":"https:\/\/vocesparalelas.com.ar\/sitio\/wp-json\/wp\/v2\/media?parent=61378"}],"wp:term":[{"taxonomy":"category","embeddable":true,"href":"https:\/\/vocesparalelas.com.ar\/sitio\/wp-json\/wp\/v2\/categories?post=61378"},{"taxonomy":"post_tag","embeddable":true,"href":"https:\/\/vocesparalelas.com.ar\/sitio\/wp-json\/wp\/v2\/tags?post=61378"}],"curies":[{"name":"wp","href":"https:\/\/api.w.org\/{rel}","templated":true}]}}