{"id":61345,"date":"2023-07-17T22:31:06","date_gmt":"2023-07-18T01:31:06","guid":{"rendered":"https:\/\/vocesparalelas.com.ar\/sitio\/?p=61345"},"modified":"2023-07-18T23:47:27","modified_gmt":"2023-07-19T02:47:27","slug":"espectaculo-musical-concertango-ii-la-camorra-en-los-53-aniversario-del-auditorio-juan-victoria","status":"publish","type":"post","link":"https:\/\/vocesparalelas.com.ar\/sitio\/espectaculo-musical-concertango-ii-la-camorra-en-los-53-aniversario-del-auditorio-juan-victoria\/","title":{"rendered":"Espect\u00e1culo musical \u00abConcertango II, La Camorra\u00bb en los 53\u00b0 aniversario del Auditorio Juan Victoria"},"content":{"rendered":"<p>El Auditorio Juan Victoria, dependiente del Ministerio de Turismo y Cultura del Gobierno de San Juan, se viste de gala para celebrar su 53\u00b0 aniversario y cautivar al p\u00fablico con la pasi\u00f3n y el virtuosismo con destacados artistas.<\/p>\n<p>El Viernes, 21 de Julio, a las 21:30 hs, se llena de la pasi\u00f3n y el ritmo del tango con el espect\u00e1culo musical \u00abConcertango II, La Camorra\u00bb. Este concierto promete transportar al p\u00fablico a trav\u00e9s de las distintas facetas del tango, desde Gardel hasta Piazzolla.<\/p>\n<p>El inicio de la velada ser\u00e1 con el estreno absoluto en San Juan de \u00abLa Camorra\u00bb, pieza musical de Astor Piazzolla, compuesta de tres tangos para quinteto (bandone\u00f3n, piano, viol\u00edn, guitarra el\u00e9ctrica y contrabajo). Esta obra es una de las \u00faltimas composiciones del m\u00fasico, en la que despliega su maestr\u00eda creadora incorporando al lenguaje del tango rasgos de otros g\u00e9neros musicales como el jazz y la m\u00fasica contempor\u00e1nea.<\/p>\n<p>El elenco de int\u00e9rpretes est\u00e1 compuesto por reconocidos m\u00fasicos con una destacada trayectoria en el g\u00e9nero del tango. En primer lugar estar\u00e1 el cantor Ricardo Bazzetti, reconocido artista popular a nivel nacional e internacional, quien ha deleitado al p\u00fablico durante 17 a\u00f1os como miembro de \u00abLos Indianos\u00bb. Junto a \u00e9l, se presentar\u00e1n Hugo Figueroa en las guitarras, Leonardo Grosso en el contrabajo, Mariana Monta\u00f1ez en el piano y Pablo Grosman en el viol\u00edn. El bandone\u00f3n estar\u00e1 presente a lo largo de toda la funci\u00f3n, tanto en solos como acompa\u00f1ando al cantor, en d\u00fao con piano, en tr\u00edo con guitarra y contrabajo y en quinteto.<\/p>\n<p>Juan Jos\u00e9 Olguin, destacado bandoneonista y director musical, completa este conjunto de talentosos m\u00fasicos. Su dominio del bandone\u00f3n lo ha llevado a participar en numerosas presentaciones en diferentes regiones de Argentina y en el II Festival de Orquestas de Guitarras 2017 en Cali, Colombia. Su pasi\u00f3n por este instrumento se refleja en su reciente debut como bandoneonista solista en el Teatro del Bicentenario y en la presentaci\u00f3n de \u00abConcertango\u00bb en el Auditorio Juan Victoria en 2022.<\/p>\n<p>El programa de la noche abarca una variedad de formaciones y piezas musicales. Desde el bandone\u00f3n en solitario interpretando \u00abMi Fueye querido\u00bb de Leopoldo Federico, hasta el d\u00fao de canto y bandone\u00f3n con \u00abLa \u00faltima curda\u00bb de Troilo y C\u00e1tulo Castillo. El tr\u00edo de bandone\u00f3n, guitarra y contrabajo deleita al p\u00fablico con \u00abFalta Envido\u00bb de M\u00e1ximo Pujol. Adem\u00e1s, el quinteto conformado por bandone\u00f3n, piano, viol\u00edn, guitarra el\u00e9ctrica y contrabajo presentar\u00e1 obras como \u00abTanguera\u00bb de Mariano Mores y \u00abLa Camorra\u00bb de Astor Piazzolla, esta \u00faltima dividida en tres movimientos emocionantes.<\/p>\n<p>Concertango II, La Camorra promete ser una experiencia inolvidable para los amantes del tango y la m\u00fasica en general. Las entradas ya est\u00e1n a la venta en la boleter\u00eda del Auditorio, por el valor de un bono solidario de $800.<\/p>\n<p>&nbsp;<\/p>\n<p>&nbsp;<\/p>\n","protected":false},"excerpt":{"rendered":"<p>El Auditorio Juan Victoria, dependiente del Ministerio de Turismo y Cultura del Gobierno de San Juan, se viste de gala<\/p>\n","protected":false},"author":3,"featured_media":61349,"comment_status":"closed","ping_status":"closed","sticky":false,"template":"","format":"standard","meta":{"_acf_changed":false,"_seopress_robots_primary_cat":"none","_seopress_titles_title":"","_seopress_titles_desc":"","_seopress_robots_index":"","colormag_page_container_layout":"default_layout","colormag_page_sidebar_layout":"default_layout","footnotes":""},"categories":[20],"tags":[],"class_list":["post-61345","post","type-post","status-publish","format-standard","has-post-thumbnail","hentry","category-cartelera"],"acf":[],"_links":{"self":[{"href":"https:\/\/vocesparalelas.com.ar\/sitio\/wp-json\/wp\/v2\/posts\/61345","targetHints":{"allow":["GET"]}}],"collection":[{"href":"https:\/\/vocesparalelas.com.ar\/sitio\/wp-json\/wp\/v2\/posts"}],"about":[{"href":"https:\/\/vocesparalelas.com.ar\/sitio\/wp-json\/wp\/v2\/types\/post"}],"author":[{"embeddable":true,"href":"https:\/\/vocesparalelas.com.ar\/sitio\/wp-json\/wp\/v2\/users\/3"}],"replies":[{"embeddable":true,"href":"https:\/\/vocesparalelas.com.ar\/sitio\/wp-json\/wp\/v2\/comments?post=61345"}],"version-history":[{"count":4,"href":"https:\/\/vocesparalelas.com.ar\/sitio\/wp-json\/wp\/v2\/posts\/61345\/revisions"}],"predecessor-version":[{"id":61352,"href":"https:\/\/vocesparalelas.com.ar\/sitio\/wp-json\/wp\/v2\/posts\/61345\/revisions\/61352"}],"wp:featuredmedia":[{"embeddable":true,"href":"https:\/\/vocesparalelas.com.ar\/sitio\/wp-json\/wp\/v2\/media\/61349"}],"wp:attachment":[{"href":"https:\/\/vocesparalelas.com.ar\/sitio\/wp-json\/wp\/v2\/media?parent=61345"}],"wp:term":[{"taxonomy":"category","embeddable":true,"href":"https:\/\/vocesparalelas.com.ar\/sitio\/wp-json\/wp\/v2\/categories?post=61345"},{"taxonomy":"post_tag","embeddable":true,"href":"https:\/\/vocesparalelas.com.ar\/sitio\/wp-json\/wp\/v2\/tags?post=61345"}],"curies":[{"name":"wp","href":"https:\/\/api.w.org\/{rel}","templated":true}]}}