{"id":61338,"date":"2023-07-17T23:15:16","date_gmt":"2023-07-18T02:15:16","guid":{"rendered":"https:\/\/vocesparalelas.com.ar\/sitio\/?p=61338"},"modified":"2023-07-18T23:46:56","modified_gmt":"2023-07-19T02:46:56","slug":"concierto-el-trombon-en-el-siglo-xx-de-la-ffha-de-la-unsj-en-el-teatro-del-bicentenario","status":"publish","type":"post","link":"https:\/\/vocesparalelas.com.ar\/sitio\/concierto-el-trombon-en-el-siglo-xx-de-la-ffha-de-la-unsj-en-el-teatro-del-bicentenario\/","title":{"rendered":"Concierto \u00abEl Tromb\u00f3n en el Siglo XX\u00bb\u00a0de la FFHA de la UNSJ en el Teatro del Bicentenario"},"content":{"rendered":"<p>El Ministerio de Turismo y Cultura del Gobierno de San Juan, a trav\u00e9s del Teatro del Bicentenario, invita a la comunidad al concierto de la c\u00e1tedra de Tromb\u00f3n de la Facultad de Filosof\u00eda, Humanidades y Artes de la Universidad Nacional de San Juan. Un espect\u00e1culo\u00a0enfocado en el estudio del instrumento con cruce de artes esc\u00e9nicas y pl\u00e1sticas.<\/p>\n<p>Los alumnos enfrentan el desaf\u00edo de interpretar\u00a0un repertorio con grandes exponentes del siglo XX, con piezas de autores contempor\u00e1neos como Malcolm Arnold, Steven Verhelst o cl\u00e1sicos como Richard Strauss, entre otros, que integran composiciones de Tromb\u00f3n solo.<\/p>\n<p>Las performances cuenta con acompa\u00f1amiento de otras artes como la actuaci\u00f3n, la danza y la pintura con artistas invitados. Los profesores de la c\u00e1tedra se suman para brindar lo que resulta un c\u00e1lido e inspirador concierto.<\/p>\n<p>El Tromb\u00f3n en el Siglo XX<em>\u00a0<\/em>sube a escena el Jueves, 27 de Agosto, a las 20 hs, en la Sala Audit\u00f3rium. Las entradas son gratuitas con invitaci\u00f3n y se pueden retirar por Secci\u00f3n Alumnos del Departamento de M\u00fasica de la FFHA de la UNSJ a partir del Martes, 25 de Julio hasta agotar cupo.<\/p>\n<p>Voces Paralelas publica un video de archivo de un grupo de que interpret\u00f3 el Tromb\u00f3n.<\/p>\n<p><iframe loading=\"lazy\" title=\"FFHA UNSJ PATENTES\" width=\"800\" height=\"450\" src=\"https:\/\/www.youtube.com\/embed\/sRTzQMmcdRM?feature=oembed\" frameborder=\"0\" allow=\"accelerometer; autoplay; clipboard-write; encrypted-media; gyroscope; picture-in-picture; web-share\" allowfullscreen><\/iframe><\/p>\n<figure id=\"attachment_32104\" aria-describedby=\"caption-attachment-32104\" style=\"width: 800px\" class=\"wp-caption alignnone\"><img loading=\"lazy\" decoding=\"async\" class=\"size-full wp-image-32104\" src=\"https:\/\/vocesparalelas.com.ar\/sitio\/wp-content\/uploads\/2020\/10\/TEATRO-DEL-BICENTENARIO.jpg\" alt=\"\" width=\"800\" height=\"475\" srcset=\"https:\/\/vocesparalelas.com.ar\/sitio\/wp-content\/uploads\/2020\/10\/TEATRO-DEL-BICENTENARIO.jpg 800w, https:\/\/vocesparalelas.com.ar\/sitio\/wp-content\/uploads\/2020\/10\/TEATRO-DEL-BICENTENARIO-300x178.jpg 300w, https:\/\/vocesparalelas.com.ar\/sitio\/wp-content\/uploads\/2020\/10\/TEATRO-DEL-BICENTENARIO-768x456.jpg 768w\" sizes=\"auto, (max-width: 800px) 100vw, 800px\" \/><figcaption id=\"caption-attachment-32104\" class=\"wp-caption-text\">Teatro del Bicentenario<\/figcaption><\/figure>\n<p>&nbsp;<\/p>\n<p><img loading=\"lazy\" decoding=\"async\" class=\"alignnone size-large wp-image-43889\" src=\"https:\/\/vocesparalelas.com.ar\/sitio\/wp-content\/uploads\/2021\/11\/FFHA-FRENTE-1-800x600.jpg\" alt=\"\" width=\"800\" height=\"600\" srcset=\"https:\/\/vocesparalelas.com.ar\/sitio\/wp-content\/uploads\/2021\/11\/FFHA-FRENTE-1-800x600.jpg 800w, https:\/\/vocesparalelas.com.ar\/sitio\/wp-content\/uploads\/2021\/11\/FFHA-FRENTE-1-300x225.jpg 300w, https:\/\/vocesparalelas.com.ar\/sitio\/wp-content\/uploads\/2021\/11\/FFHA-FRENTE-1-768x576.jpg 768w, https:\/\/vocesparalelas.com.ar\/sitio\/wp-content\/uploads\/2021\/11\/FFHA-FRENTE-1.jpg 1024w\" sizes=\"auto, (max-width: 800px) 100vw, 800px\" \/><\/p>\n<p><img loading=\"lazy\" decoding=\"async\" class=\"alignnone size-full wp-image-53945\" src=\"https:\/\/vocesparalelas.com.ar\/sitio\/wp-content\/uploads\/2022\/10\/UNSJ-LOGO-50-FINAL.jpg\" alt=\"\" width=\"800\" height=\"476\" srcset=\"https:\/\/vocesparalelas.com.ar\/sitio\/wp-content\/uploads\/2022\/10\/UNSJ-LOGO-50-FINAL.jpg 800w, https:\/\/vocesparalelas.com.ar\/sitio\/wp-content\/uploads\/2022\/10\/UNSJ-LOGO-50-FINAL-300x179.jpg 300w, https:\/\/vocesparalelas.com.ar\/sitio\/wp-content\/uploads\/2022\/10\/UNSJ-LOGO-50-FINAL-768x457.jpg 768w\" sizes=\"auto, (max-width: 800px) 100vw, 800px\" \/><\/p>\n<p><img loading=\"lazy\" decoding=\"async\" class=\"alignnone size-full wp-image-54035\" src=\"https:\/\/vocesparalelas.com.ar\/sitio\/wp-content\/uploads\/2022\/11\/UNSJ-LOGO-10.jpg\" alt=\"\" width=\"800\" height=\"533\" srcset=\"https:\/\/vocesparalelas.com.ar\/sitio\/wp-content\/uploads\/2022\/11\/UNSJ-LOGO-10.jpg 800w, https:\/\/vocesparalelas.com.ar\/sitio\/wp-content\/uploads\/2022\/11\/UNSJ-LOGO-10-300x200.jpg 300w, https:\/\/vocesparalelas.com.ar\/sitio\/wp-content\/uploads\/2022\/11\/UNSJ-LOGO-10-768x512.jpg 768w\" sizes=\"auto, (max-width: 800px) 100vw, 800px\" \/><\/p>\n","protected":false},"excerpt":{"rendered":"<p>El Ministerio de Turismo y Cultura del Gobierno de San Juan, a trav\u00e9s del Teatro del Bicentenario, invita a la<\/p>\n","protected":false},"author":3,"featured_media":61341,"comment_status":"closed","ping_status":"closed","sticky":false,"template":"","format":"standard","meta":{"_acf_changed":false,"_seopress_robots_primary_cat":"none","_seopress_titles_title":"","_seopress_titles_desc":"","_seopress_robots_index":"","colormag_page_container_layout":"default_layout","colormag_page_sidebar_layout":"default_layout","footnotes":""},"categories":[20,7],"tags":[],"class_list":["post-61338","post","type-post","status-publish","format-standard","has-post-thumbnail","hentry","category-cartelera","category-videos"],"acf":[],"_links":{"self":[{"href":"https:\/\/vocesparalelas.com.ar\/sitio\/wp-json\/wp\/v2\/posts\/61338","targetHints":{"allow":["GET"]}}],"collection":[{"href":"https:\/\/vocesparalelas.com.ar\/sitio\/wp-json\/wp\/v2\/posts"}],"about":[{"href":"https:\/\/vocesparalelas.com.ar\/sitio\/wp-json\/wp\/v2\/types\/post"}],"author":[{"embeddable":true,"href":"https:\/\/vocesparalelas.com.ar\/sitio\/wp-json\/wp\/v2\/users\/3"}],"replies":[{"embeddable":true,"href":"https:\/\/vocesparalelas.com.ar\/sitio\/wp-json\/wp\/v2\/comments?post=61338"}],"version-history":[{"count":3,"href":"https:\/\/vocesparalelas.com.ar\/sitio\/wp-json\/wp\/v2\/posts\/61338\/revisions"}],"predecessor-version":[{"id":61344,"href":"https:\/\/vocesparalelas.com.ar\/sitio\/wp-json\/wp\/v2\/posts\/61338\/revisions\/61344"}],"wp:featuredmedia":[{"embeddable":true,"href":"https:\/\/vocesparalelas.com.ar\/sitio\/wp-json\/wp\/v2\/media\/61341"}],"wp:attachment":[{"href":"https:\/\/vocesparalelas.com.ar\/sitio\/wp-json\/wp\/v2\/media?parent=61338"}],"wp:term":[{"taxonomy":"category","embeddable":true,"href":"https:\/\/vocesparalelas.com.ar\/sitio\/wp-json\/wp\/v2\/categories?post=61338"},{"taxonomy":"post_tag","embeddable":true,"href":"https:\/\/vocesparalelas.com.ar\/sitio\/wp-json\/wp\/v2\/tags?post=61338"}],"curies":[{"name":"wp","href":"https:\/\/api.w.org\/{rel}","templated":true}]}}