{"id":61333,"date":"2023-07-17T23:02:32","date_gmt":"2023-07-18T02:02:32","guid":{"rendered":"https:\/\/vocesparalelas.com.ar\/sitio\/?p=61333"},"modified":"2023-07-18T23:46:02","modified_gmt":"2023-07-19T02:46:02","slug":"concurso-xxxv-edicion-de-la-cata-de-vinos-san-juan-2023","status":"publish","type":"post","link":"https:\/\/vocesparalelas.com.ar\/sitio\/concurso-xxxv-edicion-de-la-cata-de-vinos-san-juan-2023\/","title":{"rendered":"Concurso XXXV edici\u00f3n de la Cata de Vinos \u00abSan Juan 2023\u00bb"},"content":{"rendered":"<p>En San Juan, las autoridades presentaron la XXXV edici\u00f3n de la Cata de Vinos \u2013 San Juan 2023, cuyo concurso es organizado por el Centro y Consejo de En\u00f3logos de San Juan, con el apoyo del Gobierno de San Juan a trav\u00e9s del Ministerio de la Producci\u00f3n y Desarrollo Econ\u00f3mico, el INV, COVIAR y c\u00e1maras del sector.<\/p>\n<p>Un panel de cata especializado, eval\u00faa las muestras, asigna puntajes seg\u00fan par\u00e1metros establecidos y finalmente, las muestras premiadas son presentadas al p\u00fablico en un evento de cierre, que re\u00fane a representantes de todos los sectores vinculados a la actividad.<\/p>\n<p>En esta edici\u00f3n se pretende ajustar su trabajo a las normas internacionales, para lo que se ha solicitado a la Organizaci\u00f3n Internacional de la Vi\u00f1a y el Vino (OIV), la designaci\u00f3n de un veedor para evaluar el proceso y realizar aportes en ese sentido.<\/p>\n<p><strong><span style=\"color: #800080;\">Cronograma<\/span><\/strong><\/p>\n<ul>\n<li>21 de julio al 31 de agosto: convocatoria a bodegas<\/li>\n<li>21 de julio al 31 de agosto: recepci\u00f3n de muestras<\/li>\n<li>04 al 29 de septiembre: cata a ciegas<\/li>\n<li>21 de octubre: ceremonia de premiaci\u00f3n<\/li>\n<li>24 de noviembre (D\u00eda del Vino Argentino): evento en la Casa de San Juan en Buenos Aires para presentar los vinos premiados en la Cata 2023<\/li>\n<\/ul>\n<p>Participaron del encuentro el ministro de Producci\u00f3n y Desarrollo Econ\u00f3mico, Ing. Ariel Lucero; el secretario de Agricultura, Ganader\u00eda y Agroindustria, Mart\u00edn G\u00f3mez Sabati\u00e9; el director de Asuntos Vitivin\u00edcolas, Mario Ca\u00f1adas y el subdirector, Nicol\u00e1s Serasio. Tambi\u00e9n asistieron el presidente del Centro y Consejo de En\u00f3logos, Pedro Pelegrina; el presidente de la C\u00e1mara Vitivin\u00edcola, Gustavo Samper y el presidente de la C\u00e1mara de Bodegueros, Mauricio Colom\u00e9.<\/p>\n<p>Al comienzo del acto, Pelegrina explic\u00f3 los detalles de este Concurso Nacional. Las bases y condiciones<\/p>\n<p><a href=\"file:\/\/\/C:\/Users\/Usuario13\/Downloads\/Bases%20y%20Condiciones%20XXXV%20Cata%20de%20Vinos%20San%20Juan%202023%20Concurso%20Nacional.pdf\">file:\/\/\/C:\/Users\/Usuario13\/Downloads\/Bases%20y%20Condiciones%20XXXV%20Cata%20de%20Vinos%20San%20Juan%202023%20Concurso%20Nacional.pdf<\/a><\/p>\n<p>Luego, Samper expres\u00f3: \u201cDesde la C\u00e1mara Vitivin\u00edcola apoyamos y hacemos todo lo que se pueda para mejorar este concurso. Ha sido muy dif\u00edcil sostener la Cata por 35 a\u00f1os y ahora se viene mucho trabajo y hay que hacer un reconocimiento tanto al Ministerio de Producci\u00f3n y al Centro y Consejo de En\u00f3logos. Es important\u00edsimo para la industria este concurso que cada d\u00eda crece m\u00e1s y tiende a tener ribetes internacionales que es uno de los anhelos que uno ya quiere que tenga la Cata. Creo que es fundamental que todos los sanjuaninos apoyemos este evento, tanto participando con muestras como tambi\u00e9n en la fiesta de premiaci\u00f3n y difusi\u00f3n para que sea un \u00e9xito m\u00e1s\u201d.<\/p>\n<p>A su turno, Ariel Lucero manifest\u00f3: \u201cSon 35 a\u00f1os continuos que indican que cuando las cosas se proyectan bien, hay una capacidad de adaptarse constantemente a la evoluci\u00f3n que va teniendo el sector vitivin\u00edcola y perduran. Que la cata pueda estar dentro del cronograma del patrocinio de la OIV es muy gratificante para nosotros. Buscamos dar un paso m\u00e1s, adaptarnos a la realidad y poder explotar sus valles que genera un posicionamiento distinto de la vitivinicultura sanjuanina a nivel nacional y el mundo. Tenemos cada vez m\u00e1s oferta y etiquetas de vinos sanjuaninos en los mercados y destaco el trabajo del sector privado en conjunto con el Gobierno de la Provincia para que esto sea as\u00ed\u201d.<\/p>\n<p><strong><span style=\"color: #800080;\">Otros eventos de posicionamiento de la cadena vitivin\u00edcola de San Juan<\/span><\/strong><\/p>\n<ul>\n<li><span style=\"color: #800080;\"><strong>Evaluaci\u00f3n de Vinos Sanjuaninos &#8211; EVISAN<\/strong><\/span><\/li>\n<\/ul>\n<p>Tiene como objetivo favorecer la mejora continua de los vinos sanjuaninos para contribuir a que este emblem\u00e1tico producto provincial, se ubique en un nivel superior de la escala de valoraci\u00f3n de los vinos y logre ganar nuevos mercados.<\/p>\n<p>La evaluaci\u00f3n se hace sobre vinos varietales puros, una vez terminado el proceso de elaboraci\u00f3n y antes de las intervenciones que permiten la obtenci\u00f3n de productos para mercado (cortes, paso por madera, etc.).<\/p>\n<p>Este evento es organizado por la Universidad Cat\u00f3lica de Cuyo y el Ministerio de Producci\u00f3n y Desarrollo Econ\u00f3mico, con la colaboraci\u00f3n del Consejo y Centro de En\u00f3logos de la Provincia de San Juan.<\/p>\n<p>Actualmente, est\u00e1 en la etapa final del proceso y el informe final de la evaluaci\u00f3n y los resultados ser\u00e1n presentados el pr\u00f3ximo 4 de agosto.<\/p>\n<ul>\n<li><span style=\"color: #800080;\"><strong>Seminario Vitivin\u00edcola: El valor de las regiones y las Innovaciones del Sector<\/strong><\/span><\/li>\n<\/ul>\n<p>Con el fin de poner valor la actividad vitivin\u00edcola de la provincia y del pa\u00eds, considerando que la din\u00e1mica de los mercados y de la tecnolog\u00eda, requieren sumar informaci\u00f3n, espacios de discusi\u00f3n y debate, a fin de sostener la competitividad de la producci\u00f3n vitivin\u00edcola sanjuanina, el 18 de octubre se llevar\u00e1 a cabo en nuestra provincia, un Seminario con el patrocinio de la Organizaci\u00f3n Internacional de la Vi\u00f1a y el Vino (OIV). Este seminario tendr\u00e1 como expositor a un especialista en digitalizaci\u00f3n de la vitivinicultura de la OIV y expositores locales para tratar tem\u00e1ticas referidas a la valorizaci\u00f3n de los vinos por su origen, la importancia de la evaluaci\u00f3n sensorial para la caracterizaci\u00f3n de los vinos y las innovaciones del sector en relaci\u00f3n a tipos de vinos.<\/p>\n","protected":false},"excerpt":{"rendered":"<p>En San Juan, las autoridades presentaron la XXXV edici\u00f3n de la Cata de Vinos \u2013 San Juan 2023, cuyo concurso<\/p>\n","protected":false},"author":3,"featured_media":61336,"comment_status":"closed","ping_status":"closed","sticky":false,"template":"","format":"standard","meta":{"_acf_changed":false,"_seopress_robots_primary_cat":"none","_seopress_titles_title":"","_seopress_titles_desc":"","_seopress_robots_index":"","colormag_page_container_layout":"default_layout","colormag_page_sidebar_layout":"default_layout","footnotes":""},"categories":[8],"tags":[],"class_list":["post-61333","post","type-post","status-publish","format-standard","has-post-thumbnail","hentry","category-concursos"],"acf":[],"_links":{"self":[{"href":"https:\/\/vocesparalelas.com.ar\/sitio\/wp-json\/wp\/v2\/posts\/61333","targetHints":{"allow":["GET"]}}],"collection":[{"href":"https:\/\/vocesparalelas.com.ar\/sitio\/wp-json\/wp\/v2\/posts"}],"about":[{"href":"https:\/\/vocesparalelas.com.ar\/sitio\/wp-json\/wp\/v2\/types\/post"}],"author":[{"embeddable":true,"href":"https:\/\/vocesparalelas.com.ar\/sitio\/wp-json\/wp\/v2\/users\/3"}],"replies":[{"embeddable":true,"href":"https:\/\/vocesparalelas.com.ar\/sitio\/wp-json\/wp\/v2\/comments?post=61333"}],"version-history":[{"count":1,"href":"https:\/\/vocesparalelas.com.ar\/sitio\/wp-json\/wp\/v2\/posts\/61333\/revisions"}],"predecessor-version":[{"id":61337,"href":"https:\/\/vocesparalelas.com.ar\/sitio\/wp-json\/wp\/v2\/posts\/61333\/revisions\/61337"}],"wp:featuredmedia":[{"embeddable":true,"href":"https:\/\/vocesparalelas.com.ar\/sitio\/wp-json\/wp\/v2\/media\/61336"}],"wp:attachment":[{"href":"https:\/\/vocesparalelas.com.ar\/sitio\/wp-json\/wp\/v2\/media?parent=61333"}],"wp:term":[{"taxonomy":"category","embeddable":true,"href":"https:\/\/vocesparalelas.com.ar\/sitio\/wp-json\/wp\/v2\/categories?post=61333"},{"taxonomy":"post_tag","embeddable":true,"href":"https:\/\/vocesparalelas.com.ar\/sitio\/wp-json\/wp\/v2\/tags?post=61333"}],"curies":[{"name":"wp","href":"https:\/\/api.w.org\/{rel}","templated":true}]}}