{"id":61324,"date":"2023-07-17T22:18:27","date_gmt":"2023-07-18T01:18:27","guid":{"rendered":"https:\/\/vocesparalelas.com.ar\/sitio\/?p=61324"},"modified":"2023-07-18T23:46:25","modified_gmt":"2023-07-19T02:46:25","slug":"sumate-a-la-semana-de-la-prevencion-para-el-ahogamiento-en-san-juan","status":"publish","type":"post","link":"https:\/\/vocesparalelas.com.ar\/sitio\/sumate-a-la-semana-de-la-prevencion-para-el-ahogamiento-en-san-juan\/","title":{"rendered":"Sumate a la \u201cSemana de la Prevenci\u00f3n para el Ahogamiento\u201d en San Juan"},"content":{"rendered":"<p>El \u00e1rea Seguridad N\u00e1utica de la Secretar\u00eda de Deportes del Gobierno de San Juan, en conmemoraci\u00f3n del D\u00eda Mundial de la Prevenci\u00f3n para el Ahogamiento, que se celebra el 25 de Julio, realiza diferentes acciones en el marco de la \u201cSemana de la Prevenci\u00f3n para el Ahogamiento\u201d.<\/p>\n<p>Es importante aclarar que, el \u00e1rea Seguridad N\u00e1utica de la Secretar\u00eda de Deportes del Gobierno de San Juan funciona en elespacio que fue de los Bomberos de San Juan, San Luis y Abarestain, Capital<\/p>\n<p>Esta semana de concientizaci\u00f3n, que comienza el Lunes 24 de Julio y finaliza el Domingo, 30 de Julio, tiene como objetivo principal educar y sensibilizar a la comunidad sobre la importancia de prevenir los ahogamientos y promover la seguridad acu\u00e1tica.<\/p>\n<p>En abril de 2021, Naciones Unidas adopt\u00f3 la hist\u00f3rica primera Resoluci\u00f3n sobre la Prevenci\u00f3n Mundial del Ahogamiento, reconociendo la magnitud del problema y solicitando una acci\u00f3n coordinada para prevenir los ahogamientos.<\/p>\n<p>La Organizaci\u00f3n Mundial de la Salud \u2013 OMS \u2013 destaca que \u00abcasi 360 000 personas mueren ahogadas cada a\u00f1o en el mundo, m\u00e1s del 90% de ellas en pa\u00edses de ingresos bajos y medianos. M\u00e1s de la mitad de estas muertes se producen entre personas menores de 25 a\u00f1os, y los ni\u00f1os menores de 5 a\u00f1os corren el mayor riesgo. El\u00a0ahogamiento es la tercera causa de mortalidad en todo el mundo\u00a0entre las personas con edades comprendidas entre los 5 y los 14 a\u00f1os.<\/p>\n<p>A pesar de estos datos tr\u00e1gicos, la prevenci\u00f3n de ahogamientos recibe relativamente poca atenci\u00f3n y pocos recursos\u00bb Por lo tanto, durante esta semana de prevenci\u00f3n, Seguridad N\u00e1utica llevar\u00e1 a cabo una serie de actividades dise\u00f1adas para brindar informaci\u00f3n y fomentar la prevenci\u00f3n del ahogamiento.<\/p>\n<p>Entre estas actividades se incluyen\u00a0charlas educativas en espacios p\u00fablicos y privados, demostraciones pr\u00e1cticas y la distribuci\u00f3n de material informativo. Adem\u00e1s, se crearon infograf\u00edas y videos cortos como herramientas visuales para promover medidas de seguridad y prevenci\u00f3n.<\/p>\n<p>Por ello, Voces Paralelas desarroll\u00f3 una entrevista period\u00edstica al integrante del \u00c1rea de Seguridad N\u00e1utica de la Secretar\u00eda de Deportes del Gobierno de San Juan, Guardavida Felipe Builes, quien explic\u00f3 lo que significa la prevenci\u00f3n para el Ahogamiento, donde la poblaci\u00f3n debe tener conciencia al momento de estar en espacios de agua de gran magnitud.<\/p>\n<p><iframe loading=\"lazy\" title=\"SAN JUAN GUARDAVIDAS FELIPE BUILES\" width=\"800\" height=\"450\" src=\"https:\/\/www.youtube.com\/embed\/sKlfwLOEEw4?feature=oembed\" frameborder=\"0\" allow=\"accelerometer; autoplay; clipboard-write; encrypted-media; gyroscope; picture-in-picture; web-share\" allowfullscreen><\/iframe><\/p>\n<figure id=\"attachment_61330\" aria-describedby=\"caption-attachment-61330\" style=\"width: 800px\" class=\"wp-caption alignnone\"><img loading=\"lazy\" decoding=\"async\" class=\"wp-image-61330 size-full\" src=\"https:\/\/vocesparalelas.com.ar\/sitio\/wp-content\/uploads\/2023\/07\/DEPORTES-FELIPE-01.jpg\" alt=\"\" width=\"800\" height=\"533\" srcset=\"https:\/\/vocesparalelas.com.ar\/sitio\/wp-content\/uploads\/2023\/07\/DEPORTES-FELIPE-01.jpg 800w, https:\/\/vocesparalelas.com.ar\/sitio\/wp-content\/uploads\/2023\/07\/DEPORTES-FELIPE-01-300x200.jpg 300w, https:\/\/vocesparalelas.com.ar\/sitio\/wp-content\/uploads\/2023\/07\/DEPORTES-FELIPE-01-768x512.jpg 768w\" sizes=\"auto, (max-width: 800px) 100vw, 800px\" \/><figcaption id=\"caption-attachment-61330\" class=\"wp-caption-text\">Integrantes del \u00c1rea de Seguridad N\u00e1utica de la Secretar\u00eda de Deportes del Gobierno de San Juan, que son guardavidas.<\/figcaption><\/figure>\n<p><img loading=\"lazy\" decoding=\"async\" class=\"alignnone size-full wp-image-61241\" src=\"https:\/\/vocesparalelas.com.ar\/sitio\/wp-content\/uploads\/2023\/07\/AHOGAMIENTO-EN-AGUA-01.jpg\" alt=\"\" width=\"800\" height=\"450\" srcset=\"https:\/\/vocesparalelas.com.ar\/sitio\/wp-content\/uploads\/2023\/07\/AHOGAMIENTO-EN-AGUA-01.jpg 800w, https:\/\/vocesparalelas.com.ar\/sitio\/wp-content\/uploads\/2023\/07\/AHOGAMIENTO-EN-AGUA-01-300x169.jpg 300w, https:\/\/vocesparalelas.com.ar\/sitio\/wp-content\/uploads\/2023\/07\/AHOGAMIENTO-EN-AGUA-01-768x432.jpg 768w\" sizes=\"auto, (max-width: 800px) 100vw, 800px\" \/><\/p>\n<p>&nbsp;<\/p>\n<p><img loading=\"lazy\" decoding=\"async\" class=\"alignnone size-full wp-image-59964\" src=\"https:\/\/vocesparalelas.com.ar\/sitio\/wp-content\/uploads\/2023\/06\/BANDERA-SAN-JUAN.jpg\" alt=\"\" width=\"800\" height=\"600\" srcset=\"https:\/\/vocesparalelas.com.ar\/sitio\/wp-content\/uploads\/2023\/06\/BANDERA-SAN-JUAN.jpg 800w, https:\/\/vocesparalelas.com.ar\/sitio\/wp-content\/uploads\/2023\/06\/BANDERA-SAN-JUAN-300x225.jpg 300w, https:\/\/vocesparalelas.com.ar\/sitio\/wp-content\/uploads\/2023\/06\/BANDERA-SAN-JUAN-768x576.jpg 768w\" sizes=\"auto, (max-width: 800px) 100vw, 800px\" \/><\/p>\n","protected":false},"excerpt":{"rendered":"<p>El \u00e1rea Seguridad N\u00e1utica de la Secretar\u00eda de Deportes del Gobierno de San Juan, en conmemoraci\u00f3n del D\u00eda Mundial de<\/p>\n","protected":false},"author":3,"featured_media":61331,"comment_status":"closed","ping_status":"closed","sticky":false,"template":"","format":"standard","meta":{"_acf_changed":false,"_seopress_robots_primary_cat":"none","_seopress_titles_title":"","_seopress_titles_desc":"","_seopress_robots_index":"","colormag_page_container_layout":"default_layout","colormag_page_sidebar_layout":"default_layout","footnotes":""},"categories":[6,7],"tags":[],"class_list":["post-61324","post","type-post","status-publish","format-standard","has-post-thumbnail","hentry","category-eventos","category-videos"],"acf":[],"_links":{"self":[{"href":"https:\/\/vocesparalelas.com.ar\/sitio\/wp-json\/wp\/v2\/posts\/61324","targetHints":{"allow":["GET"]}}],"collection":[{"href":"https:\/\/vocesparalelas.com.ar\/sitio\/wp-json\/wp\/v2\/posts"}],"about":[{"href":"https:\/\/vocesparalelas.com.ar\/sitio\/wp-json\/wp\/v2\/types\/post"}],"author":[{"embeddable":true,"href":"https:\/\/vocesparalelas.com.ar\/sitio\/wp-json\/wp\/v2\/users\/3"}],"replies":[{"embeddable":true,"href":"https:\/\/vocesparalelas.com.ar\/sitio\/wp-json\/wp\/v2\/comments?post=61324"}],"version-history":[{"count":4,"href":"https:\/\/vocesparalelas.com.ar\/sitio\/wp-json\/wp\/v2\/posts\/61324\/revisions"}],"predecessor-version":[{"id":61332,"href":"https:\/\/vocesparalelas.com.ar\/sitio\/wp-json\/wp\/v2\/posts\/61324\/revisions\/61332"}],"wp:featuredmedia":[{"embeddable":true,"href":"https:\/\/vocesparalelas.com.ar\/sitio\/wp-json\/wp\/v2\/media\/61331"}],"wp:attachment":[{"href":"https:\/\/vocesparalelas.com.ar\/sitio\/wp-json\/wp\/v2\/media?parent=61324"}],"wp:term":[{"taxonomy":"category","embeddable":true,"href":"https:\/\/vocesparalelas.com.ar\/sitio\/wp-json\/wp\/v2\/categories?post=61324"},{"taxonomy":"post_tag","embeddable":true,"href":"https:\/\/vocesparalelas.com.ar\/sitio\/wp-json\/wp\/v2\/tags?post=61324"}],"curies":[{"name":"wp","href":"https:\/\/api.w.org\/{rel}","templated":true}]}}