{"id":61314,"date":"2023-07-17T21:16:25","date_gmt":"2023-07-18T00:16:25","guid":{"rendered":"https:\/\/vocesparalelas.com.ar\/sitio\/?p=61314"},"modified":"2023-07-21T21:24:00","modified_gmt":"2023-07-22T00:24:00","slug":"en-san-juan-se-desarrolla-el-encuentro-internacional-de-contrabajo-de-la-ffha-de-la-unsj","status":"publish","type":"post","link":"https:\/\/vocesparalelas.com.ar\/sitio\/en-san-juan-se-desarrolla-el-encuentro-internacional-de-contrabajo-de-la-ffha-de-la-unsj\/","title":{"rendered":"En San Juan se desarrolla el \u00abEncuentro Internacional de Contrabajo\u00bb de la FFHA de la UNSJ"},"content":{"rendered":"<p>En San Juan, se desarrolla el \u00abEncuentro Internacional de Contrabajo\u00bb de la C\u00e1tedra de Contrabajo de la Facultad de Filosof\u00eda, Humanidades y Artes de la Universidad Nacional de San Juan, del 17 al 22 de Julio, de 9 a 13 y de 16 a 21 hs.; en el Auditorio Juan Victoria.<\/p>\n<p>El encuentro re\u00fane estudiantes de contrabajo de distintos puntos del pa\u00eds y tambi\u00e9n de otros lugares del mundo como Chile, Uruguay, Paraguay y de Argentina como de las provincias de San Juan, Salta, Jujuy, Buenos Aires, Mendoza, Neuqu\u00e9n, Bah\u00eda Blanca y C\u00f3rdoba.<\/p>\n<p>El objetivo es el perfeccionamiento de las destrezas y habilidades en el desempe\u00f1o como instrumentista e int\u00e9rprete en el abordaje del repertorio musical, tanto como solista o integrante de un grupo u orquesta.<\/p>\n<p>Voces Paralelas particip\u00f3 de la Clase magistral del Prof. Luis Cabrera, quien escuch\u00f3 la ejecuci\u00f3n del estudiante y realiz\u00f3 observaciones para mejorar. La clase fue fant\u00e1stica tanto para el alumno, el profesor y los presentes. Esta propuesta es un orgullo para los estudiantes de contrabajo que gozan un nivel de perseverancia que permite mejorar. Esta oportunidad la brindan los integrantes de la C\u00e1tedra de Contrabajo, quienes tienen la responsabilidad de ofrecer a los estudiantes otras miradas de maestros internacionales con gran experiencia como el Prof. Luis Cabrera.<\/p>\n<p><iframe loading=\"lazy\" title=\"UNSJ FFHA CATEDRA CONTRABAJO\" width=\"800\" height=\"450\" src=\"https:\/\/www.youtube.com\/embed\/JNG_r3uV-hE?start=15&#038;feature=oembed\" frameborder=\"0\" allow=\"accelerometer; autoplay; clipboard-write; encrypted-media; gyroscope; picture-in-picture; web-share\" allowfullscreen><\/iframe><\/p>\n<p><img loading=\"lazy\" decoding=\"async\" class=\"alignnone size-full wp-image-61317\" src=\"https:\/\/vocesparalelas.com.ar\/sitio\/wp-content\/uploads\/2023\/07\/FFHA-CLASE-CONTRABAJO-01.jpg\" alt=\"\" width=\"800\" height=\"600\" srcset=\"https:\/\/vocesparalelas.com.ar\/sitio\/wp-content\/uploads\/2023\/07\/FFHA-CLASE-CONTRABAJO-01.jpg 800w, https:\/\/vocesparalelas.com.ar\/sitio\/wp-content\/uploads\/2023\/07\/FFHA-CLASE-CONTRABAJO-01-300x225.jpg 300w, https:\/\/vocesparalelas.com.ar\/sitio\/wp-content\/uploads\/2023\/07\/FFHA-CLASE-CONTRABAJO-01-768x576.jpg 768w\" sizes=\"auto, (max-width: 800px) 100vw, 800px\" \/><\/p>\n<p><iframe loading=\"lazy\" title=\"UNSJ FFHA C\u00c1TEDRA DE CONTRABAJO\" width=\"800\" height=\"450\" src=\"https:\/\/www.youtube.com\/embed\/Zfvo_uPcjNw?feature=oembed\" frameborder=\"0\" allow=\"accelerometer; autoplay; clipboard-write; encrypted-media; gyroscope; picture-in-picture; web-share\" allowfullscreen><\/iframe><\/p>\n<p><img loading=\"lazy\" decoding=\"async\" class=\"alignnone size-full wp-image-61318\" src=\"https:\/\/vocesparalelas.com.ar\/sitio\/wp-content\/uploads\/2023\/07\/FFHA-CLASE-CONTRABAJO-02.jpg\" alt=\"\" width=\"800\" height=\"600\" srcset=\"https:\/\/vocesparalelas.com.ar\/sitio\/wp-content\/uploads\/2023\/07\/FFHA-CLASE-CONTRABAJO-02.jpg 800w, https:\/\/vocesparalelas.com.ar\/sitio\/wp-content\/uploads\/2023\/07\/FFHA-CLASE-CONTRABAJO-02-300x225.jpg 300w, https:\/\/vocesparalelas.com.ar\/sitio\/wp-content\/uploads\/2023\/07\/FFHA-CLASE-CONTRABAJO-02-768x576.jpg 768w\" sizes=\"auto, (max-width: 800px) 100vw, 800px\" \/><\/p>\n<p><iframe loading=\"lazy\" title=\"UNSJ FFHA C\u00c1TEDRA DE CONTRABAJO\" width=\"800\" height=\"450\" src=\"https:\/\/www.youtube.com\/embed\/yEoBVVk_OFI?start=17&#038;feature=oembed\" frameborder=\"0\" allow=\"accelerometer; autoplay; clipboard-write; encrypted-media; gyroscope; picture-in-picture; web-share\" allowfullscreen><\/iframe><\/p>\n<p>Finalizada, la clase Magistral Voces Paralelas desarroll\u00f3 una entrevista period\u00edstica al Prof. Luis Cabrera, quien apost\u00f3 al conocimiento de la alumnos de Contrabajo con maravillosos aportes para el quehacer de ejecutar el instrumento para fortalecer el camino de aprendizaje.<\/p>\n<figure id=\"attachment_61319\" aria-describedby=\"caption-attachment-61319\" style=\"width: 800px\" class=\"wp-caption alignnone\"><img loading=\"lazy\" decoding=\"async\" class=\"size-full wp-image-61319\" src=\"https:\/\/vocesparalelas.com.ar\/sitio\/wp-content\/uploads\/2023\/07\/FFHA-CLASE-CONTRABAJO-03.jpg\" alt=\"\" width=\"800\" height=\"533\" srcset=\"https:\/\/vocesparalelas.com.ar\/sitio\/wp-content\/uploads\/2023\/07\/FFHA-CLASE-CONTRABAJO-03.jpg 800w, https:\/\/vocesparalelas.com.ar\/sitio\/wp-content\/uploads\/2023\/07\/FFHA-CLASE-CONTRABAJO-03-300x200.jpg 300w, https:\/\/vocesparalelas.com.ar\/sitio\/wp-content\/uploads\/2023\/07\/FFHA-CLASE-CONTRABAJO-03-768x512.jpg 768w\" sizes=\"auto, (max-width: 800px) 100vw, 800px\" \/><figcaption id=\"caption-attachment-61319\" class=\"wp-caption-text\">Prof. Leonardo Grosso junto al Prof. Luis Cabrera<\/figcaption><\/figure>\n<p>&nbsp;<\/p>\n<p><iframe loading=\"lazy\" title=\"UNSJ FFHA PROF LUIS CABRERA\" width=\"800\" height=\"450\" src=\"https:\/\/www.youtube.com\/embed\/hYG5zryLmLg?feature=oembed\" frameborder=\"0\" allow=\"accelerometer; autoplay; clipboard-write; encrypted-media; gyroscope; picture-in-picture; web-share\" allowfullscreen><\/iframe><\/p>\n<p><span style=\"color: #0000ff;\"><strong>Programa<\/strong><\/span><\/p>\n<ul>\n<li>Clase magistral a cargo del Prof. Luis Cabrera, de Lunes a Viernes, de 9 a 13 hs.<\/li>\n<li>Coloquio a cargo del Prof. Luis Cabrera, Viernes, a las 18 hs<\/li>\n<li>Taller \u00abCuidados b\u00e1sicos y mantenimiento de instrumentos de cuerda frotada\u00bb, a cargo del Luthier Mat\u00edas Cara, el S\u00e1bado, 22 de Julio.<\/li>\n<\/ul>\n<p>Al finalizar el taller se entrega el certificados a los participantes.<\/p>\n<p><span style=\"color: #0000ff;\"><strong>Organiza<\/strong><\/span><\/p>\n<p>C\u00e1tedra de Contrabajo de la FFHA de la UNSJ<\/p>\n<p><span style=\"color: #0000ff;\"><strong>Apoyan<\/strong><\/span><\/p>\n<ul>\n<li>Facultad de Filosof\u00eda, Humanidades y Artes de la Universidad Nacional de San Juan<\/li>\n<li>Ministerio de Turismo y Cultura del Gobierno de San Juan<\/li>\n<li>Fundaci\u00f3n del Banco San Juan<\/li>\n<li>Centro de Creaci\u00f3n Art\u00edstica Orquestal<\/li>\n<li>Complejo Auditorio Juan Victoria<\/li>\n<\/ul>\n<p><img loading=\"lazy\" decoding=\"async\" class=\"alignnone size-large wp-image-43889\" src=\"https:\/\/vocesparalelas.com.ar\/sitio\/wp-content\/uploads\/2021\/11\/FFHA-FRENTE-1-800x600.jpg\" alt=\"\" width=\"800\" height=\"600\" srcset=\"https:\/\/vocesparalelas.com.ar\/sitio\/wp-content\/uploads\/2021\/11\/FFHA-FRENTE-1-800x600.jpg 800w, https:\/\/vocesparalelas.com.ar\/sitio\/wp-content\/uploads\/2021\/11\/FFHA-FRENTE-1-300x225.jpg 300w, https:\/\/vocesparalelas.com.ar\/sitio\/wp-content\/uploads\/2021\/11\/FFHA-FRENTE-1-768x576.jpg 768w, https:\/\/vocesparalelas.com.ar\/sitio\/wp-content\/uploads\/2021\/11\/FFHA-FRENTE-1.jpg 1024w\" sizes=\"auto, (max-width: 800px) 100vw, 800px\" \/><\/p>\n<p><img loading=\"lazy\" decoding=\"async\" class=\"alignnone size-full wp-image-53945\" src=\"https:\/\/vocesparalelas.com.ar\/sitio\/wp-content\/uploads\/2022\/10\/UNSJ-LOGO-50-FINAL.jpg\" alt=\"\" width=\"800\" height=\"476\" srcset=\"https:\/\/vocesparalelas.com.ar\/sitio\/wp-content\/uploads\/2022\/10\/UNSJ-LOGO-50-FINAL.jpg 800w, https:\/\/vocesparalelas.com.ar\/sitio\/wp-content\/uploads\/2022\/10\/UNSJ-LOGO-50-FINAL-300x179.jpg 300w, https:\/\/vocesparalelas.com.ar\/sitio\/wp-content\/uploads\/2022\/10\/UNSJ-LOGO-50-FINAL-768x457.jpg 768w\" sizes=\"auto, (max-width: 800px) 100vw, 800px\" \/><\/p>\n<p><img loading=\"lazy\" decoding=\"async\" class=\"alignnone size-full wp-image-54035\" src=\"https:\/\/vocesparalelas.com.ar\/sitio\/wp-content\/uploads\/2022\/11\/UNSJ-LOGO-10.jpg\" alt=\"\" width=\"800\" height=\"533\" srcset=\"https:\/\/vocesparalelas.com.ar\/sitio\/wp-content\/uploads\/2022\/11\/UNSJ-LOGO-10.jpg 800w, https:\/\/vocesparalelas.com.ar\/sitio\/wp-content\/uploads\/2022\/11\/UNSJ-LOGO-10-300x200.jpg 300w, https:\/\/vocesparalelas.com.ar\/sitio\/wp-content\/uploads\/2022\/11\/UNSJ-LOGO-10-768x512.jpg 768w\" sizes=\"auto, (max-width: 800px) 100vw, 800px\" \/><\/p>\n","protected":false},"excerpt":{"rendered":"<p>En San Juan, se desarrolla el \u00abEncuentro Internacional de Contrabajo\u00bb de la C\u00e1tedra de Contrabajo de la Facultad de Filosof\u00eda,<\/p>\n","protected":false},"author":3,"featured_media":61320,"comment_status":"closed","ping_status":"closed","sticky":false,"template":"","format":"standard","meta":{"_acf_changed":false,"_seopress_robots_primary_cat":"none","_seopress_titles_title":"","_seopress_titles_desc":"","_seopress_robots_index":"","colormag_page_container_layout":"default_layout","colormag_page_sidebar_layout":"default_layout","footnotes":""},"categories":[9,7],"tags":[],"class_list":["post-61314","post","type-post","status-publish","format-standard","has-post-thumbnail","hentry","category-cursos","category-videos"],"acf":[],"_links":{"self":[{"href":"https:\/\/vocesparalelas.com.ar\/sitio\/wp-json\/wp\/v2\/posts\/61314","targetHints":{"allow":["GET"]}}],"collection":[{"href":"https:\/\/vocesparalelas.com.ar\/sitio\/wp-json\/wp\/v2\/posts"}],"about":[{"href":"https:\/\/vocesparalelas.com.ar\/sitio\/wp-json\/wp\/v2\/types\/post"}],"author":[{"embeddable":true,"href":"https:\/\/vocesparalelas.com.ar\/sitio\/wp-json\/wp\/v2\/users\/3"}],"replies":[{"embeddable":true,"href":"https:\/\/vocesparalelas.com.ar\/sitio\/wp-json\/wp\/v2\/comments?post=61314"}],"version-history":[{"count":1,"href":"https:\/\/vocesparalelas.com.ar\/sitio\/wp-json\/wp\/v2\/posts\/61314\/revisions"}],"predecessor-version":[{"id":61323,"href":"https:\/\/vocesparalelas.com.ar\/sitio\/wp-json\/wp\/v2\/posts\/61314\/revisions\/61323"}],"wp:featuredmedia":[{"embeddable":true,"href":"https:\/\/vocesparalelas.com.ar\/sitio\/wp-json\/wp\/v2\/media\/61320"}],"wp:attachment":[{"href":"https:\/\/vocesparalelas.com.ar\/sitio\/wp-json\/wp\/v2\/media?parent=61314"}],"wp:term":[{"taxonomy":"category","embeddable":true,"href":"https:\/\/vocesparalelas.com.ar\/sitio\/wp-json\/wp\/v2\/categories?post=61314"},{"taxonomy":"post_tag","embeddable":true,"href":"https:\/\/vocesparalelas.com.ar\/sitio\/wp-json\/wp\/v2\/tags?post=61314"}],"curies":[{"name":"wp","href":"https:\/\/api.w.org\/{rel}","templated":true}]}}