{"id":6128,"date":"2017-10-12T19:28:49","date_gmt":"2017-10-12T22:28:49","guid":{"rendered":"http:\/\/vocesparalelas.com.ar\/sitio\/?p=6128"},"modified":"2017-10-13T15:43:10","modified_gmt":"2017-10-13T18:43:10","slug":"sahni-agradece-por-la-campana-egresados-solidarios","status":"publish","type":"post","link":"https:\/\/vocesparalelas.com.ar\/sitio\/sahni-agradece-por-la-campana-egresados-solidarios\/","title":{"rendered":"SAHNI agradece por la Campa\u00f1a \u201cEgresados Solidarios\u201d"},"content":{"rendered":"<p>Las autoridades de la Sociedad Amigos del Hospital de Ni\u00f1os \u2013 SAHNI &#8211; D\u00e9bora Gallerano y Liliana L\u00f3pez, presidente y tesorera de SAHNI, respectivamente, expresaron su agradecimiento al gobernador de la Provincia, Dr. Sergio U\u00f1ac por la colaboraci\u00f3n de su administraci\u00f3n con la Campa\u00f1a \u201cEgresados Solidarios\u201d.<\/p>\n<p>Dicha campa\u00f1a, la quinta que se realiza en la Provincia, permiti\u00f3 que estudiantes secundarios\u00a0 recolectaran 46 toneladas de material pl\u00e1stico que son vendidos y cuya recaudaci\u00f3n est\u00e1 destinada a solventar las actividades de Casa SAHNI.<\/p>\n<p>Durante la charla, el primer mandatario les expres\u00f3 a las autoridades de SAHNI su satisfacci\u00f3n porque a trav\u00e9s de este tipo de iniciativa se educa, se cuida el ambiente y se siembra la semilla de la solidaridad entre los j\u00f3venes estudiantes sanjuaninos.<\/p>\n<p>El esfuerzo de los chicos de quinto a\u00f1o que juntaron 46 toneladas de botellas Pet tuvo su recompensa, ya que el establecimiento ganador, la Escuela de Comercio Alfonsina Storni, de Caucete se adjudic\u00f3 un viaje de fin de curso a Bariloche. En segundo lugar,\u00a0 los alumnos del \u00faltimo a\u00f1o de la tambi\u00e9n caucetera Escuela Normal Superior Manuel Belgrano, se hicieron merecedores de un viaje a la ciudad de Carlos Paz.<\/p>\n<p><img loading=\"lazy\" decoding=\"async\" class=\"alignnone size-medium wp-image-5631\" src=\"https:\/\/vocesparalelas.com.ar\/sitio\/wp-content\/uploads\/2017\/09\/EGRESADOS-SOLIDARIOS-300x200.jpg\" alt=\"\" width=\"300\" height=\"200\" srcset=\"https:\/\/vocesparalelas.com.ar\/sitio\/wp-content\/uploads\/2017\/09\/EGRESADOS-SOLIDARIOS-300x200.jpg 300w, https:\/\/vocesparalelas.com.ar\/sitio\/wp-content\/uploads\/2017\/09\/EGRESADOS-SOLIDARIOS-768x512.jpg 768w, https:\/\/vocesparalelas.com.ar\/sitio\/wp-content\/uploads\/2017\/09\/EGRESADOS-SOLIDARIOS-800x533.jpg 800w, https:\/\/vocesparalelas.com.ar\/sitio\/wp-content\/uploads\/2017\/09\/EGRESADOS-SOLIDARIOS.jpg 900w\" sizes=\"auto, (max-width: 300px) 100vw, 300px\" \/> <img loading=\"lazy\" decoding=\"async\" class=\"alignnone size-medium wp-image-5632\" src=\"https:\/\/vocesparalelas.com.ar\/sitio\/wp-content\/uploads\/2017\/09\/SOLIDARIO-01-300x200.jpg\" alt=\"\" width=\"300\" height=\"200\" srcset=\"https:\/\/vocesparalelas.com.ar\/sitio\/wp-content\/uploads\/2017\/09\/SOLIDARIO-01-300x200.jpg 300w, https:\/\/vocesparalelas.com.ar\/sitio\/wp-content\/uploads\/2017\/09\/SOLIDARIO-01-768x512.jpg 768w, https:\/\/vocesparalelas.com.ar\/sitio\/wp-content\/uploads\/2017\/09\/SOLIDARIO-01-800x534.jpg 800w, https:\/\/vocesparalelas.com.ar\/sitio\/wp-content\/uploads\/2017\/09\/SOLIDARIO-01.jpg 1000w\" sizes=\"auto, (max-width: 300px) 100vw, 300px\" \/><\/p>\n<p>Por otra parte, las autoridades de SAHNI le comentaron al gobernador que el pasado martes la instituci\u00f3n cumpli\u00f3 55 a\u00f1os de ininterrumpida actividad solidaria en San Juan.<\/p>\n<p>Desde la apertura de la Casa SAHNI, a comienzos de 2014, m\u00e1s de 1.600 chicos provenientes de los distintos departamentos de la provincia se han alojado en la residencia mientras recib\u00edan asistencia m\u00e9dica en el hospital Rawson. Igualmente, numerosas mujeres embarazadas o bien de alto riego o con ni\u00f1os\u00a0 internados en el servicio de Neonatolog\u00eda del citado centro de salud, han tenido residencia temporal en Casa SAHNI.<\/p>\n<p>El primer mandatario provincial agradeci\u00f3 la visita, reconoci\u00f3 la tarea solidaria que desarrolla SAHNI y dej\u00f3 abierta la posibilidad de continuar con la Campa\u00f1a Egresados Solidarios 2018.<\/p>\n<p>&nbsp;<\/p>\n<p>&nbsp;<\/p>\n","protected":false},"excerpt":{"rendered":"<p>Las autoridades de la Sociedad Amigos del Hospital de Ni\u00f1os \u2013 SAHNI &#8211; D\u00e9bora Gallerano y Liliana L\u00f3pez, presidente y<\/p>\n","protected":false},"author":3,"featured_media":6129,"comment_status":"closed","ping_status":"closed","sticky":false,"template":"","format":"standard","meta":{"_acf_changed":false,"_seopress_robots_primary_cat":"","_seopress_titles_title":"","_seopress_titles_desc":"","_seopress_robots_index":"","colormag_page_container_layout":"default_layout","colormag_page_sidebar_layout":"default_layout","footnotes":""},"categories":[6],"tags":[],"class_list":["post-6128","post","type-post","status-publish","format-standard","has-post-thumbnail","hentry","category-eventos"],"acf":[],"_links":{"self":[{"href":"https:\/\/vocesparalelas.com.ar\/sitio\/wp-json\/wp\/v2\/posts\/6128","targetHints":{"allow":["GET"]}}],"collection":[{"href":"https:\/\/vocesparalelas.com.ar\/sitio\/wp-json\/wp\/v2\/posts"}],"about":[{"href":"https:\/\/vocesparalelas.com.ar\/sitio\/wp-json\/wp\/v2\/types\/post"}],"author":[{"embeddable":true,"href":"https:\/\/vocesparalelas.com.ar\/sitio\/wp-json\/wp\/v2\/users\/3"}],"replies":[{"embeddable":true,"href":"https:\/\/vocesparalelas.com.ar\/sitio\/wp-json\/wp\/v2\/comments?post=6128"}],"version-history":[{"count":0,"href":"https:\/\/vocesparalelas.com.ar\/sitio\/wp-json\/wp\/v2\/posts\/6128\/revisions"}],"wp:featuredmedia":[{"embeddable":true,"href":"https:\/\/vocesparalelas.com.ar\/sitio\/wp-json\/wp\/v2\/media\/6129"}],"wp:attachment":[{"href":"https:\/\/vocesparalelas.com.ar\/sitio\/wp-json\/wp\/v2\/media?parent=6128"}],"wp:term":[{"taxonomy":"category","embeddable":true,"href":"https:\/\/vocesparalelas.com.ar\/sitio\/wp-json\/wp\/v2\/categories?post=6128"},{"taxonomy":"post_tag","embeddable":true,"href":"https:\/\/vocesparalelas.com.ar\/sitio\/wp-json\/wp\/v2\/tags?post=6128"}],"curies":[{"name":"wp","href":"https:\/\/api.w.org\/{rel}","templated":true}]}}