{"id":61279,"date":"2023-07-14T23:37:26","date_gmt":"2023-07-15T02:37:26","guid":{"rendered":"https:\/\/vocesparalelas.com.ar\/sitio\/?p=61279"},"modified":"2023-07-18T01:34:13","modified_gmt":"2023-07-18T04:34:13","slug":"firma-de-convenio-para-el-plan-la-finalizacion-de-estudios-secundario-en-san-juan","status":"publish","type":"post","link":"https:\/\/vocesparalelas.com.ar\/sitio\/firma-de-convenio-para-el-plan-la-finalizacion-de-estudios-secundario-en-san-juan\/","title":{"rendered":"Firma de convenio para el Plan la Finalizaci\u00f3n de Estudios Secundario en San Juan"},"content":{"rendered":"<p>La ministra de Educaci\u00f3n del Gobierno de San Juan, Lic. Cecilia Trincado y el secretario de Estado de Seguridad, Dr. Carlos Munisaga, junto a la directora de J\u00f3venes y Adultos, Prof. Gabriela Moreno, firmaron un convenio marco de cooperaci\u00f3n, ratificado por Decreto N\u00b0 1079-ME-2021, para la implementaci\u00f3n del Plan de Finalizaci\u00f3n de Estudios Secundario para quienes se encuentran en situaci\u00f3n de vulnerabilidad psicosocial y que no pueden acceder al sistema educativo formal, posibilitando la terminalidad escolar a todos aquellos que tienen estudios incompletos, a trav\u00e9s de la Direcci\u00f3n de Protecci\u00f3n al Preso, liberado y excarcelado.<\/p>\n<p>Tambi\u00e9n, participaron del acto la titular de la Direcci\u00f3n de Protecci\u00f3n al Preso, liberado y excarcelado, Cora Aguilar y Gaspar Gil, asesor de la titular de la cartera educativa.<\/p>\n<p><strong><span style=\"color: #008000;\">La competencia de las \u00e1reas ser\u00e1 la siguiente:<\/span><\/strong><\/p>\n<p><strong><span style=\"color: #008000;\">Direcci\u00f3n de Protecci\u00f3n al Preso, liberado y excarcelado se compromete a:<\/span><\/strong><\/p>\n<ul>\n<li>Difundir la convocatoria entre los destinatarios.<\/li>\n<li>Relevar y clasificar la demanda.<\/li>\n<li>Gestionar la documentaci\u00f3n necesaria para la inscripci\u00f3n de los interesados en la escuela sede, CENS N\u00ba 74 Juan Vucetich.<\/li>\n<li>En el caso que resulte oportuno proveer, y administrar los recursos para el Plan (espacio f\u00edsico, disponibilidad horaria, mobiliario, materiales impresos, etc.).<\/li>\n<li>Designar un referente administrativo.<\/li>\n<li>Tendr\u00e1 a su cargo el pago de los honorarios de los profesores\/tutores\/referentes.<\/li>\n<\/ul>\n<p><span style=\"color: #008000;\"><strong>Direcci\u00f3n de Educaci\u00f3n de J\u00f3venes y Adultos se compromete a:<\/strong><\/span><\/p>\n<ul>\n<li>Garantizar que la escuela sede CENS N\u00ba 74 Juan Vucetich, certifique los estudios secundarios de los alumnos que aprueben los ciclos del Plan de Terminalidad.<\/li>\n<li>Garantizar se otorgare el t\u00edtulo de Bachiller con la Orientaci\u00f3n que corresponda, a los alumnos que aprueben los m\u00f3dulos.<\/li>\n<li>Archivar en las escuelas sedes la documentaci\u00f3n y registros de los alumnos que finalizaron estudios..<\/li>\n<li>Designar a los referentes y docentes tutores.<\/li>\n<li>Capacitar a los tutores y referentes administrativos.<\/li>\n<li>Acompa\u00f1ar y monitorear el desempe\u00f1o de docentes y tutores.<\/li>\n<li>Proporcionar el material de apoyo y la normativa vigente para las tutor\u00edas y evaluaci\u00f3n.<\/li>\n<li>Generar un sistema de consultas permanentes entre la Direcci\u00f3n de Educaci\u00f3n de J\u00f3venes y Adultos y la persona que designe la Secretar\u00eda de Estado de Seguridad.<\/li>\n<\/ul>\n<p>&nbsp;<\/p>\n","protected":false},"excerpt":{"rendered":"<p>La ministra de Educaci\u00f3n del Gobierno de San Juan, Lic. Cecilia Trincado y el secretario de Estado de Seguridad, Dr.<\/p>\n","protected":false},"author":3,"featured_media":61282,"comment_status":"closed","ping_status":"closed","sticky":false,"template":"","format":"standard","meta":{"_acf_changed":false,"_seopress_robots_primary_cat":"none","_seopress_titles_title":"","_seopress_titles_desc":"","_seopress_robots_index":"","colormag_page_container_layout":"default_layout","colormag_page_sidebar_layout":"default_layout","footnotes":""},"categories":[5],"tags":[],"class_list":["post-61279","post","type-post","status-publish","format-standard","has-post-thumbnail","hentry","category-ofrecimientos"],"acf":[],"_links":{"self":[{"href":"https:\/\/vocesparalelas.com.ar\/sitio\/wp-json\/wp\/v2\/posts\/61279","targetHints":{"allow":["GET"]}}],"collection":[{"href":"https:\/\/vocesparalelas.com.ar\/sitio\/wp-json\/wp\/v2\/posts"}],"about":[{"href":"https:\/\/vocesparalelas.com.ar\/sitio\/wp-json\/wp\/v2\/types\/post"}],"author":[{"embeddable":true,"href":"https:\/\/vocesparalelas.com.ar\/sitio\/wp-json\/wp\/v2\/users\/3"}],"replies":[{"embeddable":true,"href":"https:\/\/vocesparalelas.com.ar\/sitio\/wp-json\/wp\/v2\/comments?post=61279"}],"version-history":[{"count":1,"href":"https:\/\/vocesparalelas.com.ar\/sitio\/wp-json\/wp\/v2\/posts\/61279\/revisions"}],"predecessor-version":[{"id":61283,"href":"https:\/\/vocesparalelas.com.ar\/sitio\/wp-json\/wp\/v2\/posts\/61279\/revisions\/61283"}],"wp:featuredmedia":[{"embeddable":true,"href":"https:\/\/vocesparalelas.com.ar\/sitio\/wp-json\/wp\/v2\/media\/61282"}],"wp:attachment":[{"href":"https:\/\/vocesparalelas.com.ar\/sitio\/wp-json\/wp\/v2\/media?parent=61279"}],"wp:term":[{"taxonomy":"category","embeddable":true,"href":"https:\/\/vocesparalelas.com.ar\/sitio\/wp-json\/wp\/v2\/categories?post=61279"},{"taxonomy":"post_tag","embeddable":true,"href":"https:\/\/vocesparalelas.com.ar\/sitio\/wp-json\/wp\/v2\/tags?post=61279"}],"curies":[{"name":"wp","href":"https:\/\/api.w.org\/{rel}","templated":true}]}}