{"id":61275,"date":"2023-07-14T23:07:50","date_gmt":"2023-07-15T02:07:50","guid":{"rendered":"https:\/\/vocesparalelas.com.ar\/sitio\/?p=61275"},"modified":"2023-07-18T01:33:15","modified_gmt":"2023-07-18T04:33:15","slug":"muestra-parte-de-tu-mundo-en-el-anchipura-de-san-juan","status":"publish","type":"post","link":"https:\/\/vocesparalelas.com.ar\/sitio\/muestra-parte-de-tu-mundo-en-el-anchipura-de-san-juan\/","title":{"rendered":"Muestra \u201cParte de Tu Mundo\u201d en el Anchipura de San Juan"},"content":{"rendered":"<p>La muestra estar\u00e1 a cargo del Artista Pl\u00e1stico, Humberto Costa, quien es reconocido pintor y escultor de la provincia, adem\u00e1s de profesor de Artes Pl\u00e1sticas en la Facultad de Filosof\u00eda, Humanidades y Artes. Ejerce sus actividades de Extensi\u00f3n Universitaria en el Centro de Creaci\u00f3n de Artes Visuales de la Universidad Nacional de San Juan.<\/p>\n<p>La muestra \u201cParte de Tu Mundo\u201d se realiza a partir de materia prima del residuo, como el telgopor, pl\u00e1stico, metales, papel, cart\u00f3n, entre otros.<\/p>\n<p>La exposici\u00f3n est\u00e1 abierta al p\u00fablico desde el 19 de Julio al 21 de Agosto, de Lunes a Viernes, de 9 a 19 hs.; S\u00e1bados y Feriados, de 10 a 19 hs.; y Domingos, de 15 a 19:30 hs.; en el Centro Ambiental Anchipura. Los visitantes que realicen la visita guiada pueden observar la mencionada muestra.<\/p>\n<p><span style=\"color: #339966;\"><strong>Antecedentes del artista y su obra<\/strong><\/span><\/p>\n<p>Humberto Costa tiene una larga trayectoria y participaciones en distintas muestras colectivas desde 1976, no solo en San Juan si no a nivel nacional e internacional. Realiza muestras individuales de dibujo, pintura y escultura en la provincia y participa en salones regionales, nacionales, internacionales. Particip\u00f3 como invitado en la muestra pict\u00f3rica \u201cabrazo cultural\u201d Buenos Aires &#8211; San Juan, en octubre 2001 Sal\u00f3n Azul Congreso de la Naci\u00f3n. Muestra Individual \u201cPintura y Escultura\u201d Foyer del Auditorio Juan Victoria en San Juan en el mes de Noviembre 2002. Muestra de Pintura en el Centro de Ciencias Econ\u00f3micas.<\/p>\n<p><span style=\"color: #339966;\"><strong>Muestras Recientes<\/strong><\/span><\/p>\n<p>Sus participaciones m\u00e1s actuales son; Participaci\u00f3n Exposici\u00f3n \u201cFiguraci\u00f3n y Abstracci\u00f3n, al fin del mundo\u201d Museo mar\u00edtimo de Ushuaia enero 2010. Participaci\u00f3n Sal\u00f3n de verano Galer\u00eda Mitra Bs As enero 2010. Exposici\u00f3n Galer\u00eda Mitra febrero 2010. Participaci\u00f3n Muestra colectiva La Noche del Cobre CC Jos\u00e9 A. Conte Grand junio2010. Participaci\u00f3n Sal\u00f3n de verano Galer\u00eda Mitra Bs As enero 2010. Participaci\u00f3n en Proyecto 200 OTO\u00d1OS Direcci\u00f3n de Cultura de la Municipalidad de la Ciudad de San Juan en abril del 2010.<\/p>\n<p>Actualmente posee obras en la Galer\u00eda Antigua Bodega, Museo Franklin Rawson, Biblioteca Franklin de San Juan, en tanto que en la provincia de Buenos Aires en la Galer\u00eda Mitra y Art. Dealer Nazli Kalayci.<\/p>\n","protected":false},"excerpt":{"rendered":"<p>La muestra estar\u00e1 a cargo del Artista Pl\u00e1stico, Humberto Costa, quien es reconocido pintor y escultor de la provincia, adem\u00e1s<\/p>\n","protected":false},"author":3,"featured_media":37935,"comment_status":"closed","ping_status":"closed","sticky":false,"template":"","format":"standard","meta":{"_acf_changed":false,"_seopress_robots_primary_cat":"none","_seopress_titles_title":"","_seopress_titles_desc":"","_seopress_robots_index":"","colormag_page_container_layout":"default_layout","colormag_page_sidebar_layout":"default_layout","footnotes":""},"categories":[20],"tags":[],"class_list":["post-61275","post","type-post","status-publish","format-standard","has-post-thumbnail","hentry","category-cartelera"],"acf":[],"_links":{"self":[{"href":"https:\/\/vocesparalelas.com.ar\/sitio\/wp-json\/wp\/v2\/posts\/61275","targetHints":{"allow":["GET"]}}],"collection":[{"href":"https:\/\/vocesparalelas.com.ar\/sitio\/wp-json\/wp\/v2\/posts"}],"about":[{"href":"https:\/\/vocesparalelas.com.ar\/sitio\/wp-json\/wp\/v2\/types\/post"}],"author":[{"embeddable":true,"href":"https:\/\/vocesparalelas.com.ar\/sitio\/wp-json\/wp\/v2\/users\/3"}],"replies":[{"embeddable":true,"href":"https:\/\/vocesparalelas.com.ar\/sitio\/wp-json\/wp\/v2\/comments?post=61275"}],"version-history":[{"count":1,"href":"https:\/\/vocesparalelas.com.ar\/sitio\/wp-json\/wp\/v2\/posts\/61275\/revisions"}],"predecessor-version":[{"id":61278,"href":"https:\/\/vocesparalelas.com.ar\/sitio\/wp-json\/wp\/v2\/posts\/61275\/revisions\/61278"}],"wp:featuredmedia":[{"embeddable":true,"href":"https:\/\/vocesparalelas.com.ar\/sitio\/wp-json\/wp\/v2\/media\/37935"}],"wp:attachment":[{"href":"https:\/\/vocesparalelas.com.ar\/sitio\/wp-json\/wp\/v2\/media?parent=61275"}],"wp:term":[{"taxonomy":"category","embeddable":true,"href":"https:\/\/vocesparalelas.com.ar\/sitio\/wp-json\/wp\/v2\/categories?post=61275"},{"taxonomy":"post_tag","embeddable":true,"href":"https:\/\/vocesparalelas.com.ar\/sitio\/wp-json\/wp\/v2\/tags?post=61275"}],"curies":[{"name":"wp","href":"https:\/\/api.w.org\/{rel}","templated":true}]}}