{"id":6125,"date":"2017-10-12T18:48:54","date_gmt":"2017-10-12T21:48:54","guid":{"rendered":"http:\/\/vocesparalelas.com.ar\/sitio\/?p=6125"},"modified":"2017-10-13T15:43:35","modified_gmt":"2017-10-13T18:43:35","slug":"maraton-la-milla-para-tomar-conciencia-de-los-derechos","status":"publish","type":"post","link":"https:\/\/vocesparalelas.com.ar\/sitio\/maraton-la-milla-para-tomar-conciencia-de-los-derechos\/","title":{"rendered":"Marat\u00f3n \u201cLa Milla\u201d para tomar conciencia de los Derechos"},"content":{"rendered":"<p>Diferentes \u00e1reas de la secretar\u00eda de Ambiente participaron de la Marat\u00f3n \u201cLa Milla\u201d para tomar conciencia de los Derechos y en el marco del mes de la educaci\u00f3n especial, realizada por la Escuela de Educaci\u00f3n M\u00faltiple de Ullum, cuyos premios fueron las Revistas Ambientales y \u00e1rboles.<\/p>\n<p>Cada a\u00f1o la Escuela de Educaci\u00f3n M\u00faltiple de Ull\u00fam, organiza el evento y tuvo el apoyo de diferentes \u00e1reas de la secretar\u00eda de Ambiente y Desarrollo Sustentable del Gobierno de San Juan.<\/p>\n<p>La Secretar\u00eda de Ambiente y Desarrollo Sustentable tambi\u00e9n fue parte de la marat\u00f3n, ya que los Guardaparque del \u00c1rea Protegida Loma de las Tapias colaboraron en las diferentes tareas organizativas y entrega de Revistas Clubes Ambientales en Movimiento, adem\u00e1s la Direcci\u00f3n de Arbolado P\u00fablico entreg\u00f3 15 ejemplares de fresno como premio para los participantes.<\/p>\n<p>Es importante recordar que, la Secretar\u00eda de Ambiente trabaja constantemente junto a Escuela de Educaci\u00f3n M\u00faltiple de Ull\u00fam, a trav\u00e9s del acompa\u00f1amiento a su Club Ambiental Escolar, que trabaja en la ejecuci\u00f3n de un proyecto ambiental, con asesoramiento y una activa participaci\u00f3n en las diferentes tareas ejecutadas.<\/p>\n<p>&nbsp;<\/p>\n<p>&nbsp;<\/p>\n","protected":false},"excerpt":{"rendered":"<p>Diferentes \u00e1reas de la secretar\u00eda de Ambiente participaron de la Marat\u00f3n \u201cLa Milla\u201d para tomar conciencia de los Derechos y<\/p>\n","protected":false},"author":3,"featured_media":6126,"comment_status":"closed","ping_status":"closed","sticky":false,"template":"","format":"standard","meta":{"_acf_changed":false,"_seopress_robots_primary_cat":"","_seopress_titles_title":"","_seopress_titles_desc":"","_seopress_robots_index":"","colormag_page_container_layout":"default_layout","colormag_page_sidebar_layout":"default_layout","footnotes":""},"categories":[6],"tags":[],"class_list":["post-6125","post","type-post","status-publish","format-standard","has-post-thumbnail","hentry","category-eventos"],"acf":[],"_links":{"self":[{"href":"https:\/\/vocesparalelas.com.ar\/sitio\/wp-json\/wp\/v2\/posts\/6125","targetHints":{"allow":["GET"]}}],"collection":[{"href":"https:\/\/vocesparalelas.com.ar\/sitio\/wp-json\/wp\/v2\/posts"}],"about":[{"href":"https:\/\/vocesparalelas.com.ar\/sitio\/wp-json\/wp\/v2\/types\/post"}],"author":[{"embeddable":true,"href":"https:\/\/vocesparalelas.com.ar\/sitio\/wp-json\/wp\/v2\/users\/3"}],"replies":[{"embeddable":true,"href":"https:\/\/vocesparalelas.com.ar\/sitio\/wp-json\/wp\/v2\/comments?post=6125"}],"version-history":[{"count":0,"href":"https:\/\/vocesparalelas.com.ar\/sitio\/wp-json\/wp\/v2\/posts\/6125\/revisions"}],"wp:featuredmedia":[{"embeddable":true,"href":"https:\/\/vocesparalelas.com.ar\/sitio\/wp-json\/wp\/v2\/media\/6126"}],"wp:attachment":[{"href":"https:\/\/vocesparalelas.com.ar\/sitio\/wp-json\/wp\/v2\/media?parent=6125"}],"wp:term":[{"taxonomy":"category","embeddable":true,"href":"https:\/\/vocesparalelas.com.ar\/sitio\/wp-json\/wp\/v2\/categories?post=6125"},{"taxonomy":"post_tag","embeddable":true,"href":"https:\/\/vocesparalelas.com.ar\/sitio\/wp-json\/wp\/v2\/tags?post=6125"}],"curies":[{"name":"wp","href":"https:\/\/api.w.org\/{rel}","templated":true}]}}