{"id":61237,"date":"2023-07-13T21:06:23","date_gmt":"2023-07-14T00:06:23","guid":{"rendered":"https:\/\/vocesparalelas.com.ar\/sitio\/?p=61237"},"modified":"2023-07-14T22:42:23","modified_gmt":"2023-07-15T01:42:23","slug":"semana-de-la-prevencion-de-los-ahogamientos-en-san-juan","status":"publish","type":"post","link":"https:\/\/vocesparalelas.com.ar\/sitio\/semana-de-la-prevencion-de-los-ahogamientos-en-san-juan\/","title":{"rendered":"\u00abSemana de la Prevenci\u00f3n de los Ahogamientos\u201d en San Juan"},"content":{"rendered":"<p>El \u00e1rea\u00a0Seguridad N\u00e1utica\u00a0de la Secretar\u00eda de Deportes, en conmemoraci\u00f3n del D\u00eda Mundial de la Prevenci\u00f3n para el Ahogamiento, que se celebra el 25 de julio, realizar\u00e1 diferentes acciones en el marco de la \u201cSemana de la Prevenci\u00f3n para el Ahogamiento\u201d.<\/p>\n<p>Esta semana de concientizaci\u00f3n, que\u00a0comenzar\u00e1 el lunes 24 de Julio y finalizar\u00e1 el domingo <strong>30<\/strong>, tiene como objetivo principal educar y sensibilizar a la comunidad sobre la importancia de prevenir los ahogamientos y promover la seguridad acu\u00e1tica.<\/p>\n<p>En abril de 2021, Naciones Unidas adopt\u00f3 la hist\u00f3rica primera Resoluci\u00f3n sobre la Prevenci\u00f3n Mundial del Ahogamiento, reconociendo la magnitud del problema y solicitando una acci\u00f3n coordinada para prevenir los ahogamientos.<\/p>\n<p>La Organizaci\u00f3n Mundial de la Salud &#8211; OMS &#8211; destaca que \u00abcasi 360 000 personas mueren ahogadas cada a\u00f1o en el mundo, m\u00e1s del 90% de ellas en pa\u00edses de ingresos bajos y medianos. M\u00e1s de la mitad de estas muertes se producen entre personas menores de 25 a\u00f1os, y los ni\u00f1os menores de 5 a\u00f1os corren el mayor riesgo. El\u00a0ahogamiento es la tercera causa de mortalidad en todo el mundo\u00a0entre las personas con edades comprendidas entre los 5 y los 14 a\u00f1os.<\/p>\n<p>A pesar de estos datos tr\u00e1gicos, la prevenci\u00f3n de ahogamientos recibe relativamente poca atenci\u00f3n y pocos recursos\u00bb Por lo tanto, durante esta semana de prevenci\u00f3n, Seguridad N\u00e1utica llevar\u00e1 a cabo una serie de actividades dise\u00f1adas para brindar informaci\u00f3n y fomentar la prevenci\u00f3n del ahogamiento.<\/p>\n<p>Entre estas actividades se incluyen\u00a0charlas educativas en espacios p\u00fablicos y privados, demostraciones pr\u00e1cticas y la distribuci\u00f3n de material informativo. Adem\u00e1s, se crearon infograf\u00edas y videos cortos como herramientas visuales para promover medidas de seguridad y prevenci\u00f3n.<\/p>\n<p>&nbsp;<\/p>\n<p><img loading=\"lazy\" decoding=\"async\" class=\"alignnone size-full wp-image-61240\" src=\"https:\/\/vocesparalelas.com.ar\/sitio\/wp-content\/uploads\/2023\/07\/AHOGAMIENTO-EN-AGUA.jpg\" alt=\"\" width=\"800\" height=\"600\" srcset=\"https:\/\/vocesparalelas.com.ar\/sitio\/wp-content\/uploads\/2023\/07\/AHOGAMIENTO-EN-AGUA.jpg 800w, https:\/\/vocesparalelas.com.ar\/sitio\/wp-content\/uploads\/2023\/07\/AHOGAMIENTO-EN-AGUA-300x225.jpg 300w, https:\/\/vocesparalelas.com.ar\/sitio\/wp-content\/uploads\/2023\/07\/AHOGAMIENTO-EN-AGUA-768x576.jpg 768w\" sizes=\"auto, (max-width: 800px) 100vw, 800px\" \/><\/p>\n<p>&nbsp;<\/p>\n<p>&nbsp;<\/p>\n","protected":false},"excerpt":{"rendered":"<p>El \u00e1rea\u00a0Seguridad N\u00e1utica\u00a0de la Secretar\u00eda de Deportes, en conmemoraci\u00f3n del D\u00eda Mundial de la Prevenci\u00f3n para el Ahogamiento, que se<\/p>\n","protected":false},"author":3,"featured_media":61241,"comment_status":"closed","ping_status":"closed","sticky":false,"template":"","format":"standard","meta":{"_acf_changed":false,"_seopress_robots_primary_cat":"none","_seopress_titles_title":"","_seopress_titles_desc":"","_seopress_robots_index":"","colormag_page_container_layout":"default_layout","colormag_page_sidebar_layout":"default_layout","footnotes":""},"categories":[6],"tags":[],"class_list":["post-61237","post","type-post","status-publish","format-standard","has-post-thumbnail","hentry","category-eventos"],"acf":[],"_links":{"self":[{"href":"https:\/\/vocesparalelas.com.ar\/sitio\/wp-json\/wp\/v2\/posts\/61237","targetHints":{"allow":["GET"]}}],"collection":[{"href":"https:\/\/vocesparalelas.com.ar\/sitio\/wp-json\/wp\/v2\/posts"}],"about":[{"href":"https:\/\/vocesparalelas.com.ar\/sitio\/wp-json\/wp\/v2\/types\/post"}],"author":[{"embeddable":true,"href":"https:\/\/vocesparalelas.com.ar\/sitio\/wp-json\/wp\/v2\/users\/3"}],"replies":[{"embeddable":true,"href":"https:\/\/vocesparalelas.com.ar\/sitio\/wp-json\/wp\/v2\/comments?post=61237"}],"version-history":[{"count":1,"href":"https:\/\/vocesparalelas.com.ar\/sitio\/wp-json\/wp\/v2\/posts\/61237\/revisions"}],"predecessor-version":[{"id":61242,"href":"https:\/\/vocesparalelas.com.ar\/sitio\/wp-json\/wp\/v2\/posts\/61237\/revisions\/61242"}],"wp:featuredmedia":[{"embeddable":true,"href":"https:\/\/vocesparalelas.com.ar\/sitio\/wp-json\/wp\/v2\/media\/61241"}],"wp:attachment":[{"href":"https:\/\/vocesparalelas.com.ar\/sitio\/wp-json\/wp\/v2\/media?parent=61237"}],"wp:term":[{"taxonomy":"category","embeddable":true,"href":"https:\/\/vocesparalelas.com.ar\/sitio\/wp-json\/wp\/v2\/categories?post=61237"},{"taxonomy":"post_tag","embeddable":true,"href":"https:\/\/vocesparalelas.com.ar\/sitio\/wp-json\/wp\/v2\/tags?post=61237"}],"curies":[{"name":"wp","href":"https:\/\/api.w.org\/{rel}","templated":true}]}}