{"id":61225,"date":"2023-07-13T23:02:21","date_gmt":"2023-07-14T02:02:21","guid":{"rendered":"https:\/\/vocesparalelas.com.ar\/sitio\/?p=61225"},"modified":"2023-07-15T21:20:22","modified_gmt":"2023-07-16T00:20:22","slug":"encuentro-regional-cuyo-de-salud-mental-y-consumo-problematico-en-san-luis","status":"publish","type":"post","link":"https:\/\/vocesparalelas.com.ar\/sitio\/encuentro-regional-cuyo-de-salud-mental-y-consumo-problematico-en-san-luis\/","title":{"rendered":"Encuentro regional Cuyo de Salud Mental y Consumo Problem\u00e1tico en San Luis"},"content":{"rendered":"<p>Un equipo del Ministerio de Salud P\u00fablica estuvo presente en el Encuentro regional Cuyo-sede San Luis organizado por la Direcci\u00f3n Nacional de Salud Mental y Consumo Problem\u00e1tico &#8211; DNSMyCP.<\/p>\n<p>El mencionado encuentro se realiza peri\u00f3dicamente y es un espacio de trabajo de las direcciones de Salud Mental provinciales seg\u00fan regi\u00f3n, con la DNSMyCP. En la oportunidad participaron profesionales de San Luis, San Juan, Mendoza y La Rioja.<\/p>\n<p>La reuni\u00f3n cont\u00f3 con la presencia de la ministra de Salud de la Naci\u00f3n, Dra. Carla Vizzotti, quien estuvo a cargo de la apertura junto al ministro de Salud de la Provincia de San Luis, Dr. Cristian Ni\u00f1o y la directora Nacional de Abordaje Integral de Salud Mental y Consumos Problem\u00e1ticos, Lic. Mariana Moreno; entre otras autoridades.<\/p>\n<p>En la actividad estuvieron representando a la Provincia de San Juan, la jefa de Divisi\u00f3n Salud Mental, Dra. Silvana Ortiz; la jefa de Divisi\u00f3n Psicolog\u00eda, Lic. Cecilia Turiz y la referente de Salud Mental de la Zona Sanitaria II, Lic. Ver\u00f3nica Rivero.<\/p>\n<p>En esta oportunidad se trabajaron las siguientes tem\u00e1ticas a partir de las exposiciones de cada provincia y se conformaron grupos de trabajo intersectoriales provinciales de manera virtual.<\/p>\n<p><strong><span style=\"color: #ff0000;\">Temas desarrollados<\/span><\/strong><\/p>\n<ul>\n<li>Avances e implementaci\u00f3n de la notificaci\u00f3n obligatoria de intentos de suicidio. Se present\u00f3 exposici\u00f3n de la implementaci\u00f3n en la provincia hasta la fecha.<\/li>\n<li>Se realiz\u00f3 disertaci\u00f3n del Abordaje Integral de los Consumos Problem\u00e1ticos que se realiza en nuestra provincia en todos los centros sanitarios del Ministerio de Salud y las estrategias desarrolladas para articular acciones con la Direcci\u00f3n de Abordaje Integral de las Adicciones dependiente del Ministerio de Desarrollo Humano.<\/li>\n<li>Pol\u00edticas de cuidado de la salud mental de las Ni\u00f1eces y Adolescencias, realizando disertaci\u00f3n provincial en relaci\u00f3n a circuitos de cuidado y asistencia en este grupo etario. Se conform\u00f3 grupo de trabajo presencial con integrantes de Sistema de Protecci\u00f3n &#8211; SENAF &#8211; y v\u00eda virtual con integrantes de la Direcci\u00f3n de la Ni\u00f1ez de nuestra provincia planteando fortalezas y debilidades en el contexto actual y acordando pr\u00f3ximas reuniones de trabajo para coordinar acciones.<\/li>\n<li>Situaciones de violencia por motivos de g\u00e9nero<\/li>\n<li>Red Federal de Juegotecas en Salud, estado actual provincial de esta redExposici\u00f3n de experiencia de creaci\u00f3n de juegoteca en el \u00e1rea de internaci\u00f3n de salud mental del Hospital Cesar Aguilar del departamento Caucete.<\/li>\n<li>Trabajo grupal con equipo de Fortalecimiento de las Residencia Interdisciplinaria en Salud Mental Comunitaria &#8211; RISaMC. Exposici\u00f3n provincial de situaci\u00f3n actual de la apertura de la misma en el Hospital Cesar Aguilar del Departamento Caucete, San Juan.<\/li>\n<li>Prestaciones SUMAR. Estado de situaci\u00f3n y planificaci\u00f3n 2023. Nuevas prestaciones incluidas en Salud Mental.<\/li>\n<\/ul>\n<p>&nbsp;<\/p>\n","protected":false},"excerpt":{"rendered":"<p>Un equipo del Ministerio de Salud P\u00fablica estuvo presente en el Encuentro regional Cuyo-sede San Luis organizado por la Direcci\u00f3n<\/p>\n","protected":false},"author":3,"featured_media":61228,"comment_status":"closed","ping_status":"closed","sticky":false,"template":"","format":"standard","meta":{"_acf_changed":false,"_seopress_robots_primary_cat":"none","_seopress_titles_title":"","_seopress_titles_desc":"","_seopress_robots_index":"","colormag_page_container_layout":"default_layout","colormag_page_sidebar_layout":"default_layout","footnotes":""},"categories":[9],"tags":[],"class_list":["post-61225","post","type-post","status-publish","format-standard","has-post-thumbnail","hentry","category-cursos"],"acf":[],"_links":{"self":[{"href":"https:\/\/vocesparalelas.com.ar\/sitio\/wp-json\/wp\/v2\/posts\/61225","targetHints":{"allow":["GET"]}}],"collection":[{"href":"https:\/\/vocesparalelas.com.ar\/sitio\/wp-json\/wp\/v2\/posts"}],"about":[{"href":"https:\/\/vocesparalelas.com.ar\/sitio\/wp-json\/wp\/v2\/types\/post"}],"author":[{"embeddable":true,"href":"https:\/\/vocesparalelas.com.ar\/sitio\/wp-json\/wp\/v2\/users\/3"}],"replies":[{"embeddable":true,"href":"https:\/\/vocesparalelas.com.ar\/sitio\/wp-json\/wp\/v2\/comments?post=61225"}],"version-history":[{"count":3,"href":"https:\/\/vocesparalelas.com.ar\/sitio\/wp-json\/wp\/v2\/posts\/61225\/revisions"}],"predecessor-version":[{"id":61231,"href":"https:\/\/vocesparalelas.com.ar\/sitio\/wp-json\/wp\/v2\/posts\/61225\/revisions\/61231"}],"wp:featuredmedia":[{"embeddable":true,"href":"https:\/\/vocesparalelas.com.ar\/sitio\/wp-json\/wp\/v2\/media\/61228"}],"wp:attachment":[{"href":"https:\/\/vocesparalelas.com.ar\/sitio\/wp-json\/wp\/v2\/media?parent=61225"}],"wp:term":[{"taxonomy":"category","embeddable":true,"href":"https:\/\/vocesparalelas.com.ar\/sitio\/wp-json\/wp\/v2\/categories?post=61225"},{"taxonomy":"post_tag","embeddable":true,"href":"https:\/\/vocesparalelas.com.ar\/sitio\/wp-json\/wp\/v2\/tags?post=61225"}],"curies":[{"name":"wp","href":"https:\/\/api.w.org\/{rel}","templated":true}]}}