{"id":61218,"date":"2023-07-13T22:53:50","date_gmt":"2023-07-14T01:53:50","guid":{"rendered":"https:\/\/vocesparalelas.com.ar\/sitio\/?p=61218"},"modified":"2023-07-13T22:53:50","modified_gmt":"2023-07-14T01:53:50","slug":"avances-del-complejo-de-la-casa-activa-para-los-adultos-mayores-de-san-juan","status":"publish","type":"post","link":"https:\/\/vocesparalelas.com.ar\/sitio\/avances-del-complejo-de-la-casa-activa-para-los-adultos-mayores-de-san-juan\/","title":{"rendered":"Avances del Complejo de la Casa Activa para los adultos mayores de San Juan"},"content":{"rendered":"<p>En la jornada del Jueves, 13 de julio, el gobernador de San Juan, Dr. Sergio U\u00f1ac recorri\u00f3 las obras del programa Casa Activa, que se desarrollan en los departamentos Chimbas y Pocito.<\/p>\n<p>El primer mandatario estuvo acompa\u00f1ado por el ministro de Desarrollo Humano y Promoci\u00f3n Social, Prof. Fabi\u00e1n Aballay; secretario de Vivienda y H\u00e1bitat, Robert Garc\u00e9s; titular de PAMI en San Juan, Dr. Marcio Meglioli; titular de IPV, Arq. Marcelo Yornet; subdirectora de IPV, Arq. Daniela Cangialosi.<\/p>\n<p>El proyecto Casa Activa promueve la autonom\u00eda y esparcimiento de los adultos mayores de 60 a\u00f1os que no califiquen por la edad para ning\u00fan cr\u00e9dito hipotecario.<\/p>\n<p>Con el objetivo de promover y extender la pol\u00edtica habitacional hacia los adultos mayores, el Instituto Provincial de la Vivienda ejecuta en la provincia el programa nacional Casa Activa, orientado a otorgar una soluci\u00f3n habitacional a mayores de 60 a\u00f1os que no califiquen por la edad para ning\u00fan cr\u00e9dito hipotecario.<\/p>\n<p>Cabe destacar que PAMI participa del emprendimiento aportando el equipamiento y las prestaciones para su correcto funcionamiento. En Chimbas, la construcci\u00f3n ya super\u00f3 el 85%, mientras que en Pocito, la obra est\u00e1 en condiciones de ser entregada.<\/p>\n<p>Por su parte, el IPV tiene a su cargo la ejecuci\u00f3n e inspecci\u00f3n de las obras, en ambos departamentos.<\/p>\n<p><img loading=\"lazy\" decoding=\"async\" class=\"alignnone size-full wp-image-61223\" src=\"https:\/\/vocesparalelas.com.ar\/sitio\/wp-content\/uploads\/2023\/07\/COMPLEJO-ACTIVO-03.jpg\" alt=\"\" width=\"800\" height=\"534\" srcset=\"https:\/\/vocesparalelas.com.ar\/sitio\/wp-content\/uploads\/2023\/07\/COMPLEJO-ACTIVO-03.jpg 800w, https:\/\/vocesparalelas.com.ar\/sitio\/wp-content\/uploads\/2023\/07\/COMPLEJO-ACTIVO-03-300x200.jpg 300w, https:\/\/vocesparalelas.com.ar\/sitio\/wp-content\/uploads\/2023\/07\/COMPLEJO-ACTIVO-03-768x513.jpg 768w\" sizes=\"auto, (max-width: 800px) 100vw, 800px\" \/><\/p>\n<p>A su llegada, U\u00f1ac destac\u00f3 que \u201c\u00e9ste es un proyecto fant\u00e1stico. Esas obras hablan de articulaci\u00f3n, de apoyo a todos los sectores de la sociedad. Trabajaremos con el ministro Aballay y dem\u00e1s autoridades\u201d.<\/p>\n<p>Luego, se refiri\u00f3 al encuentro que tuvo el pasado mi\u00e9rcoles 12 con el ministro de Econom\u00eda de la Naci\u00f3n, Sergio Massa, con quien dialog\u00f3 sobre los recursos necesario para el desarrollo productivo de la provincia y para la crisis h\u00eddrica, temas de los que el secretario de Agricultura de Naci\u00f3n est\u00e1 al tanto.<\/p>\n<p>Adem\u00e1s, en el mismo encuentro encararon una reconfiguraci\u00f3n de\u00a0la obra de El Tambolar, para facilitar el desempe\u00f1o del EPSE en los pr\u00f3ximos a\u00f1os, dado que a\u00fan restan m\u00e1s de 2 de construcci\u00f3n, con respecto al pago de certificados y revisi\u00f3n del fideicomiso.<\/p>\n<p>Por otra parte, el gobernador agreg\u00f3 que, en \u00e9ste plazo de transici\u00f3n \u201ctodo lo que est\u00e1 en construcci\u00f3n seguir\u00e1 adelante, porque nos interesa que le vaya muy bien al pr\u00f3ximo gobierno. Ser\u00eda un atropello licitar obras que comprometan el pr\u00f3ximo presupuesto, que ser\u00e1 ejecutado por una gesti\u00f3n distinta y queremos llevar tranquilidad a los sanjuaninos en este sentido\u201d.<\/p>\n<p>Posteriormente, el ministro Aballay dijo que \u201cpara habitar \u00e9stas viviendas, los adultos no tienen que traer ni siquiera el mobiliario de su casa y es totalmente gratuito. El plan responde a una pol\u00edtica importante desde los gobiernos local y nacional, para los mayores\u201d.<\/p>\n<p>Sobre otros aspectos del funcionamiento del proyecto, el funcionario aclar\u00f3 que \u201cfirmaremos un convenio con PAMI para el mantenimiento de las instalaciones, espacios recreativos, piscina, pensados integralmente para los ancianos. Es por eso que tenemos la responsabilidad de proteger a las personas, adem\u00e1s del edificio\u201d, concluy\u00f3.<\/p>\n<p>A su turno, el Arq. Yornet manifest\u00f3 que \u201c\u00e9ste es un complejo habitacional de avanzada, con comedores, gimnasios, piletas climatizadas, invernadero para huerta, un proyecto novedoso en el pa\u00eds desde el punto de vista estatal. Las personas que ocupar\u00e1n las viviendas deber\u00e1n ser autosuficientes y que no hayan tenido ning\u00fan tipo de soluci\u00f3n habitacional anteriormente\u201d.<\/p>\n<p>Con respecto a pr\u00f3ximas entregas de barrios en San Juan, el titular del IPV sum\u00f3 que \u201cson 6 complejos los que podr\u00edamos entregar antes del 10 de diciembre. Tenemos prevista ya la relocalizaci\u00f3n de damnificados por el terremoto, a fines de agosto o principios de septiembre\u201d.<\/p>\n<p>Seguidamente, inform\u00f3 que el Viernes, 14 de Julio, se desarrolla el sorteo de 4 barrios en Albard\u00f3n, construidos por el municipio. En este sentido, el gobierno provincial avanza con m\u00e1s infraestructura en todo el territorio, como en materia de viviendas, con m\u00e1s de 5000 soluciones habitacionales en ejecuci\u00f3n.<\/p>\n<p><span style=\"color: #339966;\"><strong>M\u00e1s detalles del complejo<\/strong><\/span><\/p>\n<p>Los barrios cuentan con 32 viviendas en total: 20 mono ambientes y 12 de 1 dormitorio, con una galer\u00eda perimetral semicubierta.<\/p>\n<p>Adem\u00e1s, el proyecto contempla diversos espacios comunes: \u00e1rea de encuentro, ajedrez, jard\u00edn de invierno, parrillas, SUM, espacio colectivo, posta saludable, parquizaci\u00f3n y estacionamiento, entre otros.<\/p>\n<p>Asimismo, el complejo tambi\u00e9n contar\u00e1 con un edificio que tendr\u00e1 la funcionalidad de centro de d\u00eda, con pileta de nataci\u00f3n y parquizaci\u00f3n.<\/p>\n<p>De esta manera, la provincia se suma al acceso a la vivienda como pol\u00edtica de Estado, fomentando la inclusi\u00f3n para los adultos mayores.<\/p>\n<p>&nbsp;<\/p>\n<p><iframe loading=\"lazy\" title=\"El gobernador U\u00f1ac visit\u00f3 las obras de  los complejos Casa Activa, en Chimbas y en Pocito\" width=\"800\" height=\"450\" src=\"https:\/\/www.youtube.com\/embed\/FSFv-vp8LQQ?feature=oembed\" frameborder=\"0\" allow=\"accelerometer; autoplay; clipboard-write; encrypted-media; gyroscope; picture-in-picture; web-share\" allowfullscreen><\/iframe><\/p>\n","protected":false},"excerpt":{"rendered":"<p>En la jornada del Jueves, 13 de julio, el gobernador de San Juan, Dr. Sergio U\u00f1ac recorri\u00f3 las obras del<\/p>\n","protected":false},"author":3,"featured_media":61222,"comment_status":"closed","ping_status":"closed","sticky":false,"template":"","format":"standard","meta":{"_acf_changed":false,"_seopress_robots_primary_cat":"none","_seopress_titles_title":"","_seopress_titles_desc":"","_seopress_robots_index":"","colormag_page_container_layout":"default_layout","colormag_page_sidebar_layout":"default_layout","footnotes":""},"categories":[1,7],"tags":[],"class_list":["post-61218","post","type-post","status-publish","format-standard","has-post-thumbnail","hentry","category-destacadas","category-videos"],"acf":[],"_links":{"self":[{"href":"https:\/\/vocesparalelas.com.ar\/sitio\/wp-json\/wp\/v2\/posts\/61218","targetHints":{"allow":["GET"]}}],"collection":[{"href":"https:\/\/vocesparalelas.com.ar\/sitio\/wp-json\/wp\/v2\/posts"}],"about":[{"href":"https:\/\/vocesparalelas.com.ar\/sitio\/wp-json\/wp\/v2\/types\/post"}],"author":[{"embeddable":true,"href":"https:\/\/vocesparalelas.com.ar\/sitio\/wp-json\/wp\/v2\/users\/3"}],"replies":[{"embeddable":true,"href":"https:\/\/vocesparalelas.com.ar\/sitio\/wp-json\/wp\/v2\/comments?post=61218"}],"version-history":[{"count":1,"href":"https:\/\/vocesparalelas.com.ar\/sitio\/wp-json\/wp\/v2\/posts\/61218\/revisions"}],"predecessor-version":[{"id":61224,"href":"https:\/\/vocesparalelas.com.ar\/sitio\/wp-json\/wp\/v2\/posts\/61218\/revisions\/61224"}],"wp:featuredmedia":[{"embeddable":true,"href":"https:\/\/vocesparalelas.com.ar\/sitio\/wp-json\/wp\/v2\/media\/61222"}],"wp:attachment":[{"href":"https:\/\/vocesparalelas.com.ar\/sitio\/wp-json\/wp\/v2\/media?parent=61218"}],"wp:term":[{"taxonomy":"category","embeddable":true,"href":"https:\/\/vocesparalelas.com.ar\/sitio\/wp-json\/wp\/v2\/categories?post=61218"},{"taxonomy":"post_tag","embeddable":true,"href":"https:\/\/vocesparalelas.com.ar\/sitio\/wp-json\/wp\/v2\/tags?post=61218"}],"curies":[{"name":"wp","href":"https:\/\/api.w.org\/{rel}","templated":true}]}}