{"id":61208,"date":"2023-07-13T20:34:04","date_gmt":"2023-07-13T23:34:04","guid":{"rendered":"https:\/\/vocesparalelas.com.ar\/sitio\/?p=61208"},"modified":"2023-07-13T22:34:17","modified_gmt":"2023-07-14T01:34:17","slug":"disfruta-la-familia-en-la-plaza-del-loteo-la-canada-en-rivadavia","status":"publish","type":"post","link":"https:\/\/vocesparalelas.com.ar\/sitio\/disfruta-la-familia-en-la-plaza-del-loteo-la-canada-en-rivadavia\/","title":{"rendered":"Disfruta la Familia en la Plaza del Loteo La Ca\u00f1ada en Rivadavia"},"content":{"rendered":"<p>La Municipalidad de Rivadavia sigue trabajando muy fuerte a pesar que el intendente, Dr. Fabi\u00e1n Mart\u00edn, quien gan\u00f3 las Elecciones 2023, del Domingo, 02 de Julio, junto al Dr. Marcelo Orrego y que el 10 de Diciembre, asumen a su cargo otorgado por el voto de los ciudadanos de San Juan, en la categor\u00eda de Gobernador y Vicegobernador de San Juan por Cambia San Juan.<\/p>\n<p>Por ello, el intendente de la Municipalidad de Rivadavia, Dr. Fabi\u00e1n Mart\u00edn explic\u00f3 el trabajo realizado en en la Plaza del Loteo La Ca\u00f1ada. Adem\u00e1s, contin\u00faa la campa\u00f1a apoyando los candidatos a Senador, Diputado Nacional y Parla sur del MERCOSUR por Cambia San Juan, para la PASO 2023 en Agosto y el trabajo que se viene habiendo desde que San Juan dispuso con el voto.<\/p>\n<p><iframe loading=\"lazy\" title=\"DR FABI\u00c1N MART\u00cdN\" width=\"800\" height=\"450\" src=\"https:\/\/www.youtube.com\/embed\/rMQmAkfkccY?feature=oembed\" frameborder=\"0\" allow=\"accelerometer; autoplay; clipboard-write; encrypted-media; gyroscope; picture-in-picture; web-share\" allowfullscreen><\/iframe><\/p>\n<p>Luego, se desarroll\u00f3 el tradicional corte de cinta para dejar inaugurada la Plaza del Loteo La Ca\u00f1ada las autoridades municipales y vecinos, felices por el gran logro que beneficia a todos los que viven en el Loteo.<\/p>\n<p><img loading=\"lazy\" decoding=\"async\" class=\"alignnone size-full wp-image-61212\" src=\"https:\/\/vocesparalelas.com.ar\/sitio\/wp-content\/uploads\/2023\/07\/PLAZA-LA-CANADA-01.jpg\" alt=\"\" width=\"800\" height=\"533\" srcset=\"https:\/\/vocesparalelas.com.ar\/sitio\/wp-content\/uploads\/2023\/07\/PLAZA-LA-CANADA-01.jpg 800w, https:\/\/vocesparalelas.com.ar\/sitio\/wp-content\/uploads\/2023\/07\/PLAZA-LA-CANADA-01-300x200.jpg 300w, https:\/\/vocesparalelas.com.ar\/sitio\/wp-content\/uploads\/2023\/07\/PLAZA-LA-CANADA-01-768x512.jpg 768w\" sizes=\"auto, (max-width: 800px) 100vw, 800px\" \/><\/p>\n<p>La Plaza del Loteo La Caba\u00f1a tiene aparatos de gym, toboganes, hamacas para que los ni\u00f1os puedan disfrutar, una cancha para la pr\u00e1ctica de b\u00e1squet, espacios verdes con c\u00e9sped y \u00e1rboles, rampas para discapacitados una garita para el guardia, veredines, iluminaci\u00f3n LED, basureros, bancos entre otras.<\/p>\n<p><img loading=\"lazy\" decoding=\"async\" class=\"alignnone size-full wp-image-61211\" src=\"https:\/\/vocesparalelas.com.ar\/sitio\/wp-content\/uploads\/2023\/07\/PLAZA-LA-CANADA-05.jpg\" alt=\"\" width=\"800\" height=\"600\" srcset=\"https:\/\/vocesparalelas.com.ar\/sitio\/wp-content\/uploads\/2023\/07\/PLAZA-LA-CANADA-05.jpg 800w, https:\/\/vocesparalelas.com.ar\/sitio\/wp-content\/uploads\/2023\/07\/PLAZA-LA-CANADA-05-300x225.jpg 300w, https:\/\/vocesparalelas.com.ar\/sitio\/wp-content\/uploads\/2023\/07\/PLAZA-LA-CANADA-05-768x576.jpg 768w\" sizes=\"auto, (max-width: 800px) 100vw, 800px\" \/><\/p>\n<p><img loading=\"lazy\" decoding=\"async\" class=\"alignnone size-full wp-image-61216\" src=\"https:\/\/vocesparalelas.com.ar\/sitio\/wp-content\/uploads\/2023\/07\/PLAZA-LA-CANADA-04.jpg\" alt=\"\" width=\"800\" height=\"600\" srcset=\"https:\/\/vocesparalelas.com.ar\/sitio\/wp-content\/uploads\/2023\/07\/PLAZA-LA-CANADA-04.jpg 800w, https:\/\/vocesparalelas.com.ar\/sitio\/wp-content\/uploads\/2023\/07\/PLAZA-LA-CANADA-04-300x225.jpg 300w, https:\/\/vocesparalelas.com.ar\/sitio\/wp-content\/uploads\/2023\/07\/PLAZA-LA-CANADA-04-768x576.jpg 768w\" sizes=\"auto, (max-width: 800px) 100vw, 800px\" \/><\/p>\n<p>Posteriormente, se los presentes caminaron para ubicarse para el desarrollo del acto central donde el Sacerdote de la Bas\u00edlica Nuestra Se\u00f1ora de los Desamparados, realiz\u00f3 la bendici\u00f3n del espacio verde tan esperado por los vecinos.<\/p>\n<p><iframe loading=\"lazy\" title=\"SACERDOTE BASILICA DESAMPARADOS GUZMAN\" width=\"800\" height=\"450\" src=\"https:\/\/www.youtube.com\/embed\/NgEMsI_l41I?feature=oembed\" frameborder=\"0\" allow=\"accelerometer; autoplay; clipboard-write; encrypted-media; gyroscope; picture-in-picture; web-share\" allowfullscreen><\/iframe><\/p>\n<p>&nbsp;<\/p>\n<p><img loading=\"lazy\" decoding=\"async\" class=\"alignnone size-large wp-image-42675\" src=\"https:\/\/vocesparalelas.com.ar\/sitio\/wp-content\/uploads\/2021\/10\/RIVADAVIA-LOGO-800x600.jpg\" alt=\"\" width=\"800\" height=\"600\" srcset=\"https:\/\/vocesparalelas.com.ar\/sitio\/wp-content\/uploads\/2021\/10\/RIVADAVIA-LOGO-800x600.jpg 800w, https:\/\/vocesparalelas.com.ar\/sitio\/wp-content\/uploads\/2021\/10\/RIVADAVIA-LOGO-300x225.jpg 300w, https:\/\/vocesparalelas.com.ar\/sitio\/wp-content\/uploads\/2021\/10\/RIVADAVIA-LOGO-768x576.jpg 768w, https:\/\/vocesparalelas.com.ar\/sitio\/wp-content\/uploads\/2021\/10\/RIVADAVIA-LOGO.jpg 1024w\" sizes=\"auto, (max-width: 800px) 100vw, 800px\" \/><\/p>\n<p>&nbsp;<\/p>\n","protected":false},"excerpt":{"rendered":"<p>La Municipalidad de Rivadavia sigue trabajando muy fuerte a pesar que el intendente, Dr. Fabi\u00e1n Mart\u00edn, quien gan\u00f3 las Elecciones<\/p>\n","protected":false},"author":3,"featured_media":61214,"comment_status":"closed","ping_status":"closed","sticky":false,"template":"","format":"standard","meta":{"_acf_changed":false,"_seopress_robots_primary_cat":"none","_seopress_titles_title":"","_seopress_titles_desc":"","_seopress_robots_index":"","colormag_page_container_layout":"default_layout","colormag_page_sidebar_layout":"default_layout","footnotes":""},"categories":[1,7],"tags":[],"class_list":["post-61208","post","type-post","status-publish","format-standard","has-post-thumbnail","hentry","category-destacadas","category-videos"],"acf":[],"_links":{"self":[{"href":"https:\/\/vocesparalelas.com.ar\/sitio\/wp-json\/wp\/v2\/posts\/61208","targetHints":{"allow":["GET"]}}],"collection":[{"href":"https:\/\/vocesparalelas.com.ar\/sitio\/wp-json\/wp\/v2\/posts"}],"about":[{"href":"https:\/\/vocesparalelas.com.ar\/sitio\/wp-json\/wp\/v2\/types\/post"}],"author":[{"embeddable":true,"href":"https:\/\/vocesparalelas.com.ar\/sitio\/wp-json\/wp\/v2\/users\/3"}],"replies":[{"embeddable":true,"href":"https:\/\/vocesparalelas.com.ar\/sitio\/wp-json\/wp\/v2\/comments?post=61208"}],"version-history":[{"count":1,"href":"https:\/\/vocesparalelas.com.ar\/sitio\/wp-json\/wp\/v2\/posts\/61208\/revisions"}],"predecessor-version":[{"id":61217,"href":"https:\/\/vocesparalelas.com.ar\/sitio\/wp-json\/wp\/v2\/posts\/61208\/revisions\/61217"}],"wp:featuredmedia":[{"embeddable":true,"href":"https:\/\/vocesparalelas.com.ar\/sitio\/wp-json\/wp\/v2\/media\/61214"}],"wp:attachment":[{"href":"https:\/\/vocesparalelas.com.ar\/sitio\/wp-json\/wp\/v2\/media?parent=61208"}],"wp:term":[{"taxonomy":"category","embeddable":true,"href":"https:\/\/vocesparalelas.com.ar\/sitio\/wp-json\/wp\/v2\/categories?post=61208"},{"taxonomy":"post_tag","embeddable":true,"href":"https:\/\/vocesparalelas.com.ar\/sitio\/wp-json\/wp\/v2\/tags?post=61208"}],"curies":[{"name":"wp","href":"https:\/\/api.w.org\/{rel}","templated":true}]}}