{"id":61201,"date":"2023-07-13T13:49:24","date_gmt":"2023-07-13T16:49:24","guid":{"rendered":"https:\/\/vocesparalelas.com.ar\/sitio\/?p=61201"},"modified":"2023-07-13T13:52:18","modified_gmt":"2023-07-13T16:52:18","slug":"aprobo-convenio-con-vialidad-nacional-para-cumplimiento-de-obligaciones-la-camara-de-diputados-de-san-juan","status":"publish","type":"post","link":"https:\/\/vocesparalelas.com.ar\/sitio\/aprobo-convenio-con-vialidad-nacional-para-cumplimiento-de-obligaciones-la-camara-de-diputados-de-san-juan\/","title":{"rendered":"Aprob\u00f3 convenio con Vialidad Nacional para cumplimiento de obligaciones la C\u00e1mara de Diputados de San Juan"},"content":{"rendered":"<div class=\"itemFullText jbintrotext\">\n<p>La C\u00e1mara de Diputados de San Juan celebr\u00f3 el Jueves, 13 de Julio, la Cuarta Sesi\u00f3n del per\u00edodo ordinario, en cuyo transcurso fueron aprobados diez proyectos de ley remitidos por el Poder Ejecutivo entre los que sobresalen el acordado con Vialidad Nacional, con el Correo Oficial de la Argentina, como tambi\u00e9n un programa de Fortalecimiento de la Gesti\u00f3n provincial y con el Ministerio de Seguridad de la Naci\u00f3n.<\/p>\n<\/div>\n<div class=\"itemFullText\">\n<p>La sesi\u00f3n fue conducida en su totalidad por el vicegobernador y presidente nato de la C\u00e1mara de Diputados, CPN Roberto Gattoni acompa\u00f1ado por el secretario Administrativo, Lic. Roberto Iglesias quien reemplaz\u00f3 en sus funciones al secretario Legislativo, Dr. Nicol\u00e1s Alvo.<\/p>\n<p>Previo al inicio de la sesi\u00f3n propiamente dicha, el vicegobernador Gattoni salud\u00f3 al gobernador y vicegobernador electos, Dr. Marcelo Orrego y Dr. Fabi\u00e1n Mart\u00edn, respectivamente y ofreci\u00f3 felicitaciones y augur\u00f3 \u00e9xitos, al tiempo que agradeci\u00f3 la participaci\u00f3n de todos los candidatos en las elecciones 2023, el Domingo, 2 de Julio.<\/p>\n<p>Durante el desarrollo de la sesi\u00f3n visitaron el edificio de la C\u00e1mara de Diputados y siguieron las alternativas desde el palco bandeja, una delegaci\u00f3n de alumnos de la Escuela \u00abDante Alighieri\u00bb, de la provincia de C\u00f3rdoba.<\/p>\n<p><span style=\"color: #800080;\"><strong>Convenio con Vialidad Nacional<\/strong><\/span><\/p>\n<p>En tanto que luego fue el diputado Jos\u00e9 Luis Esteve, el miembro informante del Mensaje N\u00b0 0011 y proyecto de Ley remitido por el Poder Ejecutivo por el que aprueba el Acta Acuerdo celebrada el 14 de diciembre de 2022, entre la Direcci\u00f3n Nacional de Vialidad representada por el Administrador General, Gustavo H\u00e9ctor Arrieta y el Gobierno de San Juan representado por el Gobernador Sergio Mauricio U\u00f1ac, con el objetivo de cumplimentar y delimitar nuevas pautas en relaci\u00f3n a las obligaciones asumidas tras el Convenio Marco formalizado por las partes el 7 de diciembre de 2016 ratificado por Decreto N\u00b0 2022-MPeL2016 y aprobado por Ley N\u00b0 1560-A.<\/p>\n<p>Por tal motivo, la Direcci\u00f3n Nacional de Vialidad se compromete a financiar obras en rutas de jurisdicci\u00f3n provincial, hasta la suma de Pesos Cinco Mil Novecientos Noventa y Tres millones Ochocientos Diez Mil con 00\/100 ($5.993.810.000,00).<\/p>\n<p>La provincia desiste de reclamo alguno ante la Direcci\u00f3n Nacional de Vialidad, y se compromete a presentar ante la Corte Suprema de Justicia de la Naci\u00f3n, dentro de los diez d\u00edas suscripta la presente Acta Acuerdo, el desistimiento de los Autos N\u00b0 2286\/2019 caratulados San Juan, Provincia de C\/Direcci\u00f3n Nacional de Vialidad S\/Cumplimiento de Convenio y Cobro de Sumas de Dinero interpuestos ante la Secretar\u00eda de Juicios Originarios de la Corte Suprema de Justicia de la Naci\u00f3n.<\/p>\n<p>ATENCI\u00d3N: en formato de archivo adjunto encontrar\u00e1n un cuadro con la denominaci\u00f3n de las obras y los respectivos montos que corresponden al convenio con Vialidad Nacional.<\/p>\n<p><span style=\"color: #800080;\"><strong>Renuncia de una jueza<\/strong><\/span><\/p>\n<p>La diputada Marcela Monti fue la encargada de fundamentar esta Comunicaci\u00f3n Oficial enviada por la Corte de Justicia de la provincia, donde informaba acerca de la nota de renuncia de la jueza de Paz Letrada de Rawson, Daniela del Valle Bustos Laspina, procedimiento en el que la C\u00e1mara de Diputados acept\u00f3 la renuncia con un total de 27 votos favorables a esta decisi\u00f3n.<\/p>\n<p><span style=\"color: #800080;\"><strong>Acuerdo con el Correo Oficial<\/strong><\/span><\/p>\n<p>El legislador Silvio Atencio fue quien tuvo la responsabilidad de oficiar como miembro informante en el Mensaje N\u00b0 107 y proyecto de Ley remitido por el Poder Ejecutivo por el que aprueba en todas sus partes el Acuerdo Marco, celebrado entre la provincia de San Juan, representado por el gobernador, Sergio U\u00f1ac, y el Correo Oficial de la Rep\u00fablica Argentina S.A., representado por la presidenta Vanesa Piesciorovski, suscripto el 5 de julio del a\u00f1o 2022, ratificado por Decreto Provincial N\u00b0 1177- MG-2022, con el objeto de generar estrategias y herramientas con la finalidad que la provincia pueda contar con los servicios que presta y desarrolle ah-hoc CORASA, dentro de sus necesidades y de acuerdo a lo que se pacte en cada oportunidad.<\/p>\n<p>CORASA se compromete a poner a disposici\u00f3n de la provincia todos los servicios p\u00fablicos que presta, incluidos los servicios postales, imposici\u00f3n electr\u00f3nica de correspondencia (telegrama y carta documento), digitalizaci\u00f3n, guarda y\/o archivo de documentaci\u00f3n, traslado de muestras periciales de todo tipo, notificaciones fehacientes, log\u00edsticos de insumos m\u00e9dicos, vacunas y los servicios de Correo Compras.<\/p>\n<p>Por otra parte, la provincia se compromete a trabajar en el relevamiento de las distintas necesidades y analizar los distintos servicios que pueda prestar CORASA. En caso de contratar los servicios de CORASA, se realice en el marco de lo aqu\u00ed establecido y conforme las pautas que se establezcan en los respectivos convenios particulares en su caso suscriban con CORASA<\/p>\n<p><span style=\"color: #800080;\"><strong>Convenio con el Ministerio de Seguridad de la Naci\u00f3n<\/strong><\/span><\/p>\n<p>En el Mensaje N\u00b0 109 y proyecto de Ley remitido por el Poder Ejecutivo por el que ratifica el Convenio de Adhesi\u00f3n al Sistema Autom\u00e1tico del Circuito de Identificaci\u00f3n, fue la diputada Florencia Pe\u00f1aloza quien estuvo a cargo de la fundamentaci\u00f3n de este acuerdo entre el Ministerio de Seguridad de la Naci\u00f3n, representado por su titular, An\u00edbal Fern\u00e1ndez, la provincia de San Juan representada por el Gobernador Sergio U\u00f1ac y la Secretaria de Estado de Seguridad y Orden P\u00fablico representada por su secretario Carlos Munisaga.<\/p>\n<p>En este sentido, por el citado convenio la provincia adhiere al Sistema Autom\u00e1tico del Circuito de identificaci\u00f3n (SACI), a los efectos transmitir inmediatamente los datos biom\u00e9tricos de una persona detenida en cualquier punto del pa\u00eds como son fotograf\u00edas, huellas dactilares, registro de voz, datos de la causa; a la divisi\u00f3n Centro de Informaci\u00f3n Federal de Antecedentes, de la Polic\u00eda Federal Argentina, para su identificaci\u00f3n e informe de registros delictivos al solicitante en un plazo no mayor a dos horas.<\/p>\n<p><span style=\"color: #800080;\"><strong>Convenio por Delitos Econ\u00f3micos<\/strong><\/span><\/p>\n<p>En este punto, fue la legisladora Marcela Monti quien tuvo a su cargo la explicaci\u00f3n de este Mensaje N\u00b0 110 y proyecto de Ley remitido por el Poder Ejecutivo por el que ratifica el Convenio de Colaboraci\u00f3n en la Prevenci\u00f3n e Investigaci\u00f3n de Delitos Econ\u00f3micos, entre el Ministerio de Seguridad de la Naci\u00f3n, representado en este acto por su titular, Ministro de Seguridad de la Naci\u00f3n, An\u00edbal Fern\u00e1ndez; la provincia de San Juan representada por el gobernador Sergio U\u00f1ac y la Secretaria de Estado de Seguridad y Orden P\u00fablico representada por su secretario Carlos Munisaga.<\/p>\n<p>El referido convenio tiene como finalidad la cooperaci\u00f3n y asistencia t\u00e9cnica rec\u00edproca, mediante la planificaci\u00f3n, desarrollo y ejecuci\u00f3n de acciones conjuntas, destinadas a facilitar el intercambio de informaci\u00f3n, mejorar los procedimientos comunicacionales y optimizar las labores de cada \u00e1rea en forma rec\u00edproca, con el objeto de prevenir y combatir los delitos econ\u00f3micos.<\/p>\n<p>Asimismo, el Ministerio pondr\u00e1 a disposici\u00f3n de la provincia, las diversas herramientas y recursos con los que cuenta, tendientes a colaborar con el fortalecimiento y\/o creaci\u00f3n de las \u00e1reas de prevenci\u00f3n e investigaci\u00f3n de los delitos econ\u00f3micos, como la falsificaci\u00f3n de moneda, el lavado de activos y el contrabando, los que posibilitaran crear una unidad de investigaciones especificas o ampliar la ya existente.<\/p>\n<p><span style=\"color: #800080;\"><strong>Programa de Fortalecimiento de la Gesti\u00f3n Provincial<\/strong><\/span><\/p>\n<p>El legislador Rodolfo Jalife estuvo abocado a formular la fundamentaci\u00f3n del Mensaje N\u00b0 006 y proyecto de Ley remitido por el Poder Ejecutivo por el que aprueba el Convenio Marco de adhesi\u00f3n y anexo, celebrado el 25 de septiembre de 2020, entre la Secretar\u00eda de Provincias del Ministerio del Interior representado por su ex secretaria, Silvina Batakis, por una parte, y por la otra el Gobierno de San Juan, representado el gobernador Sergio U\u00f1ac, mediante Decreto N\u00b0 478\/2019 del 11 de julio de 2019, se aprob\u00f3 el Modelo de Contrato de Pr\u00e9stamo 4753\/0C-AR a celebrarse entre la Rep\u00fablica Argentina y el Banco Interamericano de Desarrollo (BID) por un monto de D\u00f3lares Estadounidenses Ciento Cincuenta Millones (U$S150.000.000), destinado al Programa de Fortalecimiento de la Gesti\u00f3n Provincial II.<\/p>\n<p>Por otra parte, para la ejecuci\u00f3n del Programa de Fortalecimiento de la Gesti\u00f3n Provincial II, la Rep\u00fablica Argentina y el Banco Interamericano de Desarrollo (BID), celebraron el 4 de septiembre de 2019 el Contrato de Pr\u00e9stamo BID N\u00b0 4753\/0C-AR.<\/p>\n<p>La Naci\u00f3n asigna a la provincia de San Juan hasta la cantidad de D\u00f3lares Estadounidenses Ocho Millones Setecientos Cincuenta Mil provenientes del Contrato de Pr\u00e9stamo, en las condiciones establecidas en el presente Convenio.<\/p>\n<p>El referido convenio, tendr\u00e1 una vigencia durante la ejecuci\u00f3n del programa y podr\u00e1 diferir, seg\u00fan el avance y la finalizaci\u00f3n del objeto acordado, debiendo las pr\u00f3rrogas ser acordadas por las partes.<\/p>\n<p><span style=\"color: #800080;\"><strong>Convenio para promoci\u00f3n de Ganader\u00eda Bovina<\/strong><\/span><\/p>\n<p>Luego tuvo lugar el tratamiento del Mensaje N\u00b0 009 y proyecto de Ley remitido por el Poder Ejecutivo que fue fundamentado por el diputado Gast\u00f3n Berenguer, por el cual fue aprobado el Convenio N\u00b0 10\/2022 y sus Anexos I, II, III, IV y V, suscripto el 7 de noviembre de 2022, entre la Secretaria de Agricultura, Ganader\u00eda y Pesca del Ministerio de Econom\u00eda de la Naci\u00f3n, representada por Juan Jos\u00e9 Bahillo, por una parte y por la otra, la provincia de San Juan, representada por el Gobernador Sergio Mauricio U\u00f1ac, para la Promoci\u00f3n de la Ganader\u00eda Bovina en Zonas \u00c1ridas y Semi\u00e1ridas.<\/p>\n<p>En este sentido, la Ley N\u00b0 27.066, tiene por objetivo incrementar en las zonas \u00e1ridas y semi\u00e1ridas de todo el territorio nacional, la oferta de productos y subproductos de la ganader\u00eda bovina de carne para establecer adecuadamente al mercado interno y externo, tanto en calidad como en cantidad, mejorando la eficiencia productiva, los sistemas comerciales, de informaci\u00f3n y la competitividad del negocio, preservando los equilibrios ambientales de dichas regiones. La mencionada Ley se instrumenta a trav\u00e9s del Plan Federal del Bicentenario de Ganados y Carnes, que prev\u00e9 la asistencia de proyectos espec\u00edficos presentados por gobiernos provinciales, municipales, asociaciones, cooperativas, organizaciones o entidades privadas del sector de ganados y carnes mediante la suscripci\u00f3n de convenios.<\/p>\n<p>Sobre el particular, la Secretaria aportar\u00e1 a la provincia la suma de hasta Pesos Dos Millones ($ 2.000.000,00), en forma de Aporte No Reintegrable (ANR), sujeta a disponibilidad presupuestaria, imputable a los recursos dispuestos para el R\u00e9gimen de Promoci\u00f3n de la Ganader\u00eda Bovina en Zonas \u00c1ridas y Semi\u00e1ridas, destinados a financiar el proyecto espec\u00edfico Suplementando \u00cdndices.<\/p>\n<p><span style=\"color: #800080;\"><strong>Convenio con el Instituto de Juventudes<\/strong><\/span><\/p>\n<p>Acto seguido, el diputado Gast\u00f3n Berenguer fundament\u00f3 el Mensaje 0017 y proyecto de Ley remitido por el Poder Ejecutivo, que obtuvo despacho favorable de las comisiones, por el que aprueba el Convenio celebrado entre el Instituto Nacional de Juventudes y el Ministerio de Desarrollo Humano y Promoci\u00f3n Social de San Juan.<\/p>\n<p>El Convenio tiene por objeto brindar una asistencia financiera de Pesos Seis Millones Quinientos Setenta y Un Mil Quinientos con 00\/100 ($ 6.571.500,00) en el marco del Programa Nuestro Futuro para la implementaci\u00f3n del Programa I.N.C.E.D, destinado a promover la formaci\u00f3n, desarrollo y capacitaci\u00f3n de j\u00f3venes emprendedores sanjuaninos en el uso de herramientas digitales.<\/p>\n<p><span style=\"color: #800080;\"><strong>Convenio por Innovaci\u00f3n<\/strong><\/span><\/p>\n<p>Posteriormente la diputada Fernanda Paredes tuvo a su cargo la fundamentaci\u00f3n del Mensaje N\u00b0 024 y proyecto de Ley remitido por el Poder Ejecutivo por el que aprueba el Convenio y sus Anexos I y II, celebrado el 27 de diciembre de 2022, entre la Secretar\u00eda de Innovaci\u00f3n P\u00fablica, representada por su titular Micaela S\u00e1nchez Malcolm, por una parte y por la otra, el Gobierno de la provincia de San Juan, representado por el Gobernador Sergio Mauricio U\u00f1ac.<\/p>\n<p>El referido Convenio, tiene por objeto la implementaci\u00f3n de la asistencia t\u00e9cnica y transferencia de fondos a cargo de la Secretar\u00eda, para la adquisici\u00f3n de equipamiento inform\u00e1tico por parte de la provincia, para lo cual, la Secretar\u00eda aportar\u00e1 los fondos necesarios para que la provincia afronte el gasto de la adquisici\u00f3n de equipamiento inform\u00e1tico, seg\u00fan el catalogo del Anexo I, por el monto total de Pesos Cuatro Millones Ciento Noventa y Tres Mil Quinientos Cuarenta y Ocho con 38\/100 (4.193.548,38), mediante transferencia a la provincia en un \u00fanico desembolso.<\/p>\n<p><span style=\"color: #800080;\"><strong>Convenio por l\u00edneas de cr\u00e9dito<\/strong><\/span><\/p>\n<p>El diputado Rodolfo Jalife fue el miembro informante ante sus pares del Mensaje N\u00b0 0025 y proyecto de Ley por el que aprueba el Convenio Crear Inversi\u00f3n Federal PYME-Bonificaci\u00f3n de Tasa de Inter\u00e9s, con sus Anexos A, B y C, suscripto el 20 de Diciembre de 2022 entre el Gobierno de la provincia de San Juan, representado por la Ministra de Hacienda y Finanzas, Marisa Sandra L\u00f3pez y el Ministro de la Producci\u00f3n y Desarrollo Econ\u00f3mico, Emilio Ariel Lucero Reinos, por una parte y por la otra Banco San Juan S.A., representado por Mar\u00eda Silvina Bellantig Tard\u00edo en su car\u00e1cter de Gerente General y apoderada.<\/p>\n<p>En tal sentido, se trata del Convenio Pr\u00e9stamos para el pago de Aguinaldo- Cl\u00ednicas y Sanatorios, con su Anexo I y II, suscripto el 26 de Diciembre de 2022;\u00a0 el Convenio Pr\u00e9stamos para Adquisici\u00f3n de Bienes de capital para grandes empresas, con sus Anexos I y II, suscripto el 13 de Febrero de 2023.<\/p>\n<p>Los referidos Convenios son celebrados en el marco de lo dispuesto en la Ley Provincial N\u00b0 1605-A, el Contrato de Vinculaci\u00f3n con el Banco de San Juan S.A., aprobado por Decreto N\u00b0 1963-MHF-2017, y la Ley de Ministerios N\u00b0 1101-A.<\/p>\n<p>El Convenio Crear Inversi\u00f3n Federal PYME- Bonificaci\u00f3n de Tasa de Inter\u00e9s, con sus Anexos A, B y C, tiene por objeto, establecer un r\u00e9gimen para que la provincia, bonifique cinco puntos porcentuales anuales (5 p.p.a) de la tasa de inter\u00e9s aplicable a los pr\u00e9stamos que otorgue el Banco, a los beneficiarios finales de la bonificaci\u00f3n de tasa por parte del FONDEP y garant\u00edas FOGAR, durante toda la vigencia de los cr\u00e9ditos, cuyo destino sea el indicado en este acuerdo.<\/p>\n<p>El monto total para la L\u00ednea de Cr\u00e9dito aludida, que compromete el Banco asciende a la suma de Pesos Un Mil Millones ($ 1.000.000.000), siendo el monto m\u00e1ximo por cada beneficiario de Pesos Cien Millones ($ 100.000.000) y el monto m\u00ednimo de Pesos Un Mill\u00f3n ($ 1.000.000), y su vigencia hasta el 31 de Marzo de 2023 o hasta agotar el monto m\u00e1ximo comprometido por el Banco para esta L\u00ednea de Cr\u00e9dito.<\/p>\n<p>El Convenio Pr\u00e9stamos para el Pago de Aguinaldo \u2013 Cl\u00ednicas y Sanatorios, con sus Anexos I y II, tiene como objeto la implementaci\u00f3n de un mecanismo de bonificaci\u00f3n de la tasa de inter\u00e9s de quince puntos porcentuales (15 p.p.a), a cargo de la provincia, en los cr\u00e9ditos que otorga el Banco a Cl\u00ednicas y\/o Sanatorios, que desarrollen su actividad en la provincia de San Juan, de acuerdo con su capacidad prestable, teniendo como destino el pago del aguinaldo de los empleados que de ellas dependen, con un monto m\u00e1ximo para la l\u00ednea de Pesos Ciento Cincuenta Millones ($ 150.000.000), siendo el monto total por empresa el Cincuenta por ciento (50%) de la n\u00f3mina salarial, y su vigencia hasta el 31 de Enero de 2023.<\/p>\n<p>El convenio Pr\u00e9stamos para Adquisici\u00f3n de Bienes de Capital para Grandes Empresas con sus Anexos I y II, tiene por objeto implementar un mecanismo de bonificaci\u00f3n de la tasa de inter\u00e9s de quince puntos porcentuales (15 p.p.a.), a cargo de la provincia, en los cr\u00e9ditos que sean otorgados por el banco a Grandes Empresas que desarrollen su actividad en San Juan, de acuerdo a su capacidad prestable.<\/p>\n<p>El monto m\u00e1ximo de esta l\u00ednea es de Pesos Un Mil Millones ($ 1.000.000.000), teniendo una vigencia hasta el 30 de Junio de 2023.<\/p>\n<p><span style=\"color: #800080;\"><strong>Donaci\u00f3n de inmueble al IPV<\/strong><\/span><\/p>\n<p>Por \u00faltimo, el legislador Jorge Barifusa tuvo la responsabilidad de fundamentar\u00a0el Mensaje N\u00b0 0026 y proyecto de Ley remitido por el Poder Ejecutivo por el que dona al Instituto Provincial de la Vivienda, de un inmueble, propiedad del Gobierno de la de San Juan, individualizado en Plano N\u00b0 01\/21550\/96, identificado con Nomenclatura Catastral N\u00b0 01-23-840400, inscripto en el Registro General Inmobiliario con Matr\u00edcula Folio Real N\u00b0 00-01-00171, con superficie seg\u00fan t\u00edtulo 15.148,19 metros cuadrados, ubicado en calle Avenida Benavidez &#8211; Barrio Costa Canal II\u2014departamento Capital.<\/p>\n<p>El inmueble, objeto de esta donaci\u00f3n, es solicitado por el Instituto Provincial de la Vivienda, destac\u00e1ndose que el cambio de titularidad obedece a la necesidad de poder realizar las escrituras traslativas de dominio de las viviendas construidas en el terreno de menci\u00f3n.<\/p>\n<p><span style=\"color: #800080;\"><strong>Resoluciones<\/strong><\/span><\/p>\n<p>El cuerpo legislativo resolvi\u00f3 aprobar las siguientes Resoluciones que declaran de Inter\u00e9s:<\/p>\n<ul>\n<li><strong><span style=\"color: #800080;\">Social, Cultural y Educativo,<\/span><\/strong> la \u00abMarat\u00f3n escolar de fechas patrias\u00bb, organizada por la Secretaria de Cultura, Turismo y Educaci\u00f3n de la Municipalidad de la Ciudad de San Juan. (diputada Celina Ramella);<\/li>\n<li><strong><span style=\"color: #800080;\">Social, Cultural y Educativo,<\/span> <\/strong>el circuito tur\u00edstico \u00abH\u00e9roes de Malvinas\u00bb, organizado por la Secretaria de Cultura, Turismo y Educaci\u00f3n de la Municipalidad de la Ciudad de San Juan. (diputada Celina Ramella);<\/li>\n<li><span style=\"color: #800080;\"><strong>Social, Cultural y Tur\u00edstico<\/strong><\/span> al 8\u00b0 Rally Cuyano-Chileno de Motos Antiguas y Cl\u00e1sicas, a cumplirse los d\u00edas 8, 9 y 10 de septiembre de 2023, en la villa San Agust\u00edn de Valle F\u00e9rtil, organizado en forma conjunta por el Club San Juan Motos Cl\u00e1sicas y la municipalidad de Valle F\u00e9rtil. (diputado Jos\u00e9 Luis Esteve);<\/li>\n<li><strong><span style=\"color: #800080;\">Educativo, Social, Tur\u00edstico y Cultural<\/span><\/strong> el Primer Congreso Argentino de Jazz, que ser\u00e1 desarrollado en el Museo de la Historia Urbana, de nuestra ciudad los d\u00edas 8 y 9 de septiembre de 2023. (diputada Celina Ramella);<\/li>\n<li><span style=\"color: #800080;\"><strong>C\u00edvico, Educativo y Cultural<\/strong><\/span> el Espacio de la Memoria, creado en el Foro de Abogados de San Juan, como \u00e1mbito permanente para la reflexi\u00f3n y preservaci\u00f3n de la conciencia colectiva y activa de \u201cMemoria, Verdad y Justicia\u201d, sobre el terrorismo de Estado ocurrido entre el per\u00edodo 1976 a 1983 en la provincia. (diputado Juan Carlos Abarca).<\/li>\n<li><strong><span style=\"color: #800080;\">Deportivo, Social y Tur\u00edstico y Social<\/span><\/strong> a las \u201c7\u00b0 Olimpiadas M\u00e9dicas Nacionales\u201d, que ser\u00e1n realizadas entre los d\u00edas 3 al 8 de septiembre del presente a\u00f1o en la provincia de San Juan. (diputada Florencia Pe\u00f1aloza).<\/li>\n<li><strong><span style=\"color: #800080;\">Educativo e Institucional<\/span> <\/strong>a la Jornada Taller \u201cRedescubrir el valor de la educaci\u00f3n\u201d, que ser\u00e1 llevada a cabo el viernes 11 de agosto pr\u00f3ximo en las instalaciones del Centro de Convenciones Guillermo Barrena Guzm\u00e1n, de la ciudad de San Juan, con motivo de conmemorarse el vig\u00e9simo quinto aniversario del nivel secundario \u201cColegio Parroquial de Santa Luc\u00eda\u201d. (diputado Carlos Platero);<\/li>\n<li><strong><span style=\"color: #800080;\">Social, Educativo y Sanitario,<\/span> <\/strong>las Jornadas Virtuales de Capacitaci\u00f3n 2023 \u00abUso responsable del gas en el hogar\u00bb, organizadas por el Ente Nacional Regulador del Gas (ENARGAS), a llevarse a cabo en la provincia de San Juan, el 25 de Julio del corriente a\u00f1o, en forma virtual. (diputada Marcela Monti);<\/li>\n<li><strong><span style=\"color: #800080;\">Cultural y Educativo<\/span><\/strong> al certamen de arte \u00abSal\u00f3n Juego de Damas\u00bb \u2014 III Edici\u00f3n \u2014 Categor\u00eda Bidimensi\u00f3n 2023, destinado a mujeres artistas visuales argentinas, expuesto durante el mes de julio de 2023, en el Centro Cultural Estaci\u00f3n San Mart\u00edn. (diputada Celina Ramella).<\/li>\n<\/ul>\n<figure id=\"attachment_37951\" aria-describedby=\"caption-attachment-37951\" style=\"width: 800px\" class=\"wp-caption alignnone\"><img loading=\"lazy\" decoding=\"async\" class=\"size-full wp-image-37951\" src=\"https:\/\/vocesparalelas.com.ar\/sitio\/wp-content\/uploads\/2021\/05\/CAMARA-EDIFICIO.jpg\" alt=\"\" width=\"800\" height=\"515\" srcset=\"https:\/\/vocesparalelas.com.ar\/sitio\/wp-content\/uploads\/2021\/05\/CAMARA-EDIFICIO.jpg 800w, https:\/\/vocesparalelas.com.ar\/sitio\/wp-content\/uploads\/2021\/05\/CAMARA-EDIFICIO-300x193.jpg 300w, https:\/\/vocesparalelas.com.ar\/sitio\/wp-content\/uploads\/2021\/05\/CAMARA-EDIFICIO-768x494.jpg 768w\" sizes=\"auto, (max-width: 800px) 100vw, 800px\" \/><figcaption id=\"caption-attachment-37951\" class=\"wp-caption-text\">Legislatura Provincial de San Juan<\/figcaption><\/figure>\n<\/div>\n","protected":false},"excerpt":{"rendered":"<p>La C\u00e1mara de Diputados de San Juan celebr\u00f3 el Jueves, 13 de Julio, la Cuarta Sesi\u00f3n del per\u00edodo ordinario, en<\/p>\n","protected":false},"author":3,"featured_media":61204,"comment_status":"closed","ping_status":"closed","sticky":false,"template":"","format":"standard","meta":{"_acf_changed":false,"_seopress_robots_primary_cat":"none","_seopress_titles_title":"","_seopress_titles_desc":"","_seopress_robots_index":"","colormag_page_container_layout":"default_layout","colormag_page_sidebar_layout":"default_layout","footnotes":""},"categories":[1],"tags":[],"class_list":["post-61201","post","type-post","status-publish","format-standard","has-post-thumbnail","hentry","category-destacadas"],"acf":[],"_links":{"self":[{"href":"https:\/\/vocesparalelas.com.ar\/sitio\/wp-json\/wp\/v2\/posts\/61201","targetHints":{"allow":["GET"]}}],"collection":[{"href":"https:\/\/vocesparalelas.com.ar\/sitio\/wp-json\/wp\/v2\/posts"}],"about":[{"href":"https:\/\/vocesparalelas.com.ar\/sitio\/wp-json\/wp\/v2\/types\/post"}],"author":[{"embeddable":true,"href":"https:\/\/vocesparalelas.com.ar\/sitio\/wp-json\/wp\/v2\/users\/3"}],"replies":[{"embeddable":true,"href":"https:\/\/vocesparalelas.com.ar\/sitio\/wp-json\/wp\/v2\/comments?post=61201"}],"version-history":[{"count":3,"href":"https:\/\/vocesparalelas.com.ar\/sitio\/wp-json\/wp\/v2\/posts\/61201\/revisions"}],"predecessor-version":[{"id":61207,"href":"https:\/\/vocesparalelas.com.ar\/sitio\/wp-json\/wp\/v2\/posts\/61201\/revisions\/61207"}],"wp:featuredmedia":[{"embeddable":true,"href":"https:\/\/vocesparalelas.com.ar\/sitio\/wp-json\/wp\/v2\/media\/61204"}],"wp:attachment":[{"href":"https:\/\/vocesparalelas.com.ar\/sitio\/wp-json\/wp\/v2\/media?parent=61201"}],"wp:term":[{"taxonomy":"category","embeddable":true,"href":"https:\/\/vocesparalelas.com.ar\/sitio\/wp-json\/wp\/v2\/categories?post=61201"},{"taxonomy":"post_tag","embeddable":true,"href":"https:\/\/vocesparalelas.com.ar\/sitio\/wp-json\/wp\/v2\/tags?post=61201"}],"curies":[{"name":"wp","href":"https:\/\/api.w.org\/{rel}","templated":true}]}}