{"id":61194,"date":"2023-07-13T12:02:26","date_gmt":"2023-07-13T15:02:26","guid":{"rendered":"https:\/\/vocesparalelas.com.ar\/sitio\/?p=61194"},"modified":"2023-07-14T22:43:04","modified_gmt":"2023-07-15T01:43:04","slug":"inicia-el-concurso-la-mejor-ruana-sanjuanina","status":"publish","type":"post","link":"https:\/\/vocesparalelas.com.ar\/sitio\/inicia-el-concurso-la-mejor-ruana-sanjuanina\/","title":{"rendered":"Inicia el Concurso \u201cLa Mejor Ruana Sanjuanina\u201d"},"content":{"rendered":"<p>El Gobierno de San Juan a trav\u00e9s de Hilar San Juan, promueve pol\u00edticas p\u00fablicas que permitan la transmisi\u00f3n de este arte, fomentando espacios de intercambio y de perfeccionamiento, asistiendo y acompa\u00f1ando a las emprendedoras y emprendedores para que puedan hacer de este oficio su medio de vida.<\/p>\n<p>Esta iniciativa surge desde el Ministerio de Desarrollo Humano y Promoci\u00f3n Social, a trav\u00e9s de la Direcci\u00f3n de Emprendedores Sociales. Precisamente, desde esta \u00e1rea p\u00fablica se llev\u00f3 adelante una nueva edici\u00f3n del concurso \u201cLa Mejor Ruana Sanjuanina\u201d.<\/p>\n<p>El mismo tiene como objetivo elegir la mejor ruana sanjuanina, contando con un gran \u00e9xito por primera vez el a\u00f1o pasado, coronando a tres ganadoras, y durante este 2023 procura continuar visibilizando y promoviendo el oficio textil, con el fin de preservar y propagar nuestros valores culturales para las generaciones futuras.<\/p>\n<p>En este marco, desde la cartera social se anunci\u00f3 el cierre de la primera etapa, la cual consisti\u00f3 en la inscripci\u00f3n de todas las tejedoras que deseaban formar parte. En esta oportunidad, un total de 97 mujeres de San Juan, compiten por coronar su obra.<\/p>\n<p>Es importante destacar que, el 18 de Agosto se entrega las ruanas, siendo el 25 de agosto el acto final de entrega de premios. En cuanto a las caracter\u00edsticas que deben tener se se\u00f1ala colores sobre tonos tierra, natural y marrones calores los cuales cuenten con dise\u00f1os innovadores y con terminaciones a consideraci\u00f3n de cada tejedora.<\/p>\n<p>En cuanto a los criterios de evaluaci\u00f3n, se considera la presentaci\u00f3n, terminaci\u00f3n y el cumplimiento de las caracter\u00edsticas solicitadas.<\/p>\n<p>El Concurso \u201cLa Mejor Ruana Sanjuanina\u201d ha sido declarado de inter\u00e9s cultural a nivel provincial, y constituye un espacio de visibilizaci\u00f3n para quienes en toda la provincia y en diferentes contextos, han hecho perdurar esta tradici\u00f3n que forma parte de nuestra cultura popular.<\/p>\n<p>&nbsp;<\/p>\n","protected":false},"excerpt":{"rendered":"<p>El Gobierno de San Juan a trav\u00e9s de Hilar San Juan, promueve pol\u00edticas p\u00fablicas que permitan la transmisi\u00f3n de este<\/p>\n","protected":false},"author":3,"featured_media":60541,"comment_status":"closed","ping_status":"closed","sticky":false,"template":"","format":"standard","meta":{"_acf_changed":false,"_seopress_robots_primary_cat":"none","_seopress_titles_title":"","_seopress_titles_desc":"","_seopress_robots_index":"","colormag_page_container_layout":"default_layout","colormag_page_sidebar_layout":"default_layout","footnotes":""},"categories":[8],"tags":[],"class_list":["post-61194","post","type-post","status-publish","format-standard","has-post-thumbnail","hentry","category-concursos"],"acf":[],"_links":{"self":[{"href":"https:\/\/vocesparalelas.com.ar\/sitio\/wp-json\/wp\/v2\/posts\/61194","targetHints":{"allow":["GET"]}}],"collection":[{"href":"https:\/\/vocesparalelas.com.ar\/sitio\/wp-json\/wp\/v2\/posts"}],"about":[{"href":"https:\/\/vocesparalelas.com.ar\/sitio\/wp-json\/wp\/v2\/types\/post"}],"author":[{"embeddable":true,"href":"https:\/\/vocesparalelas.com.ar\/sitio\/wp-json\/wp\/v2\/users\/3"}],"replies":[{"embeddable":true,"href":"https:\/\/vocesparalelas.com.ar\/sitio\/wp-json\/wp\/v2\/comments?post=61194"}],"version-history":[{"count":4,"href":"https:\/\/vocesparalelas.com.ar\/sitio\/wp-json\/wp\/v2\/posts\/61194\/revisions"}],"predecessor-version":[{"id":61200,"href":"https:\/\/vocesparalelas.com.ar\/sitio\/wp-json\/wp\/v2\/posts\/61194\/revisions\/61200"}],"wp:featuredmedia":[{"embeddable":true,"href":"https:\/\/vocesparalelas.com.ar\/sitio\/wp-json\/wp\/v2\/media\/60541"}],"wp:attachment":[{"href":"https:\/\/vocesparalelas.com.ar\/sitio\/wp-json\/wp\/v2\/media?parent=61194"}],"wp:term":[{"taxonomy":"category","embeddable":true,"href":"https:\/\/vocesparalelas.com.ar\/sitio\/wp-json\/wp\/v2\/categories?post=61194"},{"taxonomy":"post_tag","embeddable":true,"href":"https:\/\/vocesparalelas.com.ar\/sitio\/wp-json\/wp\/v2\/tags?post=61194"}],"curies":[{"name":"wp","href":"https:\/\/api.w.org\/{rel}","templated":true}]}}