{"id":61189,"date":"2023-07-13T11:23:16","date_gmt":"2023-07-13T14:23:16","guid":{"rendered":"https:\/\/vocesparalelas.com.ar\/sitio\/?p=61189"},"modified":"2023-07-14T01:07:46","modified_gmt":"2023-07-14T04:07:46","slug":"disfruta-las-vacaciones-de-invierno-con-peliculas-en-upcn-san-juan","status":"publish","type":"post","link":"https:\/\/vocesparalelas.com.ar\/sitio\/disfruta-las-vacaciones-de-invierno-con-peliculas-en-upcn-san-juan\/","title":{"rendered":"Disfruta las Vacaciones de Invierno con pel\u00edculas en UPCN San Juan"},"content":{"rendered":"<p>La Secretar\u00eda de Cultura y Capacitaci\u00f3n de UPCN San Juan invita a la familia para que los chicos disfruten sus vacaciones de invierno disfrutando de pel\u00edculas, con entrada libre y gratuita.<\/p>\n<p>La propuesta brinda dos funciones el Lunes, Mi\u00e9rcoles, y Viernes, a las 16 y a las 18 hs.<\/p>\n<p><strong><span style=\"color: #0000ff;\">Programa<\/span><\/strong><\/p>\n<ul>\n<li><strong><span style=\"color: #0000ff;\">Lunes, 17 de Julio, Super Mario Bros<\/span><\/strong><\/li>\n<\/ul>\n<p><iframe loading=\"lazy\" title=\"Super Mario Bros. La Pel\u00edcula - Tr\u00e1iler Final (Universal Pictures) HD\" width=\"800\" height=\"450\" src=\"https:\/\/www.youtube.com\/embed\/8YQM6VlfiqM?feature=oembed\" frameborder=\"0\" allow=\"accelerometer; autoplay; clipboard-write; encrypted-media; gyroscope; picture-in-picture; web-share\" allowfullscreen><\/iframe><\/p>\n<p>&nbsp;<\/p>\n<ul>\n<li><strong><span style=\"color: #0000ff;\">Mi\u00e9rcoles, 19 de Julio, Luck<\/span><\/strong><\/li>\n<\/ul>\n<p><iframe loading=\"lazy\" title=\"LUCK Tr\u00e1iler Espa\u00f1ol 2 (Nuevo, 2022)\" width=\"800\" height=\"450\" src=\"https:\/\/www.youtube.com\/embed\/vHe065s6jTU?feature=oembed\" frameborder=\"0\" allow=\"accelerometer; autoplay; clipboard-write; encrypted-media; gyroscope; picture-in-picture; web-share\" allowfullscreen><\/iframe><\/p>\n<ul>\n<li><strong><span style=\"color: #0000ff;\">Viernes, 21 de Julio, Frozen<\/span><\/strong><\/li>\n<\/ul>\n<p><iframe loading=\"lazy\" title=\"Frozen: Una Aventura Congelada - Tr\u00e1iler Oficial\" width=\"800\" height=\"450\" src=\"https:\/\/www.youtube.com\/embed\/SRRRrCNTVJA?feature=oembed\" frameborder=\"0\" allow=\"accelerometer; autoplay; clipboard-write; encrypted-media; gyroscope; picture-in-picture; web-share\" allowfullscreen><\/iframe><\/p>\n<p>&nbsp;<\/p>\n<p>&nbsp;<\/p>\n<p><img loading=\"lazy\" decoding=\"async\" class=\"alignnone size-large wp-image-4204\" src=\"https:\/\/vocesparalelas.com.ar\/sitio\/wp-content\/uploads\/2017\/08\/UPCN-SALA-1-800x531.jpg\" alt=\"\" width=\"800\" height=\"531\" srcset=\"https:\/\/vocesparalelas.com.ar\/sitio\/wp-content\/uploads\/2017\/08\/UPCN-SALA-1-800x531.jpg 800w, https:\/\/vocesparalelas.com.ar\/sitio\/wp-content\/uploads\/2017\/08\/UPCN-SALA-1-300x199.jpg 300w, https:\/\/vocesparalelas.com.ar\/sitio\/wp-content\/uploads\/2017\/08\/UPCN-SALA-1-768x510.jpg 768w, https:\/\/vocesparalelas.com.ar\/sitio\/wp-content\/uploads\/2017\/08\/UPCN-SALA-1.jpg 1024w\" sizes=\"auto, (max-width: 800px) 100vw, 800px\" \/><\/p>\n<p>&nbsp;<\/p>\n","protected":false},"excerpt":{"rendered":"<p>La Secretar\u00eda de Cultura y Capacitaci\u00f3n de UPCN San Juan invita a la familia para que los chicos disfruten sus<\/p>\n","protected":false},"author":3,"featured_media":23011,"comment_status":"closed","ping_status":"closed","sticky":false,"template":"","format":"standard","meta":{"_acf_changed":false,"_seopress_robots_primary_cat":"none","_seopress_titles_title":"","_seopress_titles_desc":"","_seopress_robots_index":"","colormag_page_container_layout":"default_layout","colormag_page_sidebar_layout":"default_layout","footnotes":""},"categories":[20,7],"tags":[],"class_list":["post-61189","post","type-post","status-publish","format-standard","has-post-thumbnail","hentry","category-cartelera","category-videos"],"acf":[],"_links":{"self":[{"href":"https:\/\/vocesparalelas.com.ar\/sitio\/wp-json\/wp\/v2\/posts\/61189","targetHints":{"allow":["GET"]}}],"collection":[{"href":"https:\/\/vocesparalelas.com.ar\/sitio\/wp-json\/wp\/v2\/posts"}],"about":[{"href":"https:\/\/vocesparalelas.com.ar\/sitio\/wp-json\/wp\/v2\/types\/post"}],"author":[{"embeddable":true,"href":"https:\/\/vocesparalelas.com.ar\/sitio\/wp-json\/wp\/v2\/users\/3"}],"replies":[{"embeddable":true,"href":"https:\/\/vocesparalelas.com.ar\/sitio\/wp-json\/wp\/v2\/comments?post=61189"}],"version-history":[{"count":2,"href":"https:\/\/vocesparalelas.com.ar\/sitio\/wp-json\/wp\/v2\/posts\/61189\/revisions"}],"predecessor-version":[{"id":61193,"href":"https:\/\/vocesparalelas.com.ar\/sitio\/wp-json\/wp\/v2\/posts\/61189\/revisions\/61193"}],"wp:featuredmedia":[{"embeddable":true,"href":"https:\/\/vocesparalelas.com.ar\/sitio\/wp-json\/wp\/v2\/media\/23011"}],"wp:attachment":[{"href":"https:\/\/vocesparalelas.com.ar\/sitio\/wp-json\/wp\/v2\/media?parent=61189"}],"wp:term":[{"taxonomy":"category","embeddable":true,"href":"https:\/\/vocesparalelas.com.ar\/sitio\/wp-json\/wp\/v2\/categories?post=61189"},{"taxonomy":"post_tag","embeddable":true,"href":"https:\/\/vocesparalelas.com.ar\/sitio\/wp-json\/wp\/v2\/tags?post=61189"}],"curies":[{"name":"wp","href":"https:\/\/api.w.org\/{rel}","templated":true}]}}