{"id":61185,"date":"2023-07-13T11:03:27","date_gmt":"2023-07-13T14:03:27","guid":{"rendered":"https:\/\/vocesparalelas.com.ar\/sitio\/?p=61185"},"modified":"2023-07-14T22:44:20","modified_gmt":"2023-07-15T01:44:20","slug":"la-unsj-repudia-el-atropello-de-la-policia-a-la-universidad-nacional-de-jujuy","status":"publish","type":"post","link":"https:\/\/vocesparalelas.com.ar\/sitio\/la-unsj-repudia-el-atropello-de-la-policia-a-la-universidad-nacional-de-jujuy\/","title":{"rendered":"La UNSJ repudia el atropello de la Polic\u00eda a la Universidad Nacional de Jujuy"},"content":{"rendered":"<p>La Universidad Nacional de San Juan expresa su m\u00e1s en\u00e9rgico repudio al avasallamiento de la autonom\u00eda universitaria por parte de personal uniformado de la Polic\u00eda de Jujuy, que ingres\u00f3 de manera intempestiva al predio de la Universidad Nacional de Jujuy durante una sesi\u00f3n ordinaria del Consejo Superior de esa casa. Al mismo tiempo, se solidariza con las y los integrantes de la comunidad universitaria juje\u00f1a, ante la gravedad del atropello cometido.<\/p>\n<p>Este proceder viola la Ley de Educaci\u00f3n Superior, en su art\u00edculo 31, que dispone que \u201cla fuerza p\u00fablica no puede ingresar en las instituciones universitarias nacionales si no media orden escrita previa y fundada de juez competente o solicitud expresa de autoridad universitaria leg\u00edtimamente constituida\u201d. Pero a\u00fan, tambi\u00e9n se opone a la propia Constituci\u00f3n Nacional, que consagra la autonom\u00eda y autarqu\u00eda de las universidades nacionales, y nos retrotrae a \u00e9pocas oscuras de nuestra historia.<\/p>\n<p>En el a\u00f1o en que nuestro pa\u00eds celebra los 40 a\u00f1os de democracia ininterrumpida, es preciso retornar a los valores que le dan fundamento, impulsando el respeto por las instituciones que integran ciudadanos y ciudadanas de cualquier color pol\u00edtico, en pos del di\u00e1logo, el intercambio constructivo de ideas y la b\u00fasqueda de soluciones pac\u00edficas a los conflictos.<\/p>\n<p>&nbsp;<\/p>\n<p>&nbsp;<\/p>\n","protected":false},"excerpt":{"rendered":"<p>La Universidad Nacional de San Juan expresa su m\u00e1s en\u00e9rgico repudio al avasallamiento de la autonom\u00eda universitaria por parte de<\/p>\n","protected":false},"author":3,"featured_media":54097,"comment_status":"closed","ping_status":"closed","sticky":false,"template":"","format":"standard","meta":{"_acf_changed":false,"_seopress_robots_primary_cat":"none","_seopress_titles_title":"","_seopress_titles_desc":"","_seopress_robots_index":"","colormag_page_container_layout":"default_layout","colormag_page_sidebar_layout":"default_layout","footnotes":""},"categories":[10],"tags":[],"class_list":["post-61185","post","type-post","status-publish","format-standard","has-post-thumbnail","hentry","category-opiniones"],"acf":[],"_links":{"self":[{"href":"https:\/\/vocesparalelas.com.ar\/sitio\/wp-json\/wp\/v2\/posts\/61185","targetHints":{"allow":["GET"]}}],"collection":[{"href":"https:\/\/vocesparalelas.com.ar\/sitio\/wp-json\/wp\/v2\/posts"}],"about":[{"href":"https:\/\/vocesparalelas.com.ar\/sitio\/wp-json\/wp\/v2\/types\/post"}],"author":[{"embeddable":true,"href":"https:\/\/vocesparalelas.com.ar\/sitio\/wp-json\/wp\/v2\/users\/3"}],"replies":[{"embeddable":true,"href":"https:\/\/vocesparalelas.com.ar\/sitio\/wp-json\/wp\/v2\/comments?post=61185"}],"version-history":[{"count":1,"href":"https:\/\/vocesparalelas.com.ar\/sitio\/wp-json\/wp\/v2\/posts\/61185\/revisions"}],"predecessor-version":[{"id":61188,"href":"https:\/\/vocesparalelas.com.ar\/sitio\/wp-json\/wp\/v2\/posts\/61185\/revisions\/61188"}],"wp:featuredmedia":[{"embeddable":true,"href":"https:\/\/vocesparalelas.com.ar\/sitio\/wp-json\/wp\/v2\/media\/54097"}],"wp:attachment":[{"href":"https:\/\/vocesparalelas.com.ar\/sitio\/wp-json\/wp\/v2\/media?parent=61185"}],"wp:term":[{"taxonomy":"category","embeddable":true,"href":"https:\/\/vocesparalelas.com.ar\/sitio\/wp-json\/wp\/v2\/categories?post=61185"},{"taxonomy":"post_tag","embeddable":true,"href":"https:\/\/vocesparalelas.com.ar\/sitio\/wp-json\/wp\/v2\/tags?post=61185"}],"curies":[{"name":"wp","href":"https:\/\/api.w.org\/{rel}","templated":true}]}}