{"id":61168,"date":"2023-07-12T20:36:10","date_gmt":"2023-07-12T23:36:10","guid":{"rendered":"https:\/\/vocesparalelas.com.ar\/sitio\/?p=61168"},"modified":"2023-07-12T20:36:10","modified_gmt":"2023-07-12T23:36:10","slug":"continua-la-obra-de-aprovechamiento-hidroenergetico-multiproposito-el-tambolar-en-san-juan","status":"publish","type":"post","link":"https:\/\/vocesparalelas.com.ar\/sitio\/continua-la-obra-de-aprovechamiento-hidroenergetico-multiproposito-el-tambolar-en-san-juan\/","title":{"rendered":"Contin\u00faa la obra de Aprovechamiento Hidroenerg\u00e9tico Multiprop\u00f3sito \u00abEl Tambolar\u00bb en San Juan"},"content":{"rendered":"<p>En Capital Federal, se reunieron el gobernador de San Juan, Dr. Sergio U\u00f1ac, y el ministro de Econom\u00eda de la Naci\u00f3n, Dr. Sergio Massa, encuentro en el que analizaron varios temas econ\u00f3micos y pol\u00edticos que tuvieron a la provincia como protagonista.<\/p>\n<p>Uno de los temas centrales fue garant\u00eda de la continuidad de la obra Aprovechamiento Hidroenerg\u00e9tico Multiprop\u00f3sito El Tambolar, por ello, analizaron la reestructuraci\u00f3n del fideicomiso conformado con este fin, cuyos fondos provienen de la venta de energ\u00eda de San Juan, inyectada al Mercado El\u00e9ctrico Mayorista.<\/p>\n<p>Tambi\u00e9n, avanzaron sobre el trabajo coordinado entre Naci\u00f3n y Provincia respecto a distintas acciones vinculadas al desarrollo de las cadenas de la econom\u00eda regional, incentivos econ\u00f3micos para la inserci\u00f3n y modernizaci\u00f3n tecnol\u00f3gica, y la ejecuci\u00f3n de los proyectos para mejorar el sistema de riego de la provincia, entre otros temas.<\/p>\n<p>Hacia el final de este fruct\u00edfero encuentro, analizaron la situaci\u00f3n pol\u00edtica del pa\u00eds y de San Juan en virtud de las\u00a0 elecciones nacionales \u00abPASO 2023\u00bb, a realizarse el Domingo, 13 de Agosto.<\/p>\n<p><strong><span style=\"color: #339966;\">Sobre El Tambolar<\/span><\/strong><\/p>\n<p>S\u00f3lo dos represas hidroenerg\u00e9ticas se construyen en el pa\u00eds y una de ellas es la de San Juan, cuya segunda etapa fue formalmente iniciada en 2022.<\/p>\n<p>Una vez concluida la segunda etapa, El Tambolar ser\u00e1 el cuarto dique sobre el r\u00edo San Juan, aguas arriba de los diques Ullum, Punta Negra y Caracoles; ubicado en el l\u00edmite de los departamentos Ullum y Zonda.<\/p>\n<p>El Tambolar tendr\u00e1 el mayor volumen de embalse de todos los diques de la provincia, de 605 hm3, ampliando la capacidad de riego de la regi\u00f3n y disminuyendo los riesgos de sequ\u00edas o inundaciones. Adem\u00e1s, la central hidroel\u00e9ctrica producir\u00e1 un promedio de 343 GW h\/a\u00f1o de energ\u00eda el\u00e9ctrica que ser\u00e1 inyectada y vendida en el mercado interconectado nacional.<\/p>\n<p><img loading=\"lazy\" decoding=\"async\" class=\"alignnone size-full wp-image-47935\" src=\"https:\/\/vocesparalelas.com.ar\/sitio\/wp-content\/uploads\/2022\/04\/TAMBOLAR-02.jpg\" alt=\"\" width=\"800\" height=\"534\" srcset=\"https:\/\/vocesparalelas.com.ar\/sitio\/wp-content\/uploads\/2022\/04\/TAMBOLAR-02.jpg 800w, https:\/\/vocesparalelas.com.ar\/sitio\/wp-content\/uploads\/2022\/04\/TAMBOLAR-02-300x200.jpg 300w, https:\/\/vocesparalelas.com.ar\/sitio\/wp-content\/uploads\/2022\/04\/TAMBOLAR-02-768x513.jpg 768w\" sizes=\"auto, (max-width: 800px) 100vw, 800px\" \/><\/p>\n","protected":false},"excerpt":{"rendered":"<p>En Capital Federal, se reunieron el gobernador de San Juan, Dr. Sergio U\u00f1ac, y el ministro de Econom\u00eda de la<\/p>\n","protected":false},"author":3,"featured_media":61171,"comment_status":"closed","ping_status":"closed","sticky":false,"template":"","format":"standard","meta":{"_acf_changed":false,"_seopress_robots_primary_cat":"none","_seopress_titles_title":"","_seopress_titles_desc":"","_seopress_robots_index":"","colormag_page_container_layout":"default_layout","colormag_page_sidebar_layout":"default_layout","footnotes":""},"categories":[1],"tags":[],"class_list":["post-61168","post","type-post","status-publish","format-standard","has-post-thumbnail","hentry","category-destacadas"],"acf":[],"_links":{"self":[{"href":"https:\/\/vocesparalelas.com.ar\/sitio\/wp-json\/wp\/v2\/posts\/61168","targetHints":{"allow":["GET"]}}],"collection":[{"href":"https:\/\/vocesparalelas.com.ar\/sitio\/wp-json\/wp\/v2\/posts"}],"about":[{"href":"https:\/\/vocesparalelas.com.ar\/sitio\/wp-json\/wp\/v2\/types\/post"}],"author":[{"embeddable":true,"href":"https:\/\/vocesparalelas.com.ar\/sitio\/wp-json\/wp\/v2\/users\/3"}],"replies":[{"embeddable":true,"href":"https:\/\/vocesparalelas.com.ar\/sitio\/wp-json\/wp\/v2\/comments?post=61168"}],"version-history":[{"count":1,"href":"https:\/\/vocesparalelas.com.ar\/sitio\/wp-json\/wp\/v2\/posts\/61168\/revisions"}],"predecessor-version":[{"id":61172,"href":"https:\/\/vocesparalelas.com.ar\/sitio\/wp-json\/wp\/v2\/posts\/61168\/revisions\/61172"}],"wp:featuredmedia":[{"embeddable":true,"href":"https:\/\/vocesparalelas.com.ar\/sitio\/wp-json\/wp\/v2\/media\/61171"}],"wp:attachment":[{"href":"https:\/\/vocesparalelas.com.ar\/sitio\/wp-json\/wp\/v2\/media?parent=61168"}],"wp:term":[{"taxonomy":"category","embeddable":true,"href":"https:\/\/vocesparalelas.com.ar\/sitio\/wp-json\/wp\/v2\/categories?post=61168"},{"taxonomy":"post_tag","embeddable":true,"href":"https:\/\/vocesparalelas.com.ar\/sitio\/wp-json\/wp\/v2\/tags?post=61168"}],"curies":[{"name":"wp","href":"https:\/\/api.w.org\/{rel}","templated":true}]}}