{"id":61163,"date":"2023-07-12T19:24:16","date_gmt":"2023-07-12T22:24:16","guid":{"rendered":"https:\/\/vocesparalelas.com.ar\/sitio\/?p=61163"},"modified":"2023-07-14T22:43:32","modified_gmt":"2023-07-15T01:43:32","slug":"el-voto-de-vamos-san-juan-con-candidatos-a-senador-diputado-nacional-y-parlasur-paso-2023","status":"publish","type":"post","link":"https:\/\/vocesparalelas.com.ar\/sitio\/el-voto-de-vamos-san-juan-con-candidatos-a-senador-diputado-nacional-y-parlasur-paso-2023\/","title":{"rendered":"El voto de Vamos San Juan con candidatos a Senador, Diputado Nacional y Parlasur \u00abPASO 2023\u00bb"},"content":{"rendered":"<p>La subagrupaci\u00f3n Vamos San Juan present\u00f3 el modelo de voto de cara a las elecciones nacionales PASO 2023. Este modelo consta de tres partes en las que aparecen los nombres de los precandidatos a senadores, diputados nacionales y parlamentario del Mercosur, titulares y suplentes.<\/p>\n<p>Se suma el logo y el nombre del Frente Nacional Uni\u00f3n por la Patria y luego, el nombre de la subagrupaci\u00f3n Vamos San Juan en las tres listas.<\/p>\n<p><strong><span style=\"color: #0000ff;\">La primera parte corresponde a los precandidatos a senadores nacionales<\/span><\/strong><\/p>\n<p><strong><span style=\"color: #0000ff;\">Titulares<\/span><\/strong><\/p>\n<ul>\n<li>Sergio U\u00f1ac y<\/li>\n<li>Mar\u00eda Celeste Jim\u00e9nez Navarro<\/li>\n<\/ul>\n<p><strong><span style=\"color: #0000ff;\">Suplentes<\/span><\/strong><\/p>\n<ul>\n<li>Hugo D\u00edaz y<\/li>\n<li>Marcela Monti<\/li>\n<\/ul>\n<p><span style=\"color: #0000ff;\"><strong>La segunda parte del voto es para los precandidatos a diputados nacionales<\/strong><\/span><\/p>\n<p><span style=\"color: #0000ff;\"><strong>Titulares<\/strong><\/span><\/p>\n<ul>\n<li>Jorge \u201cKoki\u201d Chica,<\/li>\n<li>Melissa Naveda y<\/li>\n<li>Jorge Oribe<\/li>\n<\/ul>\n<p><strong><span style=\"color: #0000ff;\">Suplentes<\/span><\/strong><\/p>\n<ul>\n<li>Lila Graciela Mart\u00edn,<\/li>\n<li>Omar Blanco y<\/li>\n<li>Claudia Pereyra<\/li>\n<\/ul>\n<p><strong><span style=\"color: #0000ff;\">Precandidatos a parlamentario del Mercosur por distrito regional provincial<\/span><\/strong><\/p>\n<p><strong><span style=\"color: #0000ff;\">Titular<\/span><\/strong><\/p>\n<ul>\n<li>Mat\u00edas Sotomayor<\/li>\n<\/ul>\n<p><strong><span style=\"color: #0000ff;\">Suplentes<\/span><\/strong><\/p>\n<ul>\n<li>Nerina Eusebi y<\/li>\n<li>Andr\u00e9s D\u00edaz Cano.<\/li>\n<\/ul>\n<p>Seg\u00fan el cronograma electoral Elecciones Nacionales 2023, el 14 de Julio vence el plazo para que los Juzgados Federales resuelvan la aprobaci\u00f3n formal de las boletas oficializadas, es decir, 30 d\u00edas antes de la fecha de las PASO que se realizan el Domingo, 13 de Agosto de 2023.<\/p>\n<p><img loading=\"lazy\" decoding=\"async\" class=\"alignnone size-full wp-image-61166\" src=\"https:\/\/vocesparalelas.com.ar\/sitio\/wp-content\/uploads\/2023\/07\/VAMOS-SAN-JUAN-VOTO.jpg\" alt=\"\" width=\"800\" height=\"448\" srcset=\"https:\/\/vocesparalelas.com.ar\/sitio\/wp-content\/uploads\/2023\/07\/VAMOS-SAN-JUAN-VOTO.jpg 800w, https:\/\/vocesparalelas.com.ar\/sitio\/wp-content\/uploads\/2023\/07\/VAMOS-SAN-JUAN-VOTO-300x168.jpg 300w, https:\/\/vocesparalelas.com.ar\/sitio\/wp-content\/uploads\/2023\/07\/VAMOS-SAN-JUAN-VOTO-768x430.jpg 768w\" sizes=\"auto, (max-width: 800px) 100vw, 800px\" \/><\/p>\n<p><strong><span style=\"color: #0000ff;\">Datos de los titulares<\/span><\/strong><\/p>\n<p><strong><span style=\"color: #0000ff;\">Senadores por San Juan<\/span><\/strong><\/p>\n<ul>\n<li><strong><span style=\"color: #0000ff;\">Sergio U\u00f1ac<\/span><\/strong> naci\u00f3 en 1970 en el departamento Pocito, es actualmente gobernador de la provincia de San Juan, segundo mandato. Estudi\u00f3 en la Universidad Nacional de C\u00f3rdoba. Se recibi\u00f3 de abogado.\u00a0En 2003, fue elegido Intendente de Pocito, siendo reelecto en 2007 hasta el 2011. Fue vicegobernador en 2011, y Presidente Nato de la C\u00e1mara de Diputados de San Juan. En 2015 fue elegido gobernador de San Juan y reelecto en 2019. Desde 2016 a la fecha es presidente del Partido Justicialista de San Juan.<\/li>\n<li><strong><span style=\"color: #0000ff;\">Mar\u00eda Celeste Gim\u00e9nez Navarro<\/span><\/strong> egres\u00f3 como Profesora en Psicolog\u00eda de la Universidad Nacional de San Juan y Diplomada en Pr\u00e1cticas Sociales y Educativas. Fue parte del cuerpo asesor pol\u00edtico en la Honorable C\u00e1mara de Diputados de la Provincia de San Juan. Actualmente es la Coordinadora provincial del Registro Nacional de las Personas &#8211; RENAPER.<\/li>\n<\/ul>\n<p><span style=\"color: #0000ff;\"><strong>Diputados Nacionales por San Juan<\/strong><\/span><\/p>\n<ul>\n<li><strong><span style=\"color: #0000ff;\">Jorge Chica Mu\u00f1oz<\/span> <\/strong>naci\u00f3 en San Juan el 24 de abril de 1980. Fue jugador de f\u00fatbol y luego trabaj\u00f3 en la actividad privada. Se recibi\u00f3 de T\u00e9cnico de Gesti\u00f3n Deportiva en la UCCuyo; y se encuentra cursando el \u00faltimo a\u00f1o Licenciatura en Gesti\u00f3n Deportiva. Asumi\u00f3 en diciembre de 2015 como secretario de Estado de Deportes en la primera gobernaci\u00f3n de Sergio U\u00f1ac, cargo que ocupa hasta la actualidad. Chica fue impulsor de pol\u00edticas que cambiaron el paradigma del deporte en San Juan; y, junto con U\u00f1ac, pusieron en marcha la Revoluci\u00f3n Deportiva que logr\u00f3 llevar obras y deportes a cada rinc\u00f3n de la provincia. Entre esos logros figura la designaci\u00f3n de San Juan como Capital Americana del Deporte 2024.<\/li>\n<li><span style=\"color: #0000ff;\"><strong>Melisa Naveda<\/strong><\/span> naci\u00f3 el 26 de junio de 1989. Se recibi\u00f3 de Licenciada en Ciencias de la Educaci\u00f3n con orientaci\u00f3n en Gesti\u00f3n Educativa; y es tambi\u00e9n Profesora en Psicolog\u00eda para EGB 3 y Polimodal. En 2020 ingreso a la Direcci\u00f3n de Ni\u00f1ez, Adolescencia y Familia, del Ministerio de Desarrollo Humano, donde trabaja como monitora en el programa Ni\u00f1ez en Familia, Protecci\u00f3n de los Derechos del ni\u00f1o. Situaci\u00f3n de vulneraci\u00f3n (mendicidad, venta ambulante, entre otras).<\/li>\n<li><strong><span style=\"color: #0000ff;\">Jorge Antonio Oribe<\/span><\/strong> es abogado egresado de la Universidad Cat\u00f3lica de Cuyo. Ejerci\u00f3 la profesi\u00f3n de manera particular hasta el 2019, a\u00f1o en que comenz\u00f3 a trabajar como subsecretario de Trabajo de la Provincia. Fue cuatro a\u00f1os profesor de \u00c9tica Profesional en la Universidad Cat\u00f3lica de Cuyo, en la carrera de Derecho, en la carrera de Escriban\u00eda y de Bioqu\u00edmica. Fue apoderado del Sindicato Empleados de Comercio y fue presidente de la Junta Electoral del Frente San Juan por Todos, y presidente de la Junta Electoral Uni\u00f3n por la Patria, cargo al que renunci\u00f3 para ser precandidato. Pertenece a la Junta Departamental del PJ de Santa Luc\u00eda. Es apoderado del Partido Justicialista desde el 2016.<\/li>\n<\/ul>\n<p><strong><span style=\"color: #0000ff;\">Parlasur<\/span><\/strong><\/p>\n<ul>\n<li><strong><span style=\"color: #0000ff;\">Mat\u00edas Sotomayor<\/span><\/strong> tiene 36 a\u00f1os, y es presidente del Instituto de Pol\u00edtica Joven. Actualmente es director general de Relaciones Internacionales, Coordinador Agenda 2030, Consejo Nacional de Coordinaci\u00f3n de Pol\u00edticas Sociales, Presidencia de la Naci\u00f3n. Fue Asesor Legislatura de San Juan, y trabaj\u00f3 en la Administraci\u00f3n General Delegaci\u00f3n Cuyo INASE. Fue titular de la subjefatura de Asesores del Presidente de la C\u00e1mara de Diputados de San Juan y Vicegobernador por el Poder Ejecutivo. Tambi\u00e9n fue subdirector de Lucha Contra la Droga y el Narcotr\u00e1fico del Gobierno de San Juan.<\/li>\n<\/ul>\n<p>&nbsp;<\/p>\n<p>&nbsp;<\/p>\n<p>&nbsp;<\/p>\n","protected":false},"excerpt":{"rendered":"<p>La subagrupaci\u00f3n Vamos San Juan present\u00f3 el modelo de voto de cara a las elecciones nacionales PASO 2023. Este modelo<\/p>\n","protected":false},"author":3,"featured_media":59083,"comment_status":"closed","ping_status":"closed","sticky":false,"template":"","format":"standard","meta":{"_acf_changed":false,"_seopress_robots_primary_cat":"none","_seopress_titles_title":"","_seopress_titles_desc":"","_seopress_robots_index":"","colormag_page_container_layout":"default_layout","colormag_page_sidebar_layout":"default_layout","footnotes":""},"categories":[10],"tags":[],"class_list":["post-61163","post","type-post","status-publish","format-standard","has-post-thumbnail","hentry","category-opiniones"],"acf":[],"_links":{"self":[{"href":"https:\/\/vocesparalelas.com.ar\/sitio\/wp-json\/wp\/v2\/posts\/61163","targetHints":{"allow":["GET"]}}],"collection":[{"href":"https:\/\/vocesparalelas.com.ar\/sitio\/wp-json\/wp\/v2\/posts"}],"about":[{"href":"https:\/\/vocesparalelas.com.ar\/sitio\/wp-json\/wp\/v2\/types\/post"}],"author":[{"embeddable":true,"href":"https:\/\/vocesparalelas.com.ar\/sitio\/wp-json\/wp\/v2\/users\/3"}],"replies":[{"embeddable":true,"href":"https:\/\/vocesparalelas.com.ar\/sitio\/wp-json\/wp\/v2\/comments?post=61163"}],"version-history":[{"count":1,"href":"https:\/\/vocesparalelas.com.ar\/sitio\/wp-json\/wp\/v2\/posts\/61163\/revisions"}],"predecessor-version":[{"id":61167,"href":"https:\/\/vocesparalelas.com.ar\/sitio\/wp-json\/wp\/v2\/posts\/61163\/revisions\/61167"}],"wp:featuredmedia":[{"embeddable":true,"href":"https:\/\/vocesparalelas.com.ar\/sitio\/wp-json\/wp\/v2\/media\/59083"}],"wp:attachment":[{"href":"https:\/\/vocesparalelas.com.ar\/sitio\/wp-json\/wp\/v2\/media?parent=61163"}],"wp:term":[{"taxonomy":"category","embeddable":true,"href":"https:\/\/vocesparalelas.com.ar\/sitio\/wp-json\/wp\/v2\/categories?post=61163"},{"taxonomy":"post_tag","embeddable":true,"href":"https:\/\/vocesparalelas.com.ar\/sitio\/wp-json\/wp\/v2\/tags?post=61163"}],"curies":[{"name":"wp","href":"https:\/\/api.w.org\/{rel}","templated":true}]}}