{"id":6116,"date":"2017-10-12T17:17:50","date_gmt":"2017-10-12T20:17:50","guid":{"rendered":"http:\/\/vocesparalelas.com.ar\/sitio\/?p=6116"},"modified":"2017-10-13T15:42:40","modified_gmt":"2017-10-13T18:42:40","slug":"ruta-interlagos-premio-a-la-mejor-obra-vial-provincial-del-ano","status":"publish","type":"post","link":"https:\/\/vocesparalelas.com.ar\/sitio\/ruta-interlagos-premio-a-la-mejor-obra-vial-provincial-del-ano\/","title":{"rendered":"Ruta Interlagos \u201cPremio a la mejor Obra Vial Provincial del A\u00f1o\u201d"},"content":{"rendered":"<p>El Consejo Directivo de la Asociaci\u00f3n Argentina de Carreteras distingui\u00f3 a la Ruta Provincial 12 &#8211; \u201cRuta Interlagos\u201d como la Mejor Obra Vial del Gobierno de San Juan, finalizada en el 2017.<\/p>\n<p>Estos premios recaen en aquellas obras que por su magnitud, trascendencia, innovaci\u00f3n tecnol\u00f3gica o impacto socioecon\u00f3mico resultan dignas de ser distinguidas para que sirvan de modelo y ejemplo de obras futuras.<\/p>\n<p>El acto se realiz\u00f3 el 11 de Octubre, en el Hotel Panamericano, de la Provincia de Buenos Aires, durante la tradicional cena del \u201cD\u00eda del Camino\u201d, a la que concurren las m\u00e1s altas autoridades nacionales y provinciales vinculadas con el sector vial.<\/p>\n<p>Adem\u00e1s de empresarios, representantes de c\u00e1maras e instituciones relacionadas con el camino y el transporte por carretera.<\/p>\n<p><img loading=\"lazy\" decoding=\"async\" class=\"alignnone size-medium wp-image-6117 aligncenter\" src=\"https:\/\/vocesparalelas.com.ar\/sitio\/wp-content\/uploads\/2017\/10\/INTERLAGOS-PREMIO-01-300x225.jpg\" alt=\"\" width=\"300\" height=\"225\" srcset=\"https:\/\/vocesparalelas.com.ar\/sitio\/wp-content\/uploads\/2017\/10\/INTERLAGOS-PREMIO-01-300x225.jpg 300w, https:\/\/vocesparalelas.com.ar\/sitio\/wp-content\/uploads\/2017\/10\/INTERLAGOS-PREMIO-01-768x576.jpg 768w, https:\/\/vocesparalelas.com.ar\/sitio\/wp-content\/uploads\/2017\/10\/INTERLAGOS-PREMIO-01-800x600.jpg 800w, https:\/\/vocesparalelas.com.ar\/sitio\/wp-content\/uploads\/2017\/10\/INTERLAGOS-PREMIO-01.jpg 1024w\" sizes=\"auto, (max-width: 300px) 100vw, 300px\" \/><\/p>\n<p>El premio fue recibido por el Ministro de Infraestructura y Servicios P\u00fablicos del Gobierno de San Juan, Ing. Julio Ortiz Andino acompa\u00f1ado por el Secretario de Obras P\u00fablicas, Ing. Jorge Deiana y el Director Provincial de Vialidad, Ing. Juan Manuel Magari\u00f1os.<\/p>\n<p>Asimismo, participaron representantes de las empresas que llevaron a cabo la obra.<\/p>\n<p><iframe loading=\"lazy\" width=\"800\" height=\"450\" src=\"https:\/\/www.youtube.com\/embed\/vdiy4j0yh_4?feature=oembed\" frameborder=\"0\" allowfullscreen><\/iframe><\/p>\n","protected":false},"excerpt":{"rendered":"<p>El Consejo Directivo de la Asociaci\u00f3n Argentina de Carreteras distingui\u00f3 a la Ruta Provincial 12 &#8211; \u201cRuta Interlagos\u201d como la<\/p>\n","protected":false},"author":3,"featured_media":6118,"comment_status":"closed","ping_status":"closed","sticky":false,"template":"","format":"video","meta":{"_acf_changed":false,"_seopress_robots_primary_cat":"","_seopress_titles_title":"","_seopress_titles_desc":"","_seopress_robots_index":"","colormag_page_container_layout":"default_layout","colormag_page_sidebar_layout":"default_layout","footnotes":""},"categories":[6,7],"tags":[],"class_list":["post-6116","post","type-post","status-publish","format-video","has-post-thumbnail","hentry","category-eventos","category-videos","post_format-post-format-video"],"acf":[],"_links":{"self":[{"href":"https:\/\/vocesparalelas.com.ar\/sitio\/wp-json\/wp\/v2\/posts\/6116","targetHints":{"allow":["GET"]}}],"collection":[{"href":"https:\/\/vocesparalelas.com.ar\/sitio\/wp-json\/wp\/v2\/posts"}],"about":[{"href":"https:\/\/vocesparalelas.com.ar\/sitio\/wp-json\/wp\/v2\/types\/post"}],"author":[{"embeddable":true,"href":"https:\/\/vocesparalelas.com.ar\/sitio\/wp-json\/wp\/v2\/users\/3"}],"replies":[{"embeddable":true,"href":"https:\/\/vocesparalelas.com.ar\/sitio\/wp-json\/wp\/v2\/comments?post=6116"}],"version-history":[{"count":0,"href":"https:\/\/vocesparalelas.com.ar\/sitio\/wp-json\/wp\/v2\/posts\/6116\/revisions"}],"wp:featuredmedia":[{"embeddable":true,"href":"https:\/\/vocesparalelas.com.ar\/sitio\/wp-json\/wp\/v2\/media\/6118"}],"wp:attachment":[{"href":"https:\/\/vocesparalelas.com.ar\/sitio\/wp-json\/wp\/v2\/media?parent=6116"}],"wp:term":[{"taxonomy":"category","embeddable":true,"href":"https:\/\/vocesparalelas.com.ar\/sitio\/wp-json\/wp\/v2\/categories?post=6116"},{"taxonomy":"post_tag","embeddable":true,"href":"https:\/\/vocesparalelas.com.ar\/sitio\/wp-json\/wp\/v2\/tags?post=6116"}],"curies":[{"name":"wp","href":"https:\/\/api.w.org\/{rel}","templated":true}]}}