{"id":61158,"date":"2023-07-12T12:13:09","date_gmt":"2023-07-12T15:13:09","guid":{"rendered":"https:\/\/vocesparalelas.com.ar\/sitio\/?p=61158"},"modified":"2023-07-14T23:39:09","modified_gmt":"2023-07-15T02:39:09","slug":"soda-sinfonico-con-musica-para-volar-en-san-juan","status":"publish","type":"post","link":"https:\/\/vocesparalelas.com.ar\/sitio\/soda-sinfonico-con-musica-para-volar-en-san-juan\/","title":{"rendered":"\u201cSoda Sinf\u00f3nico\u201d con M\u00fasica Para Volar en San Juan"},"content":{"rendered":"<p>El Viernes, 14 de Julio, a las 22:30 hs.; en el Auditorio Juan Victoria es testigo de una experiencia musical \u00fanica e inolvidable. Se trata de \u201cSoda Sinf\u00f3nico\u201d, el espect\u00e1culo conceptual de la banda M\u00fasica Para Volar, el cual ha generado una gran expectativa entre los amantes de la m\u00fasica.<\/p>\n<p>Debido a la enorme demanda, las entradas para este espect\u00e1culo se han agotado r\u00e1pidamente. Por ello, se sum\u00f3 una nueva funci\u00f3n el mismo d\u00eda a las 22:30, para que todos puedan disfrutar del esperado show.<\/p>\n<p>El grupo musical est\u00e1 integrado por Jos\u00e9 Matteucci en bater\u00eda y voz; Alexis Thompson en guitarra; Julieta Sciasci en bajo y voz y Bruno Moreno en piano, quien adem\u00e1s se encarga de componer los arreglos para orquesta y coro. La banda, que tiene casi diez a\u00f1os de trayectoria, se embarcar\u00e1 en un recorrido por la discograf\u00eda de la ic\u00f3nica banda liderada por Gustavo Cerati, Soda Stereo. M\u00e1s de 50 talentosos instrumentistas, incluyendo banda, orquesta y coro, se unir\u00e1n para brindar una experiencia sonora y visual impactante.<\/p>\n<p>Aquellos que deseen asistir a\u00fan tienen la posibilidad de adquirir sus entradas a trav\u00e9s<\/p>\n<p><a href=\"http:\/\/mpvolar.com.ar\">http:\/\/mpvolar.com.ar<\/a><\/p>\n<p><a href=\"http:\/\/entradaweb.com.ar\">http:\/\/entradaweb.com.ar<\/a><\/p>\n<p>as\u00ed como en la boleter\u00eda del Auditorio, de Lunes a S\u00e1bado, de 10 a 1 hs.<\/p>\n<p>Los precios de las entradas var\u00edan seg\u00fan la ubicaci\u00f3n:<\/p>\n<ul>\n<li>fila 1 a 15, $6900;<\/li>\n<li>fila 16 a 20, $6200; y<\/li>\n<li>fila 20 a 25, $5700.<\/li>\n<\/ul>\n<p><img loading=\"lazy\" decoding=\"async\" class=\"alignnone size-large wp-image-1668\" src=\"https:\/\/vocesparalelas.com.ar\/sitio\/wp-content\/uploads\/2017\/06\/AUDITORIO-800x532.jpg\" alt=\"\" width=\"800\" height=\"532\" srcset=\"https:\/\/vocesparalelas.com.ar\/sitio\/wp-content\/uploads\/2017\/06\/AUDITORIO.jpg 800w, https:\/\/vocesparalelas.com.ar\/sitio\/wp-content\/uploads\/2017\/06\/AUDITORIO-300x200.jpg 300w, https:\/\/vocesparalelas.com.ar\/sitio\/wp-content\/uploads\/2017\/06\/AUDITORIO-768x511.jpg 768w\" sizes=\"auto, (max-width: 800px) 100vw, 800px\" \/><\/p>\n<p>&nbsp;<\/p>\n<p>&nbsp;<\/p>\n","protected":false},"excerpt":{"rendered":"<p>El Viernes, 14 de Julio, a las 22:30 hs.; en el Auditorio Juan Victoria es testigo de una experiencia musical<\/p>\n","protected":false},"author":3,"featured_media":61161,"comment_status":"closed","ping_status":"closed","sticky":false,"template":"","format":"standard","meta":{"_acf_changed":false,"_seopress_robots_primary_cat":"none","_seopress_titles_title":"","_seopress_titles_desc":"","_seopress_robots_index":"","colormag_page_container_layout":"default_layout","colormag_page_sidebar_layout":"default_layout","footnotes":""},"categories":[20],"tags":[],"class_list":["post-61158","post","type-post","status-publish","format-standard","has-post-thumbnail","hentry","category-cartelera"],"acf":[],"_links":{"self":[{"href":"https:\/\/vocesparalelas.com.ar\/sitio\/wp-json\/wp\/v2\/posts\/61158","targetHints":{"allow":["GET"]}}],"collection":[{"href":"https:\/\/vocesparalelas.com.ar\/sitio\/wp-json\/wp\/v2\/posts"}],"about":[{"href":"https:\/\/vocesparalelas.com.ar\/sitio\/wp-json\/wp\/v2\/types\/post"}],"author":[{"embeddable":true,"href":"https:\/\/vocesparalelas.com.ar\/sitio\/wp-json\/wp\/v2\/users\/3"}],"replies":[{"embeddable":true,"href":"https:\/\/vocesparalelas.com.ar\/sitio\/wp-json\/wp\/v2\/comments?post=61158"}],"version-history":[{"count":1,"href":"https:\/\/vocesparalelas.com.ar\/sitio\/wp-json\/wp\/v2\/posts\/61158\/revisions"}],"predecessor-version":[{"id":61162,"href":"https:\/\/vocesparalelas.com.ar\/sitio\/wp-json\/wp\/v2\/posts\/61158\/revisions\/61162"}],"wp:featuredmedia":[{"embeddable":true,"href":"https:\/\/vocesparalelas.com.ar\/sitio\/wp-json\/wp\/v2\/media\/61161"}],"wp:attachment":[{"href":"https:\/\/vocesparalelas.com.ar\/sitio\/wp-json\/wp\/v2\/media?parent=61158"}],"wp:term":[{"taxonomy":"category","embeddable":true,"href":"https:\/\/vocesparalelas.com.ar\/sitio\/wp-json\/wp\/v2\/categories?post=61158"},{"taxonomy":"post_tag","embeddable":true,"href":"https:\/\/vocesparalelas.com.ar\/sitio\/wp-json\/wp\/v2\/tags?post=61158"}],"curies":[{"name":"wp","href":"https:\/\/api.w.org\/{rel}","templated":true}]}}