{"id":61127,"date":"2023-07-11T23:04:54","date_gmt":"2023-07-12T02:04:54","guid":{"rendered":"https:\/\/vocesparalelas.com.ar\/sitio\/?p=61127"},"modified":"2023-07-11T23:04:54","modified_gmt":"2023-07-12T02:04:54","slug":"fortalecen-los-parques-turisticos-recreativos-en-san-juan","status":"publish","type":"post","link":"https:\/\/vocesparalelas.com.ar\/sitio\/fortalecen-los-parques-turisticos-recreativos-en-san-juan\/","title":{"rendered":"Fortalecen los Parques Tur\u00edsticos Recreativos en San Juan"},"content":{"rendered":"<p>Con el objetivo de realizar de acciones conjuntas y mancomunadas para fortalecer los espacios de recreaci\u00f3n y aprendizaje de ni\u00f1os, j\u00f3venes y adultos, el Ministerio de Turismo y Cultura y la Secretar\u00eda de Estado de Ambiente, firmaron un Acuerdo de vinculaci\u00f3n de Parques Tur\u00edsticos Recreativos.<\/p>\n<p>De la firma participaron la Ministra de Turismo y Cultura, Lic. Claudia Grynszpan; el Secretario de Estado de Ambiente y Desarrollo Sustentable, Francisco Guevara; el Secretario de Turismo, Dr. Roberto Ju\u00e1rez; la directora del Centro de Educaci\u00f3n Ambiental Anchipurac, Arq. Claudia Agnelli; y el Administrador del Parque Provincial Ischigualasto, Lic. Emilio Fern\u00e1ndez.<\/p>\n<p>A trav\u00e9s de este trabajo mancomunado los visitantes del Parque Provincial Ischigualasto que ingresen a conocer el \u00c1rea Protegida durante las Vacaciones de Invierno 2023, puedan hacerlo de forma gratuita el Centro de Educaci\u00f3n e Investigaci\u00f3n Ambiental Anchipurac, y en el mismo sentido a la inversa.<\/p>\n<p>En cuanto a la importancia de este Acuerdo, el Secretario de Ambiente Francisco Guevara dijo que \u201cpara nosotros promocionar nuestros parques es de mucha importancia, sumar este intercambio responde a un pedido del Gobernador Dr. Sergio U\u00f1ac de trabajar en equipo de manera transversal, para fortalecer la provincia y fundamentalmente la educaci\u00f3n ambiental\u00bb.<\/p>\n<p>Respecto al impulso que generan en la provincia estas actividades, Lic. Claudia Grynszpan expres\u00f3 \u201cesta interacci\u00f3n permite potenciar no solo las vacaciones de invierno, sino la infraestructura que atraviesa las distintas \u00e1reas del gobierno. Con este 2&#215;1 podemos potenciar las actividades de vacaciones, conocer y valorar los recursos de la provincia\u201d y agreg\u00f3 \u201cquienes visitan Anchipurac se van impactados y con una muy buena imagen del trabajo ambiental en la provincia de San Juan. Ischigualasto recibe visitas internacionales y sumando actividades es posible extender su estad\u00eda en San Juan\u201d.<\/p>\n<p>Las pol\u00edticas transversales permiten crear espacios plurales para que la poblaci\u00f3n se enriquezca con sus actividades y aprendizajes, tomando como eje la educaci\u00f3n ambiental. Una educaci\u00f3n ambiental que propone el disfrute de la naturaleza, la revalorizaci\u00f3n de la comunidad, el patrimonio natural y cultural, constituye una ense\u00f1anza de h\u00e1bitos vali\u00e9ndose de la recreaci\u00f3n y de las secuencias l\u00fadicas.<\/p>\n<p>La Arq. Claudia Agnelli destac\u00f3 el valor de un trabajo conjunto y afirm\u00f3 que \u201cestas tareas colaborativas permitir\u00e1n al visitante hacer actividades a un menor costo, la vinculaci\u00f3n de estos espacios permite mostrar m\u00e1s nuestra provincia y fomentar la cultura ambiental desde una recreaci\u00f3n o una actividad tur\u00edstica\u00bb.<\/p>\n<p>Finalmente, el Lic. Emilio Fern\u00e1ndez, dijo que \u201cel objetivo es complementar actividades, capitalizar el turismo que ingresa a visitar Ischigualaso y de esta manera direccionarlo hacia el Centro Anchipurac. Tenemos una enorme expectativa respecto a la cantidad de turistas que visitar\u00e1n la provincia durante julio, y con este tipo de acciones auguramos un \u00e9xito\u00bb.<\/p>\n<p>&nbsp;<\/p>\n<p>&nbsp;<\/p>\n","protected":false},"excerpt":{"rendered":"<p>Con el objetivo de realizar de acciones conjuntas y mancomunadas para fortalecer los espacios de recreaci\u00f3n y aprendizaje de ni\u00f1os,<\/p>\n","protected":false},"author":3,"featured_media":61130,"comment_status":"closed","ping_status":"closed","sticky":false,"template":"","format":"standard","meta":{"_acf_changed":false,"_seopress_robots_primary_cat":"none","_seopress_titles_title":"","_seopress_titles_desc":"","_seopress_robots_index":"","colormag_page_container_layout":"default_layout","colormag_page_sidebar_layout":"default_layout","footnotes":""},"categories":[1],"tags":[],"class_list":["post-61127","post","type-post","status-publish","format-standard","has-post-thumbnail","hentry","category-destacadas"],"acf":[],"_links":{"self":[{"href":"https:\/\/vocesparalelas.com.ar\/sitio\/wp-json\/wp\/v2\/posts\/61127","targetHints":{"allow":["GET"]}}],"collection":[{"href":"https:\/\/vocesparalelas.com.ar\/sitio\/wp-json\/wp\/v2\/posts"}],"about":[{"href":"https:\/\/vocesparalelas.com.ar\/sitio\/wp-json\/wp\/v2\/types\/post"}],"author":[{"embeddable":true,"href":"https:\/\/vocesparalelas.com.ar\/sitio\/wp-json\/wp\/v2\/users\/3"}],"replies":[{"embeddable":true,"href":"https:\/\/vocesparalelas.com.ar\/sitio\/wp-json\/wp\/v2\/comments?post=61127"}],"version-history":[{"count":1,"href":"https:\/\/vocesparalelas.com.ar\/sitio\/wp-json\/wp\/v2\/posts\/61127\/revisions"}],"predecessor-version":[{"id":61131,"href":"https:\/\/vocesparalelas.com.ar\/sitio\/wp-json\/wp\/v2\/posts\/61127\/revisions\/61131"}],"wp:featuredmedia":[{"embeddable":true,"href":"https:\/\/vocesparalelas.com.ar\/sitio\/wp-json\/wp\/v2\/media\/61130"}],"wp:attachment":[{"href":"https:\/\/vocesparalelas.com.ar\/sitio\/wp-json\/wp\/v2\/media?parent=61127"}],"wp:term":[{"taxonomy":"category","embeddable":true,"href":"https:\/\/vocesparalelas.com.ar\/sitio\/wp-json\/wp\/v2\/categories?post=61127"},{"taxonomy":"post_tag","embeddable":true,"href":"https:\/\/vocesparalelas.com.ar\/sitio\/wp-json\/wp\/v2\/tags?post=61127"}],"curies":[{"name":"wp","href":"https:\/\/api.w.org\/{rel}","templated":true}]}}