{"id":6108,"date":"2017-10-12T16:54:20","date_gmt":"2017-10-12T19:54:20","guid":{"rendered":"http:\/\/vocesparalelas.com.ar\/sitio\/?p=6108"},"modified":"2017-10-13T15:45:29","modified_gmt":"2017-10-13T18:45:29","slug":"cien-millones-de-pesos-para-obras-de-desarrollo-municipal","status":"publish","type":"post","link":"https:\/\/vocesparalelas.com.ar\/sitio\/cien-millones-de-pesos-para-obras-de-desarrollo-municipal\/","title":{"rendered":"Cien millones de pesos para obras de desarrollo municipal"},"content":{"rendered":"<p>La C\u00e1mara de Diputados de San Juan celebr\u00f3 el Jueves, 12 de Octubre, la D\u00e9cima Sesi\u00f3n del Per\u00edodo Ordinario, en la que abord\u00f3 el tratamiento y aprobaci\u00f3n de trece proyectos de ley (doce del Ejecutivo), en el que resalta la creaci\u00f3n de un fondo de 100 millones de pesos para obras de desarrollo municipal, como tambi\u00e9n el cuerpo emiti\u00f3 una declaraci\u00f3n en la que manifiesta su preocupaci\u00f3n por el Decreto Nacional N\u00ba 794\/2017 sobre la constituci\u00f3n de la Sociedad Corredores Viales S.A.<\/p>\n<p>La sesi\u00f3n fue conducida en forma alternada por el vicegobernador y presidente de la C\u00e1mara de Diputados, Marcelo Jorge Lima; el vicepresidente primero del cuerpo parlamentario, Jos\u00e9 Rub\u00e9n U\u00f1ac y el vicepresidente segundo, C\u00e9sar Aguilar.<\/p>\n<p><span style=\"color: #800080\"><strong>Fondos para municipios<\/strong><\/span><\/p>\n<p>Sobre tablas, el cuerpo otorg\u00f3 conformidad al Mensaje N\u00ba 0097 y proyecto de Ley que crea el Fondo de Obras de Desarrollo Municipal por la suma de 100 millones de pesos, que ser\u00e1 destinado a inversiones en infraestructura de servicios p\u00fablicos, infraestructura h\u00eddrica, vial, urbana, social de base e infraestructura para el desarrollo.<\/p>\n<p><strong><span style=\"color: #800080\">En Archivo Adjunto est\u00e1n los montos que le corresponde a cada municipios.<\/span><\/strong><\/p>\n<p><a href=\"https:\/\/vocesparalelas.com.ar\/sitio\/wp-content\/uploads\/2017\/10\/FONDO-MUNICIPAL.pdf\">FONDO MUNICIPAL<\/a><\/p>\n<p><span style=\"color: #800080\"><strong>Remodelaci\u00f3n peatonal de la Capital<\/strong><\/span><\/p>\n<p>Tambi\u00e9n sobre tablas, el plenario dio acuerdo al Mensaje N\u00ba 0096 y proyecto de Ley remitido por el Poder Ejecutivo por el que aprueba en todas sus partes el Convenio de remodelaci\u00f3n de la Peatonal de la ciudad de San Juan, celebrado entre el Gobierno de la provincia, representado por el gobernador Sergio U\u00f1ac y los ministros de Hacienda y Finanzas y de Infraestructura y Servicios P\u00fablicos, Roberto Gattoni y Julio Ortiz Andino, respectivamente y la Municipalidad de la Ciudad de San Juan, representada por el intendente, Franco Aranda.<\/p>\n<p>Al respecto, la provincia se compromete a asistir financieramente al municipio hasta la suma de 44 millones de pesos para el desarrollo de la obra de remodelaci\u00f3n de la peatonal de la ciudad de San Juan. Como contraparte a la asistencia financiera y en el marco del Plan de Ordenamiento Territorial del \u00e1rea metropolitana, el municipio se compromete a realizar la puesta en valor de la estaci\u00f3n San Mart\u00edn.<\/p>\n<p><span style=\"color: #800080\"><strong>Semipeatonalizaci\u00f3n de Villa Krause<\/strong><\/span><\/p>\n<p>Sobre tablas, los diputados ofrecieron conformidad al Mensaje N\u00ba 0098 y proyecto de Ley remitido por el Ejecutivo por el que aprueba el Convenio de Semi-peatonalizaci\u00f3n, mejoramiento del \u00e1rea y puesta en valor del Centro Institucional, Social, Comunitario y Comercial de la ciudad de Villa Krause, celebrado entre el Gobierno de la provincia representado por el gobernador Sergio U\u00f1ac y los ministros de Hacienda y Finanzas y de Infraestructura y Servicios P\u00fablicos, Roberto Gattoni y Julio Ortiz Andino y la Municipalidad de Rawson, representada por el intendente Juan Carlos Gioja.<\/p>\n<p>Sobre el particular, la provincia se compromete a asistir financieramente al municipio hasta la suma de 20 millones de pesos para el desarrollo de la obra de semipeatonalizaci\u00f3n, mejoramiento del \u00e1rea y puesta en valor del centro institucional, social, comunitario y comercial de la ciudad de Villa Krause.<\/p>\n<p><span style=\"color: #800080\"><strong>Refuncionalizaci\u00f3n del Estadio Municipal de Pocito<\/strong><\/span><\/p>\n<p>Sobre tablas, los legisladores dio acuerdo al Mensaje N\u00ba 099 y proyecto de Ley remitido por el Poder Ejecutivo que resuelve aprobar en todas sus partes el Convenio de ampliaci\u00f3n y refuncionalizaci\u00f3n del Estadio Municipal Marcelo Garc\u00eda, del departamento Pocito, celebrado entre el Gobierno de la provincia representado por el gobernador Sergio U\u00f1ac y los ministros de Hacienda y Finanzas, Roberto Gattoni y de Infraestructura y Servicios P\u00fablicos, Julio Ortiz Andino, por una parte y la Municipalidad de Pocito, representada por el intendente, N\u00e9stor Fabi\u00e1n Aballay.<\/p>\n<p>En este sentido, la provincia se compromete a asistir financieramente al municipio hasta la suma de 25 Millones de pesos para el desarrollo de la obra de construcci\u00f3n del estadio cubierto municipal del departamento Pocito.<\/p>\n<p><span style=\"color: #800080\"><strong>Acueducto Gran Tulum<\/strong><\/span><\/p>\n<p>Los legisladores deber\u00e1n definir si otorgan acuerdo al Mensaje N\u00ba 0092 y proyecto de Ley remitido por el Poder Ejecutivo por el que aprueba el Convenio de Cooperaci\u00f3n y Financiaci\u00f3n para la ejecuci\u00f3n de la obra Acueducto Gran Tulum, en la provincia de San Juan, celebrado el d\u00eda 19 de junio de 2017.<\/p>\n<p>Ello suscripto entre el subsecretario de Recursos H\u00eddricos de la Secretar\u00eda de Obras P\u00fablicos del Ministerio del Interior, Obras P\u00fablicas y Vivienda, Pablo Bereciartua y el gobernador Sergio U\u00f1ac, cuyo objeto es el suministro de agua potable a la poblaci\u00f3n actual y futura de la zona, atento a la actual carencia de este recurso.<\/p>\n<p><span style=\"color: #800080\"><strong>Financiaci\u00f3n Acueducto Gran Tulum<\/strong><\/span><\/p>\n<p>Asimismo otorgaron conformidad al Mensaje N\u00ba 0095 y proyecto de Ley remitido por el Poder Ejecutivo por el que autoriza al Poder Ejecutivo a endeudarse para el financiamiento de la obra Acueducto Gran Tulum.<\/p>\n<p>En este sentido, la norma autoriza al Poder Ejecutivo de la provincia de San Juan a endeudarse hasta la suma de 50 millones de d\u00f3lares estadounidenses, con m\u00e1s sus intereses, para el financiamiento de la obra \u201cAcueducto Gran Tulum\u201d, a trav\u00e9s de un pr\u00e9stamo que ser\u00e1 contra\u00eddo como prestatario ofrecido por el Fondo de la Organizaci\u00f3n de Pa\u00edses Exportadores de Petr\u00f3leo (OPEP) para el Desarrollo Internacional (OFID).<\/p>\n<p>Sobre el particular, el pr\u00e9stamo del Fondo de la Organizaci\u00f3n de Pa\u00edses Exportadores de Petr\u00f3leo (OPEP) para el Desarrollo Internacional (OFID), ser\u00e1 tomado a dieciocho a\u00f1os de plazo, con un per\u00edodo de gracia de cuatro a\u00f1os y una tasa de inter\u00e9s anual del cinco por ciento (5%) . El capital ser\u00e1 amortizado en veintiocho cuotas semestrales e iguales y los intereses se cancelar\u00e1n en 36 cuotas semestrales calculadas sobre los saldos de capital.<\/p>\n<p>Los ministros de Hacienda y Finanzas y de Infraestructura y Servicios P\u00fablicos son designados como representantes del Poder Ejecutivo ante el Fondo de la Organizaci\u00f3n de Pa\u00edses Exportadores de Petr\u00f3leo (OPEP) para el Desarrollo Internacional (OFID), para lleven adelante todas las tramitaciones relacionadas con las operatorias administrativas y t\u00e9cnicas para la toma del financiamiento.<\/p>\n<p>Por otra parte, la norma faculta al Poder Ejecutivo Provincial a afectar los recursos provenientes del r\u00e9gimen\u00a0 establecido por la Ley Nacional N\u00ba 23.548 y sus modificatorias o aqu\u00e9l que en el futuro lo reemplace, en garant\u00eda de las obligaciones que se contraigan con el Fondo de la Organizaci\u00f3n de Pa\u00edses Exportadores de Petr\u00f3leo (OPEP) para el Desarrollo Internacional (OFID), hasta la cancelaci\u00f3n de las mismas. Esta facultad comprende la de suscribir los convenios y\/o documentaci\u00f3n que deber\u00e1 cumplimentarse con el Estado Nacional para hacer efectiva la garant\u00eda mencionada.<\/p>\n<p><span style=\"color: #800080\"><strong>Videovigilancia<\/strong><\/span><\/p>\n<p>El cuerpo resolvi\u00f3 aprobar el proyecto de ley presentado por los diputados Jos\u00e9 Rub\u00e9n U\u00f1ac y Pablo Garc\u00eda Nieto, que plantea la modificaci\u00f3n de la Ley N\u00ba 967-R, que regula el sistema de c\u00e1maras y videoc\u00e1maras destinadas a la prevenci\u00f3n o detecci\u00f3n de contravenciones o delitos.<\/p>\n<p>La nueva norma propuesta tiene como objetivo regular todas las acciones vinculadas a la grabaci\u00f3n, transmisi\u00f3n, conservaci\u00f3n y almacenamiento de im\u00e1genes y sonidos de personas humanas, destinadas a la prevenci\u00f3n, detecci\u00f3n o investigaci\u00f3n de contravenciones y delitos captados en lugares p\u00fablicos o de acceso p\u00fablico; como as\u00ed tambi\u00e9n en lugares privados de acceso p\u00fablico, a trav\u00e9s de videoc\u00e1maras, c\u00e1maras o cualquier otro medio t\u00e9cnico an\u00e1logo que sirva para la captaci\u00f3n de im\u00e1genes y sonidos.<\/p>\n<p>Asimismo, el t\u00e9rmino \u201cvideoc\u00e1mara\u201d comprende todo tipo de c\u00e1maras o dispositivos de video, fijos o m\u00f3viles, digitales o anal\u00f3gicos, que permitan la captaci\u00f3n de im\u00e1genes y\/o sonidos.<\/p>\n<p>Las videoc\u00e1maras deber\u00e1n emplearse para el mantenimiento y preservaci\u00f3n de la seguridad ciudadana. En todo supuesto de utilizaci\u00f3n de las videoc\u00e1maras debe mediar una razonable proporci\u00f3n entre la finalidad de preservaci\u00f3n de la seguridad p\u00fablica y la posible afectaci\u00f3n al honor, a la imagen y a la intimidad de las personas.<\/p>\n<p>La instalaci\u00f3n de videoc\u00e1maras, previa aprobaci\u00f3n t\u00e9cnica de la autoridad de aplicaci\u00f3n, comprende adem\u00e1s la colocaci\u00f3n de carteles en lugares visibles que informen sobre la existencia de las mismas, sin especificar el lugar exacto de su emplazamiento.<\/p>\n<p>Queda prohibida la instalaci\u00f3n y funcionamiento de videoc\u00e1maras, para la captaci\u00f3n de im\u00e1genes y\/o sonidos en probadores, vestidores, ba\u00f1os, ante ba\u00f1os, e interiores de hoteles, residenciales, moteles o albergues transitorios, as\u00ed como en todo lugar donde se pueda afectarse la intimidad y privacidad de las personas, ya sea que se trate de lugares p\u00fablicos o de acceso p\u00fablico, o lugares privados de acceso p\u00fablico.<\/p>\n<p>Respecto de la confidencialidad, las im\u00e1genes y sonidos obtenidos mediante las videoc\u00e1maras, tienen car\u00e1cter absolutamente confidencial y solamente pueden ser requeridas por Magistrados o Fiscales con el prop\u00f3sito de determinar o prevenir contravenciones o delitos.<\/p>\n<p>Cualquier persona, que en raz\u00f3n del ejercicio de sus funciones o en forma accidental, acceda al material obtenido por las videoc\u00e1maras, tiene el deber de absoluta reserva y confidencialidad respecto de su contenido.<\/p>\n<p>Las im\u00e1genes y sonidos obtenidos en los t\u00e9rminos de la presente ley, se conservar\u00e1n por un plazo de sesenta (60) d\u00edas corridos, a contar a partir de la fecha de su captaci\u00f3n. Vencido ese plazo, podr\u00e1n ser borradas o destruidas, seg\u00fan corresponda.<\/p>\n<p>A criterio de la autoridad de aplicaci\u00f3n, las im\u00e1genes y\/o sonidos captados por las videoc\u00e1maras, pueden ser difundidos p\u00fablicamente, si previamente se hubieren editado y\/o difuminados los rostros de las personas intervinientes.<\/p>\n<p>Los responsables de la operaci\u00f3n de videoc\u00e1maras y otros equipos vinculados a la captaci\u00f3n de im\u00e1genes y\/o sonidos, deben adoptar las medidas necesarias para garantizar la seguridad y confidencialidad de las im\u00e1genes, sonidos y datos obtenidos, imposibilitando su alteraci\u00f3n, p\u00e9rdida, tratamiento, difusi\u00f3n o acceso a personal no autorizado.<\/p>\n<p>La autoridad de aplicaci\u00f3n ser\u00e1 el Ministerio de Gobierno.<\/p>\n<p><span style=\"color: #800080\"><strong>Veteranos de Guerra de Malvinas<\/strong><\/span><\/p>\n<p><img loading=\"lazy\" decoding=\"async\" class=\"alignnone size-medium wp-image-6110 aligncenter\" src=\"https:\/\/vocesparalelas.com.ar\/sitio\/wp-content\/uploads\/2017\/10\/CAMARA-MALVINAS-300x182.jpg\" alt=\"\" width=\"300\" height=\"182\" srcset=\"https:\/\/vocesparalelas.com.ar\/sitio\/wp-content\/uploads\/2017\/10\/CAMARA-MALVINAS-300x182.jpg 300w, https:\/\/vocesparalelas.com.ar\/sitio\/wp-content\/uploads\/2017\/10\/CAMARA-MALVINAS-768x466.jpg 768w, https:\/\/vocesparalelas.com.ar\/sitio\/wp-content\/uploads\/2017\/10\/CAMARA-MALVINAS-800x485.jpg 800w, https:\/\/vocesparalelas.com.ar\/sitio\/wp-content\/uploads\/2017\/10\/CAMARA-MALVINAS.jpg 1024w\" sizes=\"auto, (max-width: 300px) 100vw, 300px\" \/><\/p>\n<p>Los legisladores dieron acuerdo al Mensaje N\u00ba 0089 y proyecto de Ley remitido por el Poder Ejecutivo por el que es sustituido el art\u00edculo 5\u00ba de la Ley N\u00ba 615-S.<\/p>\n<p>El mismo quedar\u00e1 redactado de la siguiente forma: \u201cConc\u00e9dase a los veteranos de Guerra de Malvinas que cumplan con los requisitos establecidos por esta Ley, conforme las atribuciones previstas en el Art\u00edculo 150\u00ba, Inciso 11, de la Constituci\u00f3n Provincial, una pensi\u00f3n vitalicia equivalente al 120% de una asignaci\u00f3n de la categor\u00eda 24 del escalaf\u00f3n del Empleado P\u00fablico provincial, que se denominar\u00e1 Pensi\u00f3n de Guerra de Malvinas, debiendo consignarse en esa forma las solicitudes, recibos y credenciales. Exti\u00e9ndase el beneficio anteriormente previsto a los causahabientes en caso de fallecimiento del titular, los que deber\u00e1n acreditar fehacientemente su v\u00ednculo, conforme lo determina el Art\u00edculo 53\u00ba de la Ley Nacional N\u00ba 24241 y sus modificatorias\u201d.<\/p>\n<p>Es oportuno consignar que durante el tratamiento y aprobaci\u00f3n del proyecto de ley, estuvieron presentes representantes de las distintas agrupaciones que congregan a los veteranos de la Guerra de Malvinas.<\/p>\n<p><span style=\"color: #800080\"><strong>Acta acuerdo con 9 de Julio<\/strong><\/span><\/p>\n<p>Adem\u00e1s, otorgaron acuerdo al Mensaje N\u00ba 0086 y proyecto de Ley remitido por el Poder Ejecutivo por el que aprueba el Acta Acuerdo celebrada entre el Gobierno de la provincia representado por el gobernador Sergio U\u00f1ac y el ministro de Infraestructura y Servicios P\u00fablicos, Julio Ortiz Andino y la Municipalidad de 9 de Julio, representada por el intendente municipal, Gustavo N\u00fa\u00f1ez.<\/p>\n<p><span style=\"color: #800080\"><strong>Sexto Plan 2.000 Cuadras<\/strong><\/span><\/p>\n<p>Acto seguido, coincidieron en ofrecer conformidad al Mensaje N\u00ba 0091 y proyecto de Ley remitido por el Poder Ejecutivo por el que aprueba el Convenio y sus Anexos I y II, celebrado el 28 de junio de 2017 entre la provincia de San Juan y los 19 municipios, con el objeto de la realizaci\u00f3n de la obra Sexto Programa Provincial de pavimentaci\u00f3n y repavimentaci\u00f3n de calles municipales en la provincia de San Juan, denominado Sexto Plan 2.000 Cuadras, aprobado por Decreto del Poder Ejecutivo provincial.<\/p>\n<p><span style=\"color: #800080\"><strong>Declaraci\u00f3n de utilidad p\u00fablica<\/strong><\/span><\/p>\n<p>Asimismo, los parlamentarios brindaron acuerdo al Mensaje N\u00ba 0085 y proyecto de Ley remitido por el Ejecutivo, por el que modifican el Art\u00edculo 320\u00ba de la Ley N\u00ba 1180 \u2013 A, Declaraci\u00f3n de utilidad p\u00fablica y expropiaciones.<\/p>\n<p>En tal sentido, el art\u00edculo quedar\u00e1 redactado de la siguiente forma: Art\u00edculo 320\u00ba: \u201cLas parcelas sujetas a expropiaci\u00f3n, indicadas en el art\u00edculo anterior ser\u00e1n destinadas a la apertura de la Calle Prolongaci\u00f3n Santa Fe entre calle General Soler y calle Hip\u00f3lito Yrigoyen, departamento Capital, a cuyo objeto y para dar cumplimiento al objeto de la presente ley, el Ministerio de Hacienda y Finanzas utilizar\u00e1 los cr\u00e9ditos correspondientes teniendo en cuenta el monto indemnizatorio fijado por el Tribunal de Tasaciones de la provincia\u201d.<\/p>\n<p><span style=\"color: #800080\"><strong>Reducci\u00f3n de Ingresos Brutos en cr\u00e9ditos hipotecarios<\/strong><\/span><\/p>\n<p>Los legisladores dieron acuerdo al Mensaje N\u00ba 0090 y proyecto de Ley remitido por el Poder Ejecutivo, que propone reducir la al\u00edcuota del Impuesto sobre los Ingresos Brutos que recae sobre los pr\u00e9stamos de dinero con garant\u00eda hipotecario efectuados por las entidades financieras con destino a la adquisici\u00f3n, construcci\u00f3n y\/o ampliaci\u00f3n de la vivienda \u00fanica, familiar y de ocupaci\u00f3n permanente.<\/p>\n<p>El objetivo es disminuir el d\u00e9ficit habitacional estructural, promover el crecimiento econ\u00f3mico y el empleo a trav\u00e9s de la inversi\u00f3n en viviendas y fomentar el desarrollo con equidad social a trav\u00e9s de la expansi\u00f3n del cr\u00e9dito hipotecario.<\/p>\n<p>En este sentido, propone la modificaci\u00f3n del Art\u00edculo 55\u00ba de la Ley N\u00ba 1543-I y al respecto fija al\u00edcuotas para las actividades de intermediaci\u00f3n financiera, a saber: del 4%, para pr\u00e9stamos de dinero, descuento de documentos de terceros, operaciones efectuadas por los los bancos y otras instituciones sujetas al r\u00e9gimen de la Ley de Entidades Financieras.<\/p>\n<p>Tambi\u00e9n para los pr\u00e9stamos de dinero (con garant\u00eda hipotecaria, prendaria, real o personal) y descuentos de documentos de terceros excluidas las actividades regidas por la Ley de Entidades Financieras.<\/p>\n<p>Adem\u00e1s, para empresas o personas dedicadas a la negociaci\u00f3n de \u00f3rdenes de compra y, para los servicios prestados por agencias de viajes o empresas de turismo. Excepto por aquellas actividades que se encuentren alcanzadas por el Art\u00edculo 56\u00ba, Inciso 7).<\/p>\n<p>Y la al\u00edcuota del 1,25% para pr\u00e9stamos de dinero (con garant\u00eda hipotecaria) efectuados por bancos y otras instituciones sujetas al r\u00e9gimen de la Ley de Entidades Financieras, destinados a la adquisici\u00f3n, construcci\u00f3n y\/o ampliaci\u00f3n de la vivienda \u00fanica, familiar y de ocupaci\u00f3n permanente.<\/p>\n<p>El notario otorgante de la escritura p\u00fablica correspondiente deber\u00e1 certificar en la misma que se trata de acceso a la vivienda \u00fanica, familiar y de ocupaci\u00f3n permanente.<\/p>\n<p><span style=\"color: #800080\"><strong>Asistencia financiera a municipios<\/strong><\/span><\/p>\n<p>Los legisladores ofrecieron acuerdo al Mensaje N\u00ba 0093 y proyecto de Ley remitido por el Poder Ejecutivo por el que aprueba en todas sus partes la Adenda al Convenio Banco San Juan S.A., celebrada con fecha 29 de junio de 2017, entre la provincia de San\u00a0 Juan representada por el gobernador Sergio U\u00f1ac y los ministros de Hacienda y Finanzas, Roberto Gattoni y de Gobierno, Emilio Baistrocchi y el Banco de San Juan S.A., representado por su presidente, Sebasti\u00e1n Eskenazi, ratificada por Decreto provincial.<\/p>\n<p><span style=\"color: #800080\"><strong>Declaraci\u00f3n por el Decreto N\u00ba 794\/17<\/strong><\/span><\/p>\n<p>A trav\u00e9s de una iniciativa Interbloques la C\u00e1mara de Diputados declar\u00f3 \u201csu preocupaci\u00f3n por la afectaci\u00f3n que la constituci\u00f3n de la \u201cSociedad Corredores Viales S.A.\u201d, dispuesta mediante Decreto Nacional N\u00ba 794\/2017, pueda ocasionar en el plan de inversiones en rutas nacionales y en la relaci\u00f3n laboral de los trabajadores de la Direcci\u00f3n Nacional de Vialidad.<\/p>\n<p>Cabe se\u00f1alar que en este tema en particular hubo dos mociones en contrario, una propuesta por el diputado Pablo Garc\u00eda Nieto por la aprobaci\u00f3n de la declaraci\u00f3n que obtuvo 21 votos y la otra del legislador Fernando Moya por el rechazo que alcanz\u00f3 ocho votos.<\/p>\n<p><span style=\"color: #800080\"><strong>Resoluciones<\/strong><\/span><\/p>\n<p>Los legisladores analizaron y resolvieron que los siguientes proyectos de Resoluci\u00f3n, fueran declarados de Inter\u00e9s:<\/p>\n<ul>\n<li><span style=\"color: #800080\"><strong>Social, Educativo y Deportivo<\/strong><\/span> al I Seminario de Intervenciones asistidas con equinos en las \u00e1reas de Educaci\u00f3n y Deporte en el marco de los Programas de Equinoterapia San Juan 2017\u201d, que ser\u00e1 llevado a cabo en nuestra provincia el 12 de octubre de 2017. (diputada Marcela Monti);<\/li>\n<li><span style=\"color: #800080\"><strong>Social, Cultural, Hist\u00f3rico y Educativo<\/strong><\/span> el 1\u00ba Encuentro Internacional de Historia \u201cReafirmando los v\u00ednculos de hermandad, tras las huellas de San Mart\u00edn\u201d y la IV Jornada de Patrimonio Hist\u00f3rico Cultural de Veinticinco de Mayo, organizados conjuntamente por la Delegaci\u00f3n de Estudios Hist\u00f3ricos del departamento 25 de Mayo, la Junta de Estudios Hist\u00f3ricos de San Juan, la Direcci\u00f3n de Cultura de la municipalidad de 25 de Mayo y el Colegio Nuestra Se\u00f1ora de la Consolaci\u00f3n, a realizarse los d\u00edas 19 y 20 de octubre del corriente a\u00f1o, en el departamento 25 de Mayo. (diputado Rodolfo Jalife);<\/li>\n<li><span style=\"color: #800080\"><strong>Cultural Social y Tur\u00edstico<\/strong><\/span> la 13\u00ba edici\u00f3n del Festival de la Chica y el Tomillo, a realizarse el d\u00eda 15 de octubre de 2017, en la localidad de Sierras de Ch\u00e1vez, departamento Valle F\u00e9rtil, organizado por la uni\u00f3n vecinal social y deportiva Sierras de Ch\u00e1vez. (diputado Miguel Sep\u00falveda), y de Inter\u00e9s<\/li>\n<li><span style=\"color: #800080\"><strong>Social y Cultural<\/strong><\/span> la \u201cXXIX Cata de Vinos San Juan &#8211; Concurso Nacional\u201d, organizada por el Consejo Profesional de En\u00f3logos de San Juan y el Centro de En\u00f3logos, a realizarse desde el 1 de septiembre de 2017 al 14 de octubre de 2017\u201d. (diputado Leonardo Gioja);<\/li>\n<li><span style=\"color: #800080\"><strong>Social y Deportivo<\/strong><\/span> las actividades a realizarse el d\u00eda s\u00e1bado 14 de octubre de 2017, con motivo de la celebraci\u00f3n del 85\u00ba aniversario del club Nacional de Santa Luc\u00eda. (diputados Juan Jos\u00e9 Orrego y Carlos Platero);<\/li>\n<li><span style=\"color: #800080\"><strong>Cient\u00edfico, Social y Sanitario<\/strong><\/span> las Jornadas de Pesquisa Neonatal, que ser\u00e1n llevadas a cabo en la provincia de San Juan entre el 30 de octubre hasta el 3 de noviembre del corriente a\u00f1o. (diputado Eduardo Banega);<\/li>\n<li><span style=\"color: #800080\"><strong>Educativo y Acad\u00e9mico<\/strong> <\/span>el proyecto Curso de Extensi\u00f3n \u201cJ\u00f3venes descubriendo el mundo a trav\u00e9s de la Matem\u00e1tica\u201d, a desarrollarse entre el 16 de septiembre y el 25 de noviembre de 2017 en la Escuela EPET N\u00ba 1 \u201cIngeniero Rogelio Boero\u201d. (diputada Silvia P\u00e9rez);<\/li>\n<li><span style=\"color: #800080\"><strong>Educativo, Cient\u00edfico y Cultural<\/strong><\/span> la realizaci\u00f3n del I Simposio Nacional e Internacional de Educaci\u00f3n, organizado por la Universidad Cat\u00f3lica de Cuyo, Facultad de Educaci\u00f3n. (diputada Romina Solera).<\/li>\n<\/ul>\n<p>&nbsp;<\/p>\n<p>&nbsp;<\/p>\n<p>&nbsp;<\/p>\n<p>&nbsp;<\/p>\n<p>&nbsp;<\/p>\n","protected":false},"excerpt":{"rendered":"<p>La C\u00e1mara de Diputados de San Juan celebr\u00f3 el Jueves, 12 de Octubre, la D\u00e9cima Sesi\u00f3n del Per\u00edodo Ordinario, en<\/p>\n","protected":false},"author":3,"featured_media":6109,"comment_status":"closed","ping_status":"closed","sticky":false,"template":"","format":"standard","meta":{"_acf_changed":false,"_seopress_robots_primary_cat":"","_seopress_titles_title":"","_seopress_titles_desc":"","_seopress_robots_index":"","colormag_page_container_layout":"default_layout","colormag_page_sidebar_layout":"default_layout","footnotes":""},"categories":[6],"tags":[],"class_list":["post-6108","post","type-post","status-publish","format-standard","has-post-thumbnail","hentry","category-eventos"],"acf":[],"_links":{"self":[{"href":"https:\/\/vocesparalelas.com.ar\/sitio\/wp-json\/wp\/v2\/posts\/6108","targetHints":{"allow":["GET"]}}],"collection":[{"href":"https:\/\/vocesparalelas.com.ar\/sitio\/wp-json\/wp\/v2\/posts"}],"about":[{"href":"https:\/\/vocesparalelas.com.ar\/sitio\/wp-json\/wp\/v2\/types\/post"}],"author":[{"embeddable":true,"href":"https:\/\/vocesparalelas.com.ar\/sitio\/wp-json\/wp\/v2\/users\/3"}],"replies":[{"embeddable":true,"href":"https:\/\/vocesparalelas.com.ar\/sitio\/wp-json\/wp\/v2\/comments?post=6108"}],"version-history":[{"count":0,"href":"https:\/\/vocesparalelas.com.ar\/sitio\/wp-json\/wp\/v2\/posts\/6108\/revisions"}],"wp:featuredmedia":[{"embeddable":true,"href":"https:\/\/vocesparalelas.com.ar\/sitio\/wp-json\/wp\/v2\/media\/6109"}],"wp:attachment":[{"href":"https:\/\/vocesparalelas.com.ar\/sitio\/wp-json\/wp\/v2\/media?parent=6108"}],"wp:term":[{"taxonomy":"category","embeddable":true,"href":"https:\/\/vocesparalelas.com.ar\/sitio\/wp-json\/wp\/v2\/categories?post=6108"},{"taxonomy":"post_tag","embeddable":true,"href":"https:\/\/vocesparalelas.com.ar\/sitio\/wp-json\/wp\/v2\/tags?post=6108"}],"curies":[{"name":"wp","href":"https:\/\/api.w.org\/{rel}","templated":true}]}}