{"id":61078,"date":"2023-07-10T21:11:22","date_gmt":"2023-07-11T00:11:22","guid":{"rendered":"https:\/\/vocesparalelas.com.ar\/sitio\/?p=61078"},"modified":"2023-07-12T00:12:53","modified_gmt":"2023-07-12T03:12:53","slug":"vacaciones-de-invierno-en-el-mpbafr-de-san-juan","status":"publish","type":"post","link":"https:\/\/vocesparalelas.com.ar\/sitio\/vacaciones-de-invierno-en-el-mpbafr-de-san-juan\/","title":{"rendered":"Vacaciones de Invierno en el MPBAFR de San Juan"},"content":{"rendered":"<p>El Ministerio de Turismo y Cultura, a trav\u00e9s del Museo Provincial de Bellas Artes Franklin Rawson, presenta una destacada oferta cultural para el receso invernal, destinada a ni\u00f1as, ni\u00f1os, j\u00f3venes y adultos.<\/p>\n<p>Toda la comunidad podr\u00e1 ser parte de atractivas propuestas de teatro, m\u00fasica, cine y actividades l\u00fadicas y did\u00e1cticas, con entrada libre y gratuita.<\/p>\n<p>El museo abrir\u00e1 sus puertas en su horario habitual: de martes a domingo,\u00a0de 12 a 20 y con visitas guiadas a las 16 y 18 horas.<\/p>\n<p>Para m\u00e1s informaci\u00f3n, comunicarse al 4200598 (Interno 106).<\/p>\n<p><span style=\"color: #0000ff;\"><b>Cronograma<\/b><\/span><\/p>\n<p><span style=\"color: #0000ff;\"><b>Muestras<\/b><\/span><\/p>\n<ul>\n<li><b>Sala 1:\u00a0<\/b>Sugo Escultor \u201cTradici\u00f3n, Ensayos y Legado\u201d. Curadores:\u00a0Silvina Mart\u00ednez y Euardo Pe\u00f1afort<\/li>\n<li><b>Sala 2:\u00a0<\/b>Daniel Santoro \u201cTal vez lo mismo nos ocurre a nosotros\u201d.\u00a0Curador Alberto S\u00e1nchez Maratta<\/li>\n<li><b>Sala 3:<\/b>\u00a0Mariana Ju\u00e1rez \u201cFalsa tormenta\u201d Curador: Nelson Cuello<\/li>\n<\/ul>\n<p>Martes a domingo, de 12 a 20 hs.<\/p>\n<p><strong><span style=\"color: #0000ff;\">Entradas<\/span><\/strong><\/p>\n<ul>\n<li>Entrada general: $200<\/li>\n<li>Jubilados y estudiantes:\u00a0$100<\/li>\n<li>Menores de 12 a\u00f1os no abonan entrada<\/li>\n<\/ul>\n<p><span style=\"color: #0000ff;\"><strong>Visitas guiadas<\/strong><\/span><\/p>\n<ul>\n<li>A las 16 y 18 horas<\/li>\n<\/ul>\n<p>Domingo: entrada libre y gratuita<\/p>\n<p><span style=\"color: #0000ff;\"><b>M\u00fasica en vivo: \u201cPadres Progres\u201d y \u201cNaranja Gris\u201d<\/b><\/span><\/p>\n<ul>\n<li><b>Padres Progres<\/b>: en el repertorio se cuentan versiones de cl\u00e1sicos del rock nacional y composiciones propias. La banda est\u00e1 integrada por Leandro G\u00f3mez: bater\u00eda, Juan Pablo Rodr\u00edguez: guitarra \/ Coro, Alejandro Reinoso: Teclado, Exequiel G\u00f3mez: Bajo, Germ\u00e1n Vidable: Voz<\/li>\n<li><b>Naranja Gris<\/b>: en su repertorio incluye distintos g\u00e9neros como Reggae, Ska, Rock, Blues. La banda est\u00e1 compuesta por Fede Garc\u00eda en bater\u00eda y voz, Marcelo Vega en Bajo, H\u00e9ctor \u00abGunu\u00bb Benitez en Guitarra y Lucas Olivera en trompeta.<\/li>\n<\/ul>\n<p>S\u00e1bado, 8 de Julio, a las 20 hs.; en el Auditorio del Museo<\/p>\n<p><span style=\"color: #0000ff;\"><b>Teatro<\/b><\/span><\/p>\n<ul>\n<li><span style=\"color: #0000ff;\"><b>Episodio III: La venganza de Giselle.<\/b><\/span> Obra de cumbia-teatro dirigida por Giselle Slavutzky. Elenco Giselle y las Willis. Participan Julia De Nardi, Flavia Moncunill, Mifi Segovia y la asistencia de direcci\u00f3n de Martina Leila Rosalez. <span style=\"color: #0000ff;\"><b>Sinopsis:<\/b><\/span> Hace mucho tiempo, en una galaxia muy muy lejana, Giselle muere de desilusi\u00f3n. \u201c\u00c9l\u201d, \u201cel tipo ese\u201d, le hab\u00eda dejado estrujada la cadera y le hab\u00eda robado una canci\u00f3n. Es bien sabido que las mujeres que mueren de desilusi\u00f3n vagan eternamente en pena; en el limbo, Mirtha y las willis llevar\u00e1n a Giselle a la redenci\u00f3n. Domingo, 16 de Julio, a las 19 hs.<\/li>\n<\/ul>\n<p><span style=\"color: #0000ff;\"><b>Ciclo de Cine Alem\u00e1n<\/b><\/span><\/p>\n<p>El Museo Franklin Rawson y Fundaci\u00f3n Instituto Alem\u00e1n invitan al ciclo de cine para las infancias y la juventud.<\/p>\n<ul>\n<li><span style=\"color: #0000ff;\"><b>Sin fronteras: <\/b><\/span>Cine no verbal para ni\u00f1os y ni\u00f1as a partir de 6 a\u00f1os. Compilado de cortos. Cuenta siete historias sobre la libertad y la amistad. Lo especial de estas historias es que todos los ni\u00f1os pueden entenderlas, independientemente de su origen y su idioma. Para contar sus historias, la pel\u00edcula recurre solamente a los medios del cine, sin narraci\u00f3n ni di\u00e1logos. Aun as\u00ed, trata temas importantes como la amistad y la confianza, el miedo de lo desconocido y de la vida en un nuevo mundo, y los relata la manera de llegar y conmover a tanto ni\u00f1os como adultos. Martes, 11 y 18 de Julio, a las 18 hs. Entrada libre hasta completar la capacidad de la sala.<\/li>\n<li><span style=\"color: #0000ff;\"><b>Los Granos de Pimienta: <\/b><\/span>Largometraje de ficci\u00f3n con subt\u00edtulos en espa\u00f1ol. Esta vez se enfrentan a la malvada mafia internacional de la basura, quien no s\u00f3lo sigue llevando a cabo sus delitos libremente, sino que tambi\u00e9n quiere robarse los valiosos resultados de las investigaciones de una bi\u00f3loga marina. \u00a1Pero los bandidos no tomaron en cuenta a estos j\u00f3venes detectives en sus planes! \u00bfLos oc\u00e9anos como un basurero gigante? \u00a1El bi\u00f3logo marino Jaswinder no podr\u00eda permitir esto! Martes, 18 de Julio, a las 18 hs.<\/li>\n<\/ul>\n<p><span style=\"color: #0000ff;\"><b>Actividades l\u00fadicas y did\u00e1cticas en relaci\u00f3n a la muestra Sugo Escultor. \u201cTradici\u00f3n, Ensayos y Legado\u201d y la colecci\u00f3n permanente<\/b><\/span><\/p>\n<ul>\n<li><span style=\"color: #0000ff;\"><b>Construyendo Formas: <\/b><\/span>Dispositivo interactivo para ni\u00f1os y familias. Propuesta creativa en 3D en relaci\u00f3n a la muestra Sugo Escultor. \u201cTradici\u00f3n, Ensayos y Legado\u201d. Sin previa inscripci\u00f3n. Martes a Domingo, de 18 a 20 hs.; en la Sala 1<\/li>\n<li><span style=\"color: #0000ff;\"><b>El Portal del Tiempo: <\/b><\/span>Para ni\u00f1os y familia. Actividad recreativa vinculada a obras de la Colecci\u00f3n Permanente y la exposici\u00f3n temporal de Sala 1. Viernes 14 y 21 de Julio. Domingos 16 y 23 de Julio, a las 17 hs. Sin previa inscripci\u00f3n.<\/li>\n<\/ul>\n<figure id=\"attachment_39924\" aria-describedby=\"caption-attachment-39924\" style=\"width: 800px\" class=\"wp-caption alignnone\"><img loading=\"lazy\" decoding=\"async\" class=\"wp-image-39924 size-full\" src=\"https:\/\/vocesparalelas.com.ar\/sitio\/wp-content\/uploads\/2021\/07\/MPBAFR-OBRA-02.jpg\" alt=\"\" width=\"800\" height=\"533\" srcset=\"https:\/\/vocesparalelas.com.ar\/sitio\/wp-content\/uploads\/2021\/07\/MPBAFR-OBRA-02.jpg 800w, https:\/\/vocesparalelas.com.ar\/sitio\/wp-content\/uploads\/2021\/07\/MPBAFR-OBRA-02-300x200.jpg 300w, https:\/\/vocesparalelas.com.ar\/sitio\/wp-content\/uploads\/2021\/07\/MPBAFR-OBRA-02-768x512.jpg 768w\" sizes=\"auto, (max-width: 800px) 100vw, 800px\" \/><figcaption id=\"caption-attachment-39924\" class=\"wp-caption-text\">Museo Provincial de Bellas Artes Franklin Rawson, Provincia de San Juan, Rep\u00fablica Argentina<\/figcaption><\/figure>\n<p>&nbsp;<\/p>\n","protected":false},"excerpt":{"rendered":"<p>El Ministerio de Turismo y Cultura, a trav\u00e9s del Museo Provincial de Bellas Artes Franklin Rawson, presenta una destacada oferta<\/p>\n","protected":false},"author":3,"featured_media":61081,"comment_status":"closed","ping_status":"closed","sticky":false,"template":"","format":"standard","meta":{"_acf_changed":false,"_seopress_robots_primary_cat":"none","_seopress_titles_title":"","_seopress_titles_desc":"","_seopress_robots_index":"","colormag_page_container_layout":"default_layout","colormag_page_sidebar_layout":"default_layout","footnotes":""},"categories":[20],"tags":[],"class_list":["post-61078","post","type-post","status-publish","format-standard","has-post-thumbnail","hentry","category-cartelera"],"acf":[],"_links":{"self":[{"href":"https:\/\/vocesparalelas.com.ar\/sitio\/wp-json\/wp\/v2\/posts\/61078","targetHints":{"allow":["GET"]}}],"collection":[{"href":"https:\/\/vocesparalelas.com.ar\/sitio\/wp-json\/wp\/v2\/posts"}],"about":[{"href":"https:\/\/vocesparalelas.com.ar\/sitio\/wp-json\/wp\/v2\/types\/post"}],"author":[{"embeddable":true,"href":"https:\/\/vocesparalelas.com.ar\/sitio\/wp-json\/wp\/v2\/users\/3"}],"replies":[{"embeddable":true,"href":"https:\/\/vocesparalelas.com.ar\/sitio\/wp-json\/wp\/v2\/comments?post=61078"}],"version-history":[{"count":1,"href":"https:\/\/vocesparalelas.com.ar\/sitio\/wp-json\/wp\/v2\/posts\/61078\/revisions"}],"predecessor-version":[{"id":61082,"href":"https:\/\/vocesparalelas.com.ar\/sitio\/wp-json\/wp\/v2\/posts\/61078\/revisions\/61082"}],"wp:featuredmedia":[{"embeddable":true,"href":"https:\/\/vocesparalelas.com.ar\/sitio\/wp-json\/wp\/v2\/media\/61081"}],"wp:attachment":[{"href":"https:\/\/vocesparalelas.com.ar\/sitio\/wp-json\/wp\/v2\/media?parent=61078"}],"wp:term":[{"taxonomy":"category","embeddable":true,"href":"https:\/\/vocesparalelas.com.ar\/sitio\/wp-json\/wp\/v2\/categories?post=61078"},{"taxonomy":"post_tag","embeddable":true,"href":"https:\/\/vocesparalelas.com.ar\/sitio\/wp-json\/wp\/v2\/tags?post=61078"}],"curies":[{"name":"wp","href":"https:\/\/api.w.org\/{rel}","templated":true}]}}