{"id":61074,"date":"2023-07-10T19:33:08","date_gmt":"2023-07-10T22:33:08","guid":{"rendered":"https:\/\/vocesparalelas.com.ar\/sitio\/?p=61074"},"modified":"2023-07-12T00:13:47","modified_gmt":"2023-07-12T03:13:47","slug":"semana-itinerante-de-cine-frances-en-san-juan","status":"publish","type":"post","link":"https:\/\/vocesparalelas.com.ar\/sitio\/semana-itinerante-de-cine-frances-en-san-juan\/","title":{"rendered":"Semana Itinerante de Cine Franc\u00e9s en San Juan"},"content":{"rendered":"<p>El Ministerio de Turismo y Cultura del Gobierno de San Juan invita a disfrutar de la Semana Itinerante de Cine Franc\u00e9s &#8211; SICF -, del 10 al 14 de Julio, a las 19 hs.; en la Sala Emar Acosta de la C\u00e1mara de Diputados..<\/p>\n<p>El evento celebra su 22\u00ba edici\u00f3n, es organizado por la Red de Alianzas Francesas en Argentina y ofrece una selecci\u00f3n de cautivadoras pel\u00edculas francesas contempor\u00e1neas.<\/p>\n<p>Despu\u00e9s de 22 a\u00f1os de \u00e9xito, el proyecto sigue\u00a0 su gira en ciudades del pa\u00eds, a partir de Mayo hasta Diciembre de 2023.<\/p>\n<p>En San Juan, la propuesta cuenta con el apoyo del Ministerio de Turismo y Cultura, Coordinaci\u00f3n de Audiovisual, ENERC San Juan, C\u00e1mara de Diputados. y del Institut Fran\u00e7ais d\u2019Argentine.<\/p>\n<p>Programa<\/p>\n<ul>\n<li>\u00a0\u00abHaut et Fort\u00bb de Nabil Ayouch, que narra la historia de un exrapero y su lucha por la libertad de expresi\u00f3n a trav\u00e9s del hip-hop<\/li>\n<li>\u00abLa Douleur\u00bb de Emmanuel Finkiel, basada en la vida de la escritora Marguerite Duras durante la ocupaci\u00f3n alemana de Francia.<\/li>\n<li>\u00abJ&#8217;ai aim\u00e9 vivre l\u00e0\u00bb de R\u00e9gis Sauder, un documental que explora la identidad de una ciudad multicultural.<\/li>\n<li>\u00abLes 2 Alfred\u00bb de Bruno Podalyd\u00e8s, una comedia que aborda las situaciones c\u00f3micas de un padre desempleado al cuidado de sus hijos.<\/li>\n<li>\u00abLes Fauves\u00bb de Vincent Mariette ofrece un intrigante thriller en el cual una joven se embarca en una b\u00fasqueda para descubrir la verdad tras la desaparici\u00f3n de sus amigos.<\/li>\n<\/ul>\n<p>Cabe destacar que todos los largometrajes se proyectan en franc\u00e9s con subt\u00edtulos en castellano.<\/p>\n<p>Para consultas, pedidos de notas o acreditaciones, los interesados pueden contactarse con la Alianza Francesa de San Juan, Mitre 202 Oeste, o comunicarse al tel\u00e9fono 4224899.<\/p>\n<p><img loading=\"lazy\" decoding=\"async\" class=\"alignnone size-full wp-image-44316\" src=\"https:\/\/vocesparalelas.com.ar\/sitio\/wp-content\/uploads\/2021\/11\/CDSJ-ANEXO-10.jpg\" alt=\"\" width=\"736\" height=\"409\" srcset=\"https:\/\/vocesparalelas.com.ar\/sitio\/wp-content\/uploads\/2021\/11\/CDSJ-ANEXO-10.jpg 736w, https:\/\/vocesparalelas.com.ar\/sitio\/wp-content\/uploads\/2021\/11\/CDSJ-ANEXO-10-300x167.jpg 300w\" sizes=\"auto, (max-width: 736px) 100vw, 736px\" \/><\/p>\n","protected":false},"excerpt":{"rendered":"<p>El Ministerio de Turismo y Cultura del Gobierno de San Juan invita a disfrutar de la Semana Itinerante de Cine<\/p>\n","protected":false},"author":3,"featured_media":60454,"comment_status":"closed","ping_status":"closed","sticky":false,"template":"","format":"standard","meta":{"_acf_changed":false,"_seopress_robots_primary_cat":"none","_seopress_titles_title":"","_seopress_titles_desc":"","_seopress_robots_index":"","colormag_page_container_layout":"default_layout","colormag_page_sidebar_layout":"default_layout","footnotes":""},"categories":[20],"tags":[],"class_list":["post-61074","post","type-post","status-publish","format-standard","has-post-thumbnail","hentry","category-cartelera"],"acf":[],"_links":{"self":[{"href":"https:\/\/vocesparalelas.com.ar\/sitio\/wp-json\/wp\/v2\/posts\/61074","targetHints":{"allow":["GET"]}}],"collection":[{"href":"https:\/\/vocesparalelas.com.ar\/sitio\/wp-json\/wp\/v2\/posts"}],"about":[{"href":"https:\/\/vocesparalelas.com.ar\/sitio\/wp-json\/wp\/v2\/types\/post"}],"author":[{"embeddable":true,"href":"https:\/\/vocesparalelas.com.ar\/sitio\/wp-json\/wp\/v2\/users\/3"}],"replies":[{"embeddable":true,"href":"https:\/\/vocesparalelas.com.ar\/sitio\/wp-json\/wp\/v2\/comments?post=61074"}],"version-history":[{"count":1,"href":"https:\/\/vocesparalelas.com.ar\/sitio\/wp-json\/wp\/v2\/posts\/61074\/revisions"}],"predecessor-version":[{"id":61077,"href":"https:\/\/vocesparalelas.com.ar\/sitio\/wp-json\/wp\/v2\/posts\/61074\/revisions\/61077"}],"wp:featuredmedia":[{"embeddable":true,"href":"https:\/\/vocesparalelas.com.ar\/sitio\/wp-json\/wp\/v2\/media\/60454"}],"wp:attachment":[{"href":"https:\/\/vocesparalelas.com.ar\/sitio\/wp-json\/wp\/v2\/media?parent=61074"}],"wp:term":[{"taxonomy":"category","embeddable":true,"href":"https:\/\/vocesparalelas.com.ar\/sitio\/wp-json\/wp\/v2\/categories?post=61074"},{"taxonomy":"post_tag","embeddable":true,"href":"https:\/\/vocesparalelas.com.ar\/sitio\/wp-json\/wp\/v2\/tags?post=61074"}],"curies":[{"name":"wp","href":"https:\/\/api.w.org\/{rel}","templated":true}]}}