{"id":61060,"date":"2023-07-10T19:01:57","date_gmt":"2023-07-10T22:01:57","guid":{"rendered":"https:\/\/vocesparalelas.com.ar\/sitio\/?p=61060"},"modified":"2023-07-12T00:14:58","modified_gmt":"2023-07-12T03:14:58","slug":"encuentro-internacional-de-contrabajo-en-san-juan","status":"publish","type":"post","link":"https:\/\/vocesparalelas.com.ar\/sitio\/encuentro-internacional-de-contrabajo-en-san-juan\/","title":{"rendered":"Encuentro Internacional de Contrabajo en San Juan"},"content":{"rendered":"<p>Estudiantes de contrabajo de distintos puntos del pa\u00eds y tambi\u00e9n de otros lugares del mundo llegan a la provincia de San Juan, el 17 al 22 de Julio, de 9 a 13 y de 16 a 21 hs.; en el Auditorio Juan Victoria se desarrolla el \u00abEncuentro Internacional de Contrabajo\u00bb.<\/p>\n<p><img loading=\"lazy\" decoding=\"async\" class=\"alignnone size-full wp-image-61087\" src=\"https:\/\/vocesparalelas.com.ar\/sitio\/wp-content\/uploads\/2023\/07\/FFHA-CONTRABAJO-02.jpg\" alt=\"\" width=\"800\" height=\"521\" srcset=\"https:\/\/vocesparalelas.com.ar\/sitio\/wp-content\/uploads\/2023\/07\/FFHA-CONTRABAJO-02.jpg 800w, https:\/\/vocesparalelas.com.ar\/sitio\/wp-content\/uploads\/2023\/07\/FFHA-CONTRABAJO-02-300x195.jpg 300w, https:\/\/vocesparalelas.com.ar\/sitio\/wp-content\/uploads\/2023\/07\/FFHA-CONTRABAJO-02-768x500.jpg 768w\" sizes=\"auto, (max-width: 800px) 100vw, 800px\" \/><\/p>\n<p>Los alumnos provienen de Chile, Uruguay, Paraguay y de Argentina como de las provincias de San Juan, Salta, Jujuy, Buenos Aires, Mendoza, Neuqu\u00e9n, Bah\u00eda Blanca y C\u00f3rdoba.<\/p>\n<p>El objetivo es el perfeccionamiento de las destrezas y habilidades en el desempe\u00f1o como instrumentista e int\u00e9rprete en el abordaje del repertorio musical, tanto como solista o integrante de un grupo u orquesta.<\/p>\n<p><strong><span style=\"color: #339966;\">Programa<\/span><\/strong><\/p>\n<ul>\n<li>Clase magistral a cargo del Prof. Luis Cabrera, de Lunes a Viernes, de 9 a 13 hs.<\/li>\n<li>Coloquio a cargo del Prof. Luis Cabrera, Viernes, a las 18 hs<\/li>\n<li>Taller \u00abCuidados b\u00e1sicos y mantenimiento de instrumentos de cuerda frotada\u00bb, a cargo del Luthier Mat\u00edas Cara, el S\u00e1bado, 22 de Julio.<\/li>\n<\/ul>\n<p>Al finalizar el taller se entrega el certificados a los participantes.<\/p>\n<p><iframe loading=\"lazy\" title=\"FFHA UNSJ C\u00c1TEDRA DE CONTRABAJO\" width=\"800\" height=\"600\" src=\"https:\/\/www.youtube.com\/embed\/nlHZXfr2av8?feature=oembed\" frameborder=\"0\" allow=\"accelerometer; autoplay; clipboard-write; encrypted-media; gyroscope; picture-in-picture; web-share\" allowfullscreen><\/iframe><\/p>\n<p><span style=\"color: #339966;\"><strong>Organiza<\/strong><\/span><\/p>\n<p>C\u00e1tedra de Contrabajo de la FFHA de la UNSJ<\/p>\n<p><strong><span style=\"color: #339966;\">Apoyan<\/span><\/strong><\/p>\n<ul>\n<li>Facultad de Filosof\u00eda, Humanidades y Artes de la Universidad Nacional de San Juan<\/li>\n<li>Ministerio de Turismo y Cultura del Gobierno de San Juan<\/li>\n<li>Fundaci\u00f3n del Banco San Juan<\/li>\n<li>Centro de Creaci\u00f3n Art\u00edstica Orquestal<\/li>\n<li>Complejo Auditorio Juan Victoria<\/li>\n<\/ul>\n<p><iframe loading=\"lazy\" title=\"FFHA UNSJ C\u00c1TEDRA DE CONTRABAJO\" width=\"800\" height=\"450\" src=\"https:\/\/www.youtube.com\/embed\/Bv13Ehe42BU?feature=oembed\" frameborder=\"0\" allow=\"accelerometer; autoplay; clipboard-write; encrypted-media; gyroscope; picture-in-picture; web-share\" allowfullscreen><\/iframe><\/p>\n<p>&nbsp;<\/p>\n<p>&nbsp;<\/p>\n<p><iframe loading=\"lazy\" title=\"FFHA UNSJ CATEDRA CONTRABAJO\" width=\"800\" height=\"450\" src=\"https:\/\/www.youtube.com\/embed\/Ljk5njw4TpI?feature=oembed\" frameborder=\"0\" allow=\"accelerometer; autoplay; clipboard-write; encrypted-media; gyroscope; picture-in-picture; web-share\" allowfullscreen><\/iframe><\/p>\n<p>&nbsp;<\/p>\n<p>&nbsp;<\/p>\n<p><iframe loading=\"lazy\" title=\"FFHA UNSJ C\u00c1TEDRA DE CONTRABAJO\" width=\"800\" height=\"600\" src=\"https:\/\/www.youtube.com\/embed\/opDWlV-Zrt4?feature=oembed\" frameborder=\"0\" allow=\"accelerometer; autoplay; clipboard-write; encrypted-media; gyroscope; picture-in-picture; web-share\" allowfullscreen><\/iframe><\/p>\n<p><img loading=\"lazy\" decoding=\"async\" class=\"alignnone size-full wp-image-61088\" src=\"https:\/\/vocesparalelas.com.ar\/sitio\/wp-content\/uploads\/2023\/07\/FFHA-CONTRABAJO-03.jpg\" alt=\"\" width=\"800\" height=\"527\" srcset=\"https:\/\/vocesparalelas.com.ar\/sitio\/wp-content\/uploads\/2023\/07\/FFHA-CONTRABAJO-03.jpg 800w, https:\/\/vocesparalelas.com.ar\/sitio\/wp-content\/uploads\/2023\/07\/FFHA-CONTRABAJO-03-300x198.jpg 300w, https:\/\/vocesparalelas.com.ar\/sitio\/wp-content\/uploads\/2023\/07\/FFHA-CONTRABAJO-03-768x506.jpg 768w\" sizes=\"auto, (max-width: 800px) 100vw, 800px\" \/><\/p>\n<p>Es importante invitar a los interesados que desee sumarse al Concierto que brindan los alumnos de contrabajo, el Jueves, 20 de Julio, a las 21 hs, en la Sala del Auditorio Juan Victoria.<\/p>\n<p><iframe loading=\"lazy\" title=\"FFHA UNSJ C\u00c1TEDRA DE CONTRABAJO\" width=\"800\" height=\"450\" src=\"https:\/\/www.youtube.com\/embed\/hjKqYX0cXKQ?feature=oembed\" frameborder=\"0\" allow=\"accelerometer; autoplay; clipboard-write; encrypted-media; gyroscope; picture-in-picture; web-share\" allowfullscreen><\/iframe><\/p>\n<p><img loading=\"lazy\" decoding=\"async\" class=\"alignnone size-large wp-image-5795\" src=\"https:\/\/vocesparalelas.com.ar\/sitio\/wp-content\/uploads\/2017\/10\/ACUSTICA-EN-SALA-800x531.jpg\" alt=\"\" width=\"800\" height=\"531\" srcset=\"https:\/\/vocesparalelas.com.ar\/sitio\/wp-content\/uploads\/2017\/10\/ACUSTICA-EN-SALA-800x531.jpg 800w, https:\/\/vocesparalelas.com.ar\/sitio\/wp-content\/uploads\/2017\/10\/ACUSTICA-EN-SALA-300x199.jpg 300w, https:\/\/vocesparalelas.com.ar\/sitio\/wp-content\/uploads\/2017\/10\/ACUSTICA-EN-SALA-768x510.jpg 768w, https:\/\/vocesparalelas.com.ar\/sitio\/wp-content\/uploads\/2017\/10\/ACUSTICA-EN-SALA.jpg 1024w\" sizes=\"auto, (max-width: 800px) 100vw, 800px\" \/><\/p>\n<p><iframe loading=\"lazy\" title=\"FFHA UNSJ C\u00c1TEDRA DE CONTRABAJO\" width=\"800\" height=\"450\" src=\"https:\/\/www.youtube.com\/embed\/-2Hlvf44h4A?feature=oembed\" frameborder=\"0\" allow=\"accelerometer; autoplay; clipboard-write; encrypted-media; gyroscope; picture-in-picture; web-share\" allowfullscreen><\/iframe><\/p>\n<p>&nbsp;<\/p>\n<p><img loading=\"lazy\" decoding=\"async\" class=\"alignnone size-large wp-image-43889\" src=\"https:\/\/vocesparalelas.com.ar\/sitio\/wp-content\/uploads\/2021\/11\/FFHA-FRENTE-1-800x600.jpg\" alt=\"\" width=\"800\" height=\"600\" srcset=\"https:\/\/vocesparalelas.com.ar\/sitio\/wp-content\/uploads\/2021\/11\/FFHA-FRENTE-1-800x600.jpg 800w, https:\/\/vocesparalelas.com.ar\/sitio\/wp-content\/uploads\/2021\/11\/FFHA-FRENTE-1-300x225.jpg 300w, https:\/\/vocesparalelas.com.ar\/sitio\/wp-content\/uploads\/2021\/11\/FFHA-FRENTE-1-768x576.jpg 768w, https:\/\/vocesparalelas.com.ar\/sitio\/wp-content\/uploads\/2021\/11\/FFHA-FRENTE-1.jpg 1024w\" sizes=\"auto, (max-width: 800px) 100vw, 800px\" \/><\/p>\n<p><img loading=\"lazy\" decoding=\"async\" class=\"alignnone size-full wp-image-53945\" src=\"https:\/\/vocesparalelas.com.ar\/sitio\/wp-content\/uploads\/2022\/10\/UNSJ-LOGO-50-FINAL.jpg\" alt=\"\" width=\"800\" height=\"476\" srcset=\"https:\/\/vocesparalelas.com.ar\/sitio\/wp-content\/uploads\/2022\/10\/UNSJ-LOGO-50-FINAL.jpg 800w, https:\/\/vocesparalelas.com.ar\/sitio\/wp-content\/uploads\/2022\/10\/UNSJ-LOGO-50-FINAL-300x179.jpg 300w, https:\/\/vocesparalelas.com.ar\/sitio\/wp-content\/uploads\/2022\/10\/UNSJ-LOGO-50-FINAL-768x457.jpg 768w\" sizes=\"auto, (max-width: 800px) 100vw, 800px\" \/> <img loading=\"lazy\" decoding=\"async\" class=\"alignnone size-full wp-image-54035\" src=\"https:\/\/vocesparalelas.com.ar\/sitio\/wp-content\/uploads\/2022\/11\/UNSJ-LOGO-10.jpg\" alt=\"\" width=\"800\" height=\"533\" srcset=\"https:\/\/vocesparalelas.com.ar\/sitio\/wp-content\/uploads\/2022\/11\/UNSJ-LOGO-10.jpg 800w, https:\/\/vocesparalelas.com.ar\/sitio\/wp-content\/uploads\/2022\/11\/UNSJ-LOGO-10-300x200.jpg 300w, https:\/\/vocesparalelas.com.ar\/sitio\/wp-content\/uploads\/2022\/11\/UNSJ-LOGO-10-768x512.jpg 768w\" sizes=\"auto, (max-width: 800px) 100vw, 800px\" \/><\/p>\n","protected":false},"excerpt":{"rendered":"<p>Estudiantes de contrabajo de distintos puntos del pa\u00eds y tambi\u00e9n de otros lugares del mundo llegan a la provincia de<\/p>\n","protected":false},"author":3,"featured_media":61086,"comment_status":"closed","ping_status":"closed","sticky":false,"template":"","format":"standard","meta":{"_acf_changed":false,"_seopress_robots_primary_cat":"none","_seopress_titles_title":"","_seopress_titles_desc":"","_seopress_robots_index":"","colormag_page_container_layout":"default_layout","colormag_page_sidebar_layout":"default_layout","footnotes":""},"categories":[9,7],"tags":[],"class_list":["post-61060","post","type-post","status-publish","format-standard","has-post-thumbnail","hentry","category-cursos","category-videos"],"acf":[],"_links":{"self":[{"href":"https:\/\/vocesparalelas.com.ar\/sitio\/wp-json\/wp\/v2\/posts\/61060","targetHints":{"allow":["GET"]}}],"collection":[{"href":"https:\/\/vocesparalelas.com.ar\/sitio\/wp-json\/wp\/v2\/posts"}],"about":[{"href":"https:\/\/vocesparalelas.com.ar\/sitio\/wp-json\/wp\/v2\/types\/post"}],"author":[{"embeddable":true,"href":"https:\/\/vocesparalelas.com.ar\/sitio\/wp-json\/wp\/v2\/users\/3"}],"replies":[{"embeddable":true,"href":"https:\/\/vocesparalelas.com.ar\/sitio\/wp-json\/wp\/v2\/comments?post=61060"}],"version-history":[{"count":9,"href":"https:\/\/vocesparalelas.com.ar\/sitio\/wp-json\/wp\/v2\/posts\/61060\/revisions"}],"predecessor-version":[{"id":61101,"href":"https:\/\/vocesparalelas.com.ar\/sitio\/wp-json\/wp\/v2\/posts\/61060\/revisions\/61101"}],"wp:featuredmedia":[{"embeddable":true,"href":"https:\/\/vocesparalelas.com.ar\/sitio\/wp-json\/wp\/v2\/media\/61086"}],"wp:attachment":[{"href":"https:\/\/vocesparalelas.com.ar\/sitio\/wp-json\/wp\/v2\/media?parent=61060"}],"wp:term":[{"taxonomy":"category","embeddable":true,"href":"https:\/\/vocesparalelas.com.ar\/sitio\/wp-json\/wp\/v2\/categories?post=61060"},{"taxonomy":"post_tag","embeddable":true,"href":"https:\/\/vocesparalelas.com.ar\/sitio\/wp-json\/wp\/v2\/tags?post=61060"}],"curies":[{"name":"wp","href":"https:\/\/api.w.org\/{rel}","templated":true}]}}