{"id":61055,"date":"2023-07-10T18:46:53","date_gmt":"2023-07-10T21:46:53","guid":{"rendered":"https:\/\/vocesparalelas.com.ar\/sitio\/?p=61055"},"modified":"2023-07-12T00:16:42","modified_gmt":"2023-07-12T03:16:42","slug":"primer-censo-de-archivos-de-argentina","status":"publish","type":"post","link":"https:\/\/vocesparalelas.com.ar\/sitio\/primer-censo-de-archivos-de-argentina\/","title":{"rendered":"Primer Censo de Archivos de Argentina"},"content":{"rendered":"<p dir=\"auto\">El Consejo Federal de Archivos Estatales de Argentina &#8211; CoFAE &#8211; lanz\u00f3 el Primer Censo de Archivos de la Naci\u00f3n.<\/p>\n<p dir=\"auto\">Se pretende generar un instrumento de consulta para ciudadanos e instituciones archiv\u00edsticas nacionales y extranjeras, con el objetivo de transparentar d\u00f3nde se preservan los registros de la Historia Argentina.<\/p>\n<p dir=\"auto\">El responsable de una instituci\u00f3n p\u00fablica o privada que preserva patrimonio documental de cualquier tipo como fotogr\u00e1fico, papel escrito, audiovisual, sonoro, y otros, debe registrarse.<\/p>\n<p dir=\"auto\"><strong><span style=\"color: #339966;\">Inscripci\u00f3n<\/span><\/strong><\/p>\n<p dir=\"auto\"><a href=\"https:\/\/www.argentina.gob.ar\/interior\/archivo-general-de-la-nacion\/censo-nacional-de-archivos?fbclid=IwAR3IcufVRS1N20faJljZputAdfGRdDIVfltO-x87bPUSqTfhupX9ke04uG4\">https:\/\/www.argentina.gob.ar\/interior\/archivo-general-de-la-nacion\/censo-nacional-de-archivos?fbclid=IwAR3IcufVRS1N20faJljZputAdfGRdDIVfltO-x87bPUSqTfhupX9ke04uG4<\/a><\/p>\n<p dir=\"auto\"><img loading=\"lazy\" decoding=\"async\" class=\"alignnone size-full wp-image-59920\" src=\"https:\/\/vocesparalelas.com.ar\/sitio\/wp-content\/uploads\/2023\/06\/CoFAE-2023.jpg\" alt=\"\" width=\"800\" height=\"531\" srcset=\"https:\/\/vocesparalelas.com.ar\/sitio\/wp-content\/uploads\/2023\/06\/CoFAE-2023.jpg 800w, https:\/\/vocesparalelas.com.ar\/sitio\/wp-content\/uploads\/2023\/06\/CoFAE-2023-300x199.jpg 300w, https:\/\/vocesparalelas.com.ar\/sitio\/wp-content\/uploads\/2023\/06\/CoFAE-2023-768x510.jpg 768w\" sizes=\"auto, (max-width: 800px) 100vw, 800px\" \/><\/p>\n<p dir=\"auto\">\n","protected":false},"excerpt":{"rendered":"<p>El Consejo Federal de Archivos Estatales de Argentina &#8211; CoFAE &#8211; lanz\u00f3 el Primer Censo de Archivos de la Naci\u00f3n.<\/p>\n","protected":false},"author":3,"featured_media":61073,"comment_status":"closed","ping_status":"closed","sticky":false,"template":"","format":"standard","meta":{"_acf_changed":false,"_seopress_robots_primary_cat":"none","_seopress_titles_title":"","_seopress_titles_desc":"","_seopress_robots_index":"","colormag_page_container_layout":"default_layout","colormag_page_sidebar_layout":"default_layout","footnotes":""},"categories":[2],"tags":[],"class_list":["post-61055","post","type-post","status-publish","format-standard","has-post-thumbnail","hentry","category-convocatorias"],"acf":[],"_links":{"self":[{"href":"https:\/\/vocesparalelas.com.ar\/sitio\/wp-json\/wp\/v2\/posts\/61055","targetHints":{"allow":["GET"]}}],"collection":[{"href":"https:\/\/vocesparalelas.com.ar\/sitio\/wp-json\/wp\/v2\/posts"}],"about":[{"href":"https:\/\/vocesparalelas.com.ar\/sitio\/wp-json\/wp\/v2\/types\/post"}],"author":[{"embeddable":true,"href":"https:\/\/vocesparalelas.com.ar\/sitio\/wp-json\/wp\/v2\/users\/3"}],"replies":[{"embeddable":true,"href":"https:\/\/vocesparalelas.com.ar\/sitio\/wp-json\/wp\/v2\/comments?post=61055"}],"version-history":[{"count":2,"href":"https:\/\/vocesparalelas.com.ar\/sitio\/wp-json\/wp\/v2\/posts\/61055\/revisions"}],"predecessor-version":[{"id":61072,"href":"https:\/\/vocesparalelas.com.ar\/sitio\/wp-json\/wp\/v2\/posts\/61055\/revisions\/61072"}],"wp:featuredmedia":[{"embeddable":true,"href":"https:\/\/vocesparalelas.com.ar\/sitio\/wp-json\/wp\/v2\/media\/61073"}],"wp:attachment":[{"href":"https:\/\/vocesparalelas.com.ar\/sitio\/wp-json\/wp\/v2\/media?parent=61055"}],"wp:term":[{"taxonomy":"category","embeddable":true,"href":"https:\/\/vocesparalelas.com.ar\/sitio\/wp-json\/wp\/v2\/categories?post=61055"},{"taxonomy":"post_tag","embeddable":true,"href":"https:\/\/vocesparalelas.com.ar\/sitio\/wp-json\/wp\/v2\/tags?post=61055"}],"curies":[{"name":"wp","href":"https:\/\/api.w.org\/{rel}","templated":true}]}}