{"id":61042,"date":"2023-07-10T14:49:14","date_gmt":"2023-07-10T17:49:14","guid":{"rendered":"https:\/\/vocesparalelas.com.ar\/sitio\/?p=61042"},"modified":"2023-07-12T00:14:28","modified_gmt":"2023-07-12T03:14:28","slug":"finalizo-la-2-ciclo-semipresencial-articulaciones-alfabetizadoras-en-san-juan","status":"publish","type":"post","link":"https:\/\/vocesparalelas.com.ar\/sitio\/finalizo-la-2-ciclo-semipresencial-articulaciones-alfabetizadoras-en-san-juan\/","title":{"rendered":"Finaliz\u00f3 la 2\u00b0 Ciclo Semipresencial \u201cArticulaciones alfabetizadoras\u201d en San Juan"},"content":{"rendered":"<p>En la Escuela Normal Superior San Mart\u00edn, se realiz\u00f3 el cierre del 2\u00b0 Ciclo Semipresencial \u201cArticulaciones alfabetizadoras\u201d a cargo del Equipo de Alfabetizaci\u00f3n Inicial, dependiente de la Subsecretar\u00eda de Planeamiento del Ministerio de Educaci\u00f3n del Gobierno de San Juan.<\/p>\n<p>El Ciclo consisti\u00f3 en Talleres para la transici\u00f3n de Nivel Inicial a Primer grado intensificando las decisiones pedag\u00f3gicas en relaci\u00f3n a la lectura y escritura. Participaron docentes que trabajaron en duplas para construir acuerdos institucionales para fortalecer el proceso alfabetizador de la poblaci\u00f3n estudiantil a la que acompa\u00f1an.<\/p>\n<p>Las direcciones de Educaci\u00f3n Inicial, Primaria y Privada con sus equipos de supervisores y directivos, respald\u00f3 la formaci\u00f3n permanente de docentes y de los acuerdos construidos.<\/p>\n<p>Las duplas participantes ratificaron iniciativa el compromiso por mejorar sus propuestas de sala en Nivel Inicial y \u00e1ulicas, en Primaria.<\/p>\n<p><img loading=\"lazy\" decoding=\"async\" class=\"alignnone size-full wp-image-61051\" src=\"https:\/\/vocesparalelas.com.ar\/sitio\/wp-content\/uploads\/2023\/07\/DOCENTES-LECTURA.jpg\" alt=\"\" width=\"800\" height=\"315\" srcset=\"https:\/\/vocesparalelas.com.ar\/sitio\/wp-content\/uploads\/2023\/07\/DOCENTES-LECTURA.jpg 800w, https:\/\/vocesparalelas.com.ar\/sitio\/wp-content\/uploads\/2023\/07\/DOCENTES-LECTURA-300x118.jpg 300w, https:\/\/vocesparalelas.com.ar\/sitio\/wp-content\/uploads\/2023\/07\/DOCENTES-LECTURA-768x302.jpg 768w\" sizes=\"auto, (max-width: 800px) 100vw, 800px\" \/><\/p>\n<p>El equipo del Plan de Alfabetizaci\u00f3n Inicial est\u00e1 compuesto desde el a\u00f1o 2022 por su Referente Pedag\u00f3gica, Prof. Adriana Luna junto a las Especialistas en Educaci\u00f3n Inicial, Prof. Rosario Calder\u00f3n, y Educaci\u00f3n Primaria, Prof. Diana Castro.<\/p>\n<p>Parte de las conclusiones construidas durante el Cierre del Ciclo evidenciaron la importancia de continuar fortaleciendo los v\u00ednculos entre ambos niveles, sobre todo entre aquellas instituciones que comparten la poblaci\u00f3n estudiantil por pertenecer a la misma zona.<\/p>\n<p><strong><span style=\"color: #0000ff;\">Algunas de las ideas centrales<\/span><\/strong><\/p>\n<ul>\n<li>El valor de dar continuidad a la articulaci\u00f3n en la transici\u00f3n entre niveles, propiciando que las situaciones de lectura y escritura que sucedan en la sala y en el aula, sean efectivamente las que articulen las actividades propuestas a los ni\u00f1os.<\/li>\n<li>La articulaci\u00f3n, al mismo tiempo que ampl\u00eda su propuesta, especifica su enfoque: la visita y el traslado de un nivel es pertinente, aunque generar oportunidades constantes de lectura y escritura acordadas entre los docentes, ser\u00e1 una base mucho m\u00e1s s\u00f3lida desde la que transitar este paso de nivel.<\/li>\n<li>Especificar el enfoque y los criterios en los que se sostienen las decisiones pedag\u00f3gicas es parte de las articulaciones necesarias para clarificar desde qu\u00e9 sustento te\u00f3rico se proponen las actividades para el proceso alfabetizador que desarrollan los ni\u00f1os.<\/li>\n<\/ul>\n<p>La jurisdicci\u00f3n cuenta con una variedad notable de experiencias y realidades, raz\u00f3n por la que este Ciclo se convierte, nuevamente en esta segunda edici\u00f3n, en una oportunidad de encuentro y reconocimiento. Dicha pluralidad y coexistencia implica tambi\u00e9n una revisi\u00f3n de las propias pr\u00e1cticas \u00e1ulicas y de sala.<\/p>\n<p><img loading=\"lazy\" decoding=\"async\" class=\"alignnone size-full wp-image-28629\" src=\"https:\/\/vocesparalelas.com.ar\/sitio\/wp-content\/uploads\/2020\/05\/MINISTERIO-EDUCACION-SJ.jpg\" alt=\"\" width=\"800\" height=\"533\" srcset=\"https:\/\/vocesparalelas.com.ar\/sitio\/wp-content\/uploads\/2020\/05\/MINISTERIO-EDUCACION-SJ.jpg 800w, https:\/\/vocesparalelas.com.ar\/sitio\/wp-content\/uploads\/2020\/05\/MINISTERIO-EDUCACION-SJ-300x200.jpg 300w, https:\/\/vocesparalelas.com.ar\/sitio\/wp-content\/uploads\/2020\/05\/MINISTERIO-EDUCACION-SJ-768x512.jpg 768w\" sizes=\"auto, (max-width: 800px) 100vw, 800px\" \/><\/p>\n<p>&nbsp;<\/p>\n","protected":false},"excerpt":{"rendered":"<p>En la Escuela Normal Superior San Mart\u00edn, se realiz\u00f3 el cierre del 2\u00b0 Ciclo Semipresencial \u201cArticulaciones alfabetizadoras\u201d a cargo del<\/p>\n","protected":false},"author":3,"featured_media":61050,"comment_status":"closed","ping_status":"closed","sticky":false,"template":"","format":"standard","meta":{"_acf_changed":false,"_seopress_robots_primary_cat":"none","_seopress_titles_title":"","_seopress_titles_desc":"","_seopress_robots_index":"","colormag_page_container_layout":"default_layout","colormag_page_sidebar_layout":"default_layout","footnotes":""},"categories":[9],"tags":[],"class_list":["post-61042","post","type-post","status-publish","format-standard","has-post-thumbnail","hentry","category-cursos"],"acf":[],"_links":{"self":[{"href":"https:\/\/vocesparalelas.com.ar\/sitio\/wp-json\/wp\/v2\/posts\/61042","targetHints":{"allow":["GET"]}}],"collection":[{"href":"https:\/\/vocesparalelas.com.ar\/sitio\/wp-json\/wp\/v2\/posts"}],"about":[{"href":"https:\/\/vocesparalelas.com.ar\/sitio\/wp-json\/wp\/v2\/types\/post"}],"author":[{"embeddable":true,"href":"https:\/\/vocesparalelas.com.ar\/sitio\/wp-json\/wp\/v2\/users\/3"}],"replies":[{"embeddable":true,"href":"https:\/\/vocesparalelas.com.ar\/sitio\/wp-json\/wp\/v2\/comments?post=61042"}],"version-history":[{"count":5,"href":"https:\/\/vocesparalelas.com.ar\/sitio\/wp-json\/wp\/v2\/posts\/61042\/revisions"}],"predecessor-version":[{"id":61104,"href":"https:\/\/vocesparalelas.com.ar\/sitio\/wp-json\/wp\/v2\/posts\/61042\/revisions\/61104"}],"wp:featuredmedia":[{"embeddable":true,"href":"https:\/\/vocesparalelas.com.ar\/sitio\/wp-json\/wp\/v2\/media\/61050"}],"wp:attachment":[{"href":"https:\/\/vocesparalelas.com.ar\/sitio\/wp-json\/wp\/v2\/media?parent=61042"}],"wp:term":[{"taxonomy":"category","embeddable":true,"href":"https:\/\/vocesparalelas.com.ar\/sitio\/wp-json\/wp\/v2\/categories?post=61042"},{"taxonomy":"post_tag","embeddable":true,"href":"https:\/\/vocesparalelas.com.ar\/sitio\/wp-json\/wp\/v2\/tags?post=61042"}],"curies":[{"name":"wp","href":"https:\/\/api.w.org\/{rel}","templated":true}]}}