{"id":61036,"date":"2023-07-12T10:08:37","date_gmt":"2023-07-12T13:08:37","guid":{"rendered":"https:\/\/vocesparalelas.com.ar\/sitio\/?p=61036"},"modified":"2023-07-14T23:40:04","modified_gmt":"2023-07-15T02:40:04","slug":"vivi-en-rivadavia-las-vacaciones-de-invierno-2023","status":"publish","type":"post","link":"https:\/\/vocesparalelas.com.ar\/sitio\/vivi-en-rivadavia-las-vacaciones-de-invierno-2023\/","title":{"rendered":"Viv\u00ed en Rivadavia las Vacaciones de Invierno 2023"},"content":{"rendered":"<p>La Municipalidad de Rivadavia te invita a \u00abViv\u00ed en Rivadavia las Vacaciones de Invierno 2023\u00bb para que disfrute en familia con una propuesta exquisita y variada.<\/p>\n<p><strong><span style=\"color: #0000ff;\">Programa<\/span><\/strong><\/p>\n<p><span style=\"color: #0000ff;\"><strong>Una Cuadra de Cultura<\/strong><\/span><\/p>\n<ul>\n<li>M\u00fasica en vivo<\/li>\n<li>Intervenciones de danza<\/li>\n<li>Desfile de t\u00edteres gigantes<\/li>\n<li>Feria de Artesan\u00edas<\/li>\n<li>9, 15, 16, 22 y 23 de julio<\/li>\n<li>De 16 a 18hs.<\/li>\n<li>Paseo Juan B. Justo<\/li>\n<\/ul>\n<p><span style=\"color: #0000ff;\"><strong>Pintaron las Vacaciones<\/strong><\/span><\/p>\n<p>Los chicos se convierten en peque\u00f1os artistas pintando en atriles<\/p>\n<ul>\n<li>Parque de Rivadavia: viernes, s\u00e1bados y domingos, de 16 a 19hs.<\/li>\n<li>Plaza Madre Universal: s\u00e1bados y domingos , de 16 a 19hs<\/li>\n<li>Faun\u00edstico: s\u00e1bados y domingos, de 15 a 18hs.<\/li>\n<\/ul>\n<p><strong><span style=\"color: #0000ff;\">Feria de Artesanos y Emprendedores<\/span><\/strong><\/p>\n<ul>\n<li>9, 16 y 23 de julio<\/li>\n<li>16 hs.<\/li>\n<li>Plaza C\u00edvica Malvinas Argentinas- Parque de Rivadavia<\/li>\n<\/ul>\n<p><strong><span style=\"color: #0000ff;\">M\u00e1s informaci\u00f3n<\/span><\/strong><\/p>\n<p>2644417892 (WhatsApp)<\/p>\n<p>Centro de Informes Tur\u00edstico (R. Calivar y Av. Libertador), de lunes a viernes de 8 a 13 hs.<\/p>\n<p><span style=\"color: #0000ff;\"><strong>CABALGATAS<\/strong><\/span><\/p>\n<ul>\n<li>Todos los d\u00edas<\/li>\n<li>Cabalgatas de 2 hs y 3.30hs de duraci\u00f3n, por la quebrada de Zonda y alrededores<\/li>\n<li>Abierta al p\u00fablico en general<\/li>\n<li>Informaci\u00f3n y reservas al 2644824039<\/li>\n<\/ul>\n<p><span style=\"color: #0000ff;\"><strong>PASEOS EN CUATRICICLOS<\/strong><\/span><\/p>\n<ul>\n<li>S\u00e1bados y domingos de 12 a 18.30hs.<\/li>\n<li>Paseos en cuadriciclo el\u00e9ctrico<\/li>\n<li>Punto de encuentro: Quebrada de Zonda<\/li>\n<li>D\u00edas de semana \u00fanicamente modalidad excursi\u00f3n, bajo reserva previa<\/li>\n<li>Actividad abierta al p\u00fablico en general<\/li>\n<li>Informaci\u00f3n y reservas al 2646603319<\/li>\n<\/ul>\n<p><strong><span style=\"color: #0000ff;\">TIROLESA<\/span><\/strong><\/p>\n<ul>\n<li>Todos los d\u00edas \u2013 A partir de las 14hs<\/li>\n<li>Tirolesa sobre el Rio San Juan<\/li>\n<li>Actividad abierta al p\u00fablico en general<\/li>\n<li>Informaci\u00f3n y reservas al 2644803923 \u2013 2644461633 \u2013 2644393828<\/li>\n<\/ul>\n<p><strong><span style=\"color: #0000ff;\">MUSEO GEOGRAFICO EINSTEIN<\/span><\/strong><\/p>\n<ul>\n<li>Abierto todos los d\u00edas de 10 a 18hs.<\/li>\n<li>Ubicaci\u00f3n: RP12 km19, Quebrada de Zonda (Al lado del Camping Municipal de Rivadavia)<\/li>\n<li>Actividad abierta al p\u00fablico en general<\/li>\n<li>Informaci\u00f3n al 2644824039<\/li>\n<\/ul>\n<p><strong><span style=\"color: #0000ff;\">Faun\u00edstico, Centro para la Conservaci\u00f3n de Fauna Silvestre<\/span><\/strong><\/p>\n<ul>\n<li>Abierto de mi\u00e9rcoles a lunes, de 9 a 18hs.<\/li>\n<li>Entrada general<\/li>\n<li>Mayores: $400<\/li>\n<li>Menores: $200<\/li>\n<li>Promoci\u00f3n para grupo familiar<\/li>\n<li>Ubicaci\u00f3n Ruta Provincial N\u00b0 60 KM 14<\/li>\n<li>Informaci\u00f3n al 2644417892<\/li>\n<\/ul>\n<p><strong><span style=\"color: #0000ff;\">Gastronom\u00eda<\/span><\/strong><\/p>\n<p><strong><span style=\"color: #0000ff;\">ACEITERA CAMPO DE OLIVOS<\/span><\/strong><\/p>\n<ul>\n<li>Abierto de lunes a s\u00e1bado, de 10 a 17hs<\/li>\n<li>Recorrido por la f\u00e1brica de aceite de oliva, degustaci\u00f3n de aceite de oliva, aceitunas en conserva, aceto bals\u00e1mico, frutos desecados, gin y venta de productos.<\/li>\n<li>Ubicaci\u00f3n: RP 12 km 16, antes del Jard\u00edn de los Poetas<\/li>\n<li>Actividad abierta al p\u00fablico en general<\/li>\n<li>Informaci\u00f3n y reservas al 2645137024<\/li>\n<\/ul>\n<p><span style=\"color: #0000ff;\"><strong>BODEGA MERCED DEL ESTERO<\/strong><\/span><\/p>\n<ul>\n<li>Recorrido guiado por la bodega, degustaci\u00f3n, maridaje y venta de productos.<\/li>\n<li>Ubicaci\u00f3n Mor\u00f3n 432 sur<\/li>\n<li>Informaci\u00f3n y reservas al 2644400387<\/li>\n<\/ul>\n<p><span style=\"color: #0000ff;\"><strong>Camping<\/strong><\/span><\/p>\n<p><span style=\"color: #0000ff;\"><strong>CAMPING MUNICIPAL DE RIVADAVIA<\/strong><\/span><\/p>\n<ul>\n<li>Abierto todos los d\u00edas, de 9 a 22hs.<\/li>\n<li>Tarifas: D\u00edas h\u00e1biles: Menores $200 Mayores $400.<\/li>\n<li>Fines de semana y feriados: Menores $300 Mayores $600.<\/li>\n<li>Menores de 6 a\u00f1os, jubilados y personas con discapacidad ingresan GRATIS.<\/li>\n<li>Descuentos por grupo familiar: Grupo familiar hasta 5 personas: $1500 (d\u00edas h\u00e1biles), $2000 (fines de semana y feriado)<\/li>\n<li>Grupo familiar de hasta 7 personas: $2000 (dias h\u00e1biles), $2500 (fines de semana y feriados).<\/li>\n<li>Ubicaci\u00f3n: RP12 km19, Quebrada de Zonda<\/li>\n<li>Informaci\u00f3n al 2644417892<\/li>\n<\/ul>\n<p><strong><span style=\"color: #0000ff;\">BALNEARIO EL PINAR<\/span><\/strong><\/p>\n<ul>\n<li>Abierto s\u00e1bados y domingos, de 9 a 19 hs.<\/li>\n<li>Tarifas: Menores $200 Mayores $350.<\/li>\n<li>Menores de 6 a\u00f1os, jubilados y personas con discapacidad ingresan GRATIS.<\/li>\n<li>Descuentos por grupo familiar: Grupo familiar hasta 5 personas: $1200, Grupo familiar de hasta 7 personas: $1800<\/li>\n<li>Ubicaci\u00f3n: RP60 km14, Ruta del Sol<\/li>\n<li>Informaci\u00f3n al 2644417892<\/li>\n<\/ul>\n<p><strong><span style=\"color: #0000ff;\">M\u00e1s Informaci\u00f3n<\/span><\/strong><\/p>\n<p>2644417892 (WhatsApp), de 8 a 14hs. Centro de Informes Tur\u00edstico (R. Calivar y Av. Libertador), de lunes a viernes de 8 a 13hs.<\/p>\n<p><img loading=\"lazy\" decoding=\"async\" class=\"alignnone size-large wp-image-42675\" src=\"https:\/\/vocesparalelas.com.ar\/sitio\/wp-content\/uploads\/2021\/10\/RIVADAVIA-LOGO-800x600.jpg\" alt=\"\" width=\"800\" height=\"600\" srcset=\"https:\/\/vocesparalelas.com.ar\/sitio\/wp-content\/uploads\/2021\/10\/RIVADAVIA-LOGO-800x600.jpg 800w, https:\/\/vocesparalelas.com.ar\/sitio\/wp-content\/uploads\/2021\/10\/RIVADAVIA-LOGO-300x225.jpg 300w, https:\/\/vocesparalelas.com.ar\/sitio\/wp-content\/uploads\/2021\/10\/RIVADAVIA-LOGO-768x576.jpg 768w, https:\/\/vocesparalelas.com.ar\/sitio\/wp-content\/uploads\/2021\/10\/RIVADAVIA-LOGO.jpg 1024w\" sizes=\"auto, (max-width: 800px) 100vw, 800px\" \/><\/p>\n","protected":false},"excerpt":{"rendered":"<p>La Municipalidad de Rivadavia te invita a \u00abViv\u00ed en Rivadavia las Vacaciones de Invierno 2023\u00bb para que disfrute en familia<\/p>\n","protected":false},"author":3,"featured_media":32506,"comment_status":"closed","ping_status":"closed","sticky":false,"template":"","format":"standard","meta":{"_acf_changed":false,"_seopress_robots_primary_cat":"none","_seopress_titles_title":"","_seopress_titles_desc":"","_seopress_robots_index":"","colormag_page_container_layout":"default_layout","colormag_page_sidebar_layout":"default_layout","footnotes":""},"categories":[6],"tags":[],"class_list":["post-61036","post","type-post","status-publish","format-standard","has-post-thumbnail","hentry","category-eventos"],"acf":[],"_links":{"self":[{"href":"https:\/\/vocesparalelas.com.ar\/sitio\/wp-json\/wp\/v2\/posts\/61036","targetHints":{"allow":["GET"]}}],"collection":[{"href":"https:\/\/vocesparalelas.com.ar\/sitio\/wp-json\/wp\/v2\/posts"}],"about":[{"href":"https:\/\/vocesparalelas.com.ar\/sitio\/wp-json\/wp\/v2\/types\/post"}],"author":[{"embeddable":true,"href":"https:\/\/vocesparalelas.com.ar\/sitio\/wp-json\/wp\/v2\/users\/3"}],"replies":[{"embeddable":true,"href":"https:\/\/vocesparalelas.com.ar\/sitio\/wp-json\/wp\/v2\/comments?post=61036"}],"version-history":[{"count":5,"href":"https:\/\/vocesparalelas.com.ar\/sitio\/wp-json\/wp\/v2\/posts\/61036\/revisions"}],"predecessor-version":[{"id":61142,"href":"https:\/\/vocesparalelas.com.ar\/sitio\/wp-json\/wp\/v2\/posts\/61036\/revisions\/61142"}],"wp:featuredmedia":[{"embeddable":true,"href":"https:\/\/vocesparalelas.com.ar\/sitio\/wp-json\/wp\/v2\/media\/32506"}],"wp:attachment":[{"href":"https:\/\/vocesparalelas.com.ar\/sitio\/wp-json\/wp\/v2\/media?parent=61036"}],"wp:term":[{"taxonomy":"category","embeddable":true,"href":"https:\/\/vocesparalelas.com.ar\/sitio\/wp-json\/wp\/v2\/categories?post=61036"},{"taxonomy":"post_tag","embeddable":true,"href":"https:\/\/vocesparalelas.com.ar\/sitio\/wp-json\/wp\/v2\/tags?post=61036"}],"curies":[{"name":"wp","href":"https:\/\/api.w.org\/{rel}","templated":true}]}}