{"id":61031,"date":"2023-07-09T20:24:47","date_gmt":"2023-07-09T23:24:47","guid":{"rendered":"https:\/\/vocesparalelas.com.ar\/sitio\/?p=61031"},"modified":"2023-07-12T00:16:07","modified_gmt":"2023-07-12T03:16:07","slug":"9-de-julio-de-2023-207-aniversario-de-la-declaracion-de-la-independencia-argentina","status":"publish","type":"post","link":"https:\/\/vocesparalelas.com.ar\/sitio\/9-de-julio-de-2023-207-aniversario-de-la-declaracion-de-la-independencia-argentina\/","title":{"rendered":"9 de Julio de 2023 \u00ab207\u00b0 Aniversario de la Declaraci\u00f3n de la Independencia Argentina\u00bb"},"content":{"rendered":"<p>Por el Arq. Jorge Alberto Mart\u00edn, Director de Patrimonio Cultural<\/p>\n<p>Francisco Narciso Laprida, pr\u00f3cer que tuvo un papel relevante en el Congreso de Tucum\u00e1n que declarar la independencia en 1816, naci\u00f3 el 28 de octubre de 1786. La historia de ilustre pr\u00f3cer Sanjuanino es tan importante como curiosa la historia de sus monumentos en esta provincia para homenajearlo.<\/p>\n<p>La provincia San Juan cuenta en la actualidad con dos monumentos en su memoria en Plazas importantes. Una en la plaza que lleva su nombre en la Ciudad de San Juan, frente a la Escuela Normal Superior domingo Faustino Sarmiento. Este es uno de los primeros monumentos inaugurados en la ciudad y con su momento contribuyeron a qu\u00e9 la ciudad de San Juan fuera bautizada como \u00abLa Ciudad de las Estatuas\u00bb, en funci\u00f3n de la cantidad y sobre todo a la calidad de las obras y sus autores en el contexto urbano de una ciudad relativamente peque\u00f1a.<\/p>\n<p>El Monumento Laprida fue inaugurado el 25 de septiembre de 1904. Obra de fundici\u00f3n, su autor\u00eda corresponde al Escultor Lucio Correa Morales.<\/p>\n<p>40 a\u00f1os despu\u00e9s de su inauguraci\u00f3n, el 15 de enero de 1944, el terremoto provocar\u00eda tantos heridos y fallecidos y qu\u00e9 destruir\u00eda gran parte de las construcciones de la Ciudad y de los Departamentos aleda\u00f1os, provoc\u00f3 la ca\u00edda de de la escultura de cuerpo entero desde su pedestal.<\/p>\n<p>Superada la emergencia luego del terremoto, fue instalada en su sitio y es desde entonces, que la misma presenta peque\u00f1as fracturas en su pie izquierdo, por ello podr\u00eda decirse, con simpat\u00eda, que hace 77 a\u00f1os que tiene un zapato roto, este m\u00ednimo deterioro no constituye un riesgo significativo para la obra y por el contrario, es una marca del tiempo y un testimonio de su historia.<\/p>\n<p>Un hecho que constituy\u00f3 una intervenci\u00f3n m\u00e1s desafortunada, fue que hace hace bastantes a\u00f1os, una gesti\u00f3n municipal con la intenci\u00f3n de mejorarla la pinto con pintura, m\u00e1s all\u00e1 que esta tarea fue inadecuada, sorprendentemente no utiliz\u00f3 pintura s\u00edmil bronce, sino cobriza.<\/p>\n<p>Otro monumento a Francisco Narciso Laprida en nuestra provincia, es el que hoy se encuentra en el centro de la plaza general San Mart\u00edn en la Ciudad de San Jos\u00e9 de J\u00e1chal, plaza principal de aquel departamento.<\/p>\n<p>Este monumento, Qu\u00e9 representa tambi\u00e9n a\u00fan Laprida de pie y joven, es una important\u00edsima obra de La reconocida Escultora tucumana Lola Mora. Realizada en m\u00e1rmol de carrara originalmente estaba concebida para posicionarse y permanecer en el Congreso Nacional, junto a otros tres personalidades de la historia Argentina.<\/p>\n<p>A\u00f1o m\u00e1s tarde, por disposici\u00f3n de la autoridad del Congreso, la estatua de Laprida como la de los otros pr\u00f3ceres, fueron destinadas a las provincias natales de cada uno de ellos.<\/p>\n<p>En el caso de San Juan estatua Laprida fue emplazada en el Parque de Mayo, para posteriormente ser trasladada por \u00faltima vez a su actual emplazamiento en J\u00e1chal.<\/p>\n<p>Est\u00e1 escultura y el sublime material en qu\u00e9 est\u00e1 realizada, fueron tristemente afectados al igual qu\u00e9 la estatua de Laprida en la Ciudad de San Juan, tambi\u00e9n por una gesti\u00f3n municipal qu\u00e9 inconsultamente\u00a0 decidi\u00f3 pintarla con esmalte sint\u00e9tico.<\/p>\n<p>Esta es una intervenci\u00f3n, requiri\u00f3 una serie de estudios previos por artistas pl\u00e1sticos locales y finalmente la intervenci\u00f3n y restauraci\u00f3n sistem\u00e1tica realizada por la artista y tambi\u00e9n tucumana a Beatriz Cazzaniga<\/p>\n<p>\u00c9sta \u00faltima Declarada \u00abBien de Inter\u00e9s hist\u00f3rico\u00bb por Ley 26.505, Sancionada el 5 de agosto de 2009 y Promulgada el 31 agosto de 2009.<\/p>\n<p>&nbsp;<\/p>\n<p>&nbsp;<\/p>\n<p>&nbsp;<\/p>\n","protected":false},"excerpt":{"rendered":"<p>Por el Arq. Jorge Alberto Mart\u00edn, Director de Patrimonio Cultural Francisco Narciso Laprida, pr\u00f3cer que tuvo un papel relevante en<\/p>\n","protected":false},"author":3,"featured_media":61034,"comment_status":"closed","ping_status":"closed","sticky":false,"template":"","format":"standard","meta":{"_acf_changed":false,"_seopress_robots_primary_cat":"none","_seopress_titles_title":"","_seopress_titles_desc":"","_seopress_robots_index":"","colormag_page_container_layout":"default_layout","colormag_page_sidebar_layout":"default_layout","footnotes":""},"categories":[10],"tags":[],"class_list":["post-61031","post","type-post","status-publish","format-standard","has-post-thumbnail","hentry","category-opiniones"],"acf":[],"_links":{"self":[{"href":"https:\/\/vocesparalelas.com.ar\/sitio\/wp-json\/wp\/v2\/posts\/61031","targetHints":{"allow":["GET"]}}],"collection":[{"href":"https:\/\/vocesparalelas.com.ar\/sitio\/wp-json\/wp\/v2\/posts"}],"about":[{"href":"https:\/\/vocesparalelas.com.ar\/sitio\/wp-json\/wp\/v2\/types\/post"}],"author":[{"embeddable":true,"href":"https:\/\/vocesparalelas.com.ar\/sitio\/wp-json\/wp\/v2\/users\/3"}],"replies":[{"embeddable":true,"href":"https:\/\/vocesparalelas.com.ar\/sitio\/wp-json\/wp\/v2\/comments?post=61031"}],"version-history":[{"count":2,"href":"https:\/\/vocesparalelas.com.ar\/sitio\/wp-json\/wp\/v2\/posts\/61031\/revisions"}],"predecessor-version":[{"id":61140,"href":"https:\/\/vocesparalelas.com.ar\/sitio\/wp-json\/wp\/v2\/posts\/61031\/revisions\/61140"}],"wp:featuredmedia":[{"embeddable":true,"href":"https:\/\/vocesparalelas.com.ar\/sitio\/wp-json\/wp\/v2\/media\/61034"}],"wp:attachment":[{"href":"https:\/\/vocesparalelas.com.ar\/sitio\/wp-json\/wp\/v2\/media?parent=61031"}],"wp:term":[{"taxonomy":"category","embeddable":true,"href":"https:\/\/vocesparalelas.com.ar\/sitio\/wp-json\/wp\/v2\/categories?post=61031"},{"taxonomy":"post_tag","embeddable":true,"href":"https:\/\/vocesparalelas.com.ar\/sitio\/wp-json\/wp\/v2\/tags?post=61031"}],"curies":[{"name":"wp","href":"https:\/\/api.w.org\/{rel}","templated":true}]}}