{"id":61026,"date":"2023-07-09T21:07:20","date_gmt":"2023-07-10T00:07:20","guid":{"rendered":"https:\/\/vocesparalelas.com.ar\/sitio\/?p=61026"},"modified":"2023-07-10T23:22:00","modified_gmt":"2023-07-11T02:22:00","slug":"tedeum-9-de-julio-de-2023-la-tempestad-calmada","status":"publish","type":"post","link":"https:\/\/vocesparalelas.com.ar\/sitio\/tedeum-9-de-julio-de-2023-la-tempestad-calmada\/","title":{"rendered":"Tedeum 9 de julio de 2023 \u00abLa tempestad calmada\u00bb"},"content":{"rendered":"<p>El Evangelio de Lucas nos presenta un texto que hemos escuchado muchas veces: el de la tempestad calmada. Los Ap\u00f3stoles en la barca, junto a Jes\u00fas, se ven sorprendidos por una tormenta que asusta a aqu\u00e9llos mientras Jes\u00fas duerme. El temor se apodera del \u00e1nimo de los disc\u00edpulos que ven peligrar su vida y, con Pedro a la cabeza, despiertan al Se\u00f1or que los anima a tener fe y a no aterrorizarse porque \u00c9l est\u00e1 junto a ellos.<\/p>\n<p>Quiz\u00e1 el comentario m\u00e1s concreto y claro de este Evangelio, haya sido aquel memorable momento de oraci\u00f3n del papa Francisco, el 27 de marzo de 2020, cuando en completa soledad en la Plaza de San Pedro, pronunci\u00f3 aquella reflexi\u00f3n que todav\u00eda hoy sostiene nuestra esperanza. La pandemia del COVID ya ha pasado y como tal fue una tremenda tormenta la nos azot\u00f3 hasta la desesperaci\u00f3n. Estuvimos expuestos en nuestra extrema fragilidad, crecimos en la conciencia de estar todos en la misma barca, y en ella, como en el texto evang\u00e9lico, estuvo tambi\u00e9n Cristo que nos sostuvo en esperanza.<\/p>\n<p>\u00bfPero qu\u00e9 otras tempestades nos afligen adem\u00e1s aquella pandemia? Es inevitable referirnos a ella, pero deber\u00edamos reconocer la magnitud de otros temporales que nos duelen como humanidad y como pa\u00eds.<\/p>\n<p>La Humanidad se debate principalmente hoy ante la tempestad de la brecha entre sociedades muy desarrolladas y aquellas otras, que no logran siquiera ponerse en pie; el acceso a las vacunas fue muy gr\u00e1fico para representar esas diferencias.<\/p>\n<p>Como pa\u00eds, los enfrentamientos permanentes, incrementados en tiempos electorales, agravan las condiciones de nuestra vida social, atravesada por las consecuencias de la pandemia, las guerras, las malas administraciones, la derrota cultural con una educaci\u00f3n cada vez m\u00e1s d\u00e9bil en valores, con el aumento de la precariedad laboral, y la ni\u00f1ez cada vez m\u00e1s pobre.<\/p>\n<p>Siempre la unidad es un desaf\u00edo para un pueblo llamado a crecer.<\/p>\n<p>En este tiempo tan dif\u00edcil la unidad es imprescindible para atender las emergencias y salir juntos de \u00e9sta.<\/p>\n<p>Para nosotros, los creyentes, a\u00fan estas circunstancias tan dif\u00edciles nos convocan a expresar nuestra esperanza que ponemos en Dios, al frente de la barca y con poder sobre el mar y todas las tempestades, mientras comprometemos nuestros esfuerzos de estrecharnos m\u00e1s junto al Se\u00f1or que triunfa sobre toda tormenta.<\/p>\n<p>El g\u00e9nero hist\u00f3rico b\u00e1sico del relato no excluye sin embargo la elaboraci\u00f3n simb\u00f3lica, de modo que es el significado del suceso lo que prima sobre el suceso mismo, sea cual fuere.<\/p>\n<p>El Se\u00f1or nos interpela y, en medio de nuestras tormentas, nos invita a despertar y a activar esa solidaridad y esperanza capaz de dar solidez, contenci\u00f3n y sentido a esas horas donde todo parece naufragar. El Se\u00f1or se despierta para despertar y avivar nuestra fe<\/p>\n<p>El Papa Francisco dec\u00eda en aquella misma reflexi\u00f3n en marzo del 2020: \u201cLa tempestad desenmascara nuestra vulnerabilidad y deja al descubierto esas falsas y superfluas seguridades con las que hab\u00edamos construido nuestras agendas, nuestros proyectos, rutinas y prioridades. Nos muestra c\u00f3mo hab\u00edamos dejado dormido y abandonado lo que alimenta, sostiene y da fuerza a nuestra vida y a nuestra comunidad.<\/p>\n<p>La tempestad pone al descubierto todos los intentos de encajonar y olvidar lo que nutri\u00f3 el alma de nuestros pueblos; todas esas tentativas de anestesiar con aparentes rutinas \u201csalvadoras,\u201d incapaces de apelar a nuestras ra\u00edces y evocar la memoria de nuestros ancianos, priv\u00e1ndonos as\u00ed de la inmunidad necesaria para hacerle frente a la adversidad. Con la tempestad, se cay\u00f3 el maquillaje de esos estereotipos con los que disfraz\u00e1bamos nuestros egos siempre pretenciosos de querer aparentar; y dej\u00f3 al descubierto, una vez m\u00e1s, esa (bendita) pertenencia com\u00fan de la que no podemos ni queremos evadirnos; esa pertenencia de hermanos.\u201d<\/p>\n<p>El texto que hoy estamos reflexionando nos enfrenta, por tanto, al mundo de la fe en un Dios aparentemente ausente, \u00abdormido\u00bb ante el mal del mundo.<\/p>\n<p>Precisamente el n\u00facleo de nuestra fe es creer lo contrario, creer en el poder salvador de Dios. El milagro de la vida cristiana consiste en ver detr\u00e1s de lo visible, dentro de lo visible, a Dios Salvador; ver en la trivialidad de la vida el plan de Dios.<\/p>\n<p>Esta fe profunda en Dios Salvador de la Humanidad, fue la que anim\u00f3 a los congresales, este fue el GPS que los llev\u00f3 a encontrarse coincidiendo en amplia mayor\u00eda, el que orient\u00f3 en un contexto de incertidumbre y desorientaci\u00f3n una decisi\u00f3n que marcar\u00eda para siempre un rumbo de una Naci\u00f3n que a veces pareciera naufragar por ego\u00edsmos negadores de trabajar por el bien com\u00fan.<\/p>\n<p>Dos sanjuaninos fueron protagonistas centrales en ese Congreso, un Fraile ilustrado e inquieto, y el otro un ciudadano abogado y pol\u00edtico esclarecido y consiente de su protagonismo hist\u00f3rico, Fray Justo Santa Mar\u00eda de Oro y Francisco Narciso de Laprida<\/p>\n<p>El rol destacado que tuvieron aun interpelan nuestro sano patriotismo algo que nos enorgullece, pero tambi\u00e9n nos anima a seguir aportando para hacer fuerte a una Naci\u00f3n que en varios momentos de la historia pareciera naufragar y diluirse pero que sin embargo con la invocaci\u00f3n a Dios y al aporte ciudadano de generaciones enteras logra sobreponerse a las tempestades buscando un rumbo que asegure en bienestar de todos especialmente de los m\u00e1s pobres y desvalidos.<\/p>\n<p>&nbsp;<\/p>\n","protected":false},"excerpt":{"rendered":"<p>El Evangelio de Lucas nos presenta un texto que hemos escuchado muchas veces: el de la tempestad calmada. Los Ap\u00f3stoles<\/p>\n","protected":false},"author":3,"featured_media":61029,"comment_status":"closed","ping_status":"closed","sticky":false,"template":"","format":"standard","meta":{"_acf_changed":false,"_seopress_robots_primary_cat":"none","_seopress_titles_title":"","_seopress_titles_desc":"","_seopress_robots_index":"","colormag_page_container_layout":"default_layout","colormag_page_sidebar_layout":"default_layout","footnotes":""},"categories":[10],"tags":[],"class_list":["post-61026","post","type-post","status-publish","format-standard","has-post-thumbnail","hentry","category-opiniones"],"acf":[],"_links":{"self":[{"href":"https:\/\/vocesparalelas.com.ar\/sitio\/wp-json\/wp\/v2\/posts\/61026","targetHints":{"allow":["GET"]}}],"collection":[{"href":"https:\/\/vocesparalelas.com.ar\/sitio\/wp-json\/wp\/v2\/posts"}],"about":[{"href":"https:\/\/vocesparalelas.com.ar\/sitio\/wp-json\/wp\/v2\/types\/post"}],"author":[{"embeddable":true,"href":"https:\/\/vocesparalelas.com.ar\/sitio\/wp-json\/wp\/v2\/users\/3"}],"replies":[{"embeddable":true,"href":"https:\/\/vocesparalelas.com.ar\/sitio\/wp-json\/wp\/v2\/comments?post=61026"}],"version-history":[{"count":1,"href":"https:\/\/vocesparalelas.com.ar\/sitio\/wp-json\/wp\/v2\/posts\/61026\/revisions"}],"predecessor-version":[{"id":61030,"href":"https:\/\/vocesparalelas.com.ar\/sitio\/wp-json\/wp\/v2\/posts\/61026\/revisions\/61030"}],"wp:featuredmedia":[{"embeddable":true,"href":"https:\/\/vocesparalelas.com.ar\/sitio\/wp-json\/wp\/v2\/media\/61029"}],"wp:attachment":[{"href":"https:\/\/vocesparalelas.com.ar\/sitio\/wp-json\/wp\/v2\/media?parent=61026"}],"wp:term":[{"taxonomy":"category","embeddable":true,"href":"https:\/\/vocesparalelas.com.ar\/sitio\/wp-json\/wp\/v2\/categories?post=61026"},{"taxonomy":"post_tag","embeddable":true,"href":"https:\/\/vocesparalelas.com.ar\/sitio\/wp-json\/wp\/v2\/tags?post=61026"}],"curies":[{"name":"wp","href":"https:\/\/api.w.org\/{rel}","templated":true}]}}