{"id":61021,"date":"2023-07-09T20:08:49","date_gmt":"2023-07-09T23:08:49","guid":{"rendered":"https:\/\/vocesparalelas.com.ar\/sitio\/?p=61021"},"modified":"2023-07-10T00:28:41","modified_gmt":"2023-07-10T03:28:41","slug":"colonia-de-vacaciones-de-invierno-en-conectar-lab-de-san-juan","status":"publish","type":"post","link":"https:\/\/vocesparalelas.com.ar\/sitio\/colonia-de-vacaciones-de-invierno-en-conectar-lab-de-san-juan\/","title":{"rendered":"Colonia de Vacaciones de Invierno en Conectar LAB de San Juan"},"content":{"rendered":"<p>El Centro de innovaci\u00f3n educativa Conectar LAB abre su colonia de vacaciones de invierno del 12 al 15 de julio, de 11 a 13 horas. Con cupos limitados.<\/p>\n<p>Los talleres son gratuitos para chicas y chicos de 6 a 18 a\u00f1os.<\/p>\n<ul>\n<li>Detectives en el LAB, para chicos de 6 a 10 a\u00f1os<\/li>\n<li>Universo de videojuegos los chicos de 11 a 13 a\u00f1os, crean su multiverso<\/li>\n<li>Rob\u00f3tica en acci\u00f3n para chicos de 14 a 18 a\u00f1os, fabricaran su auto robot para ingresar a la gran competencia en el LAB<\/li>\n<\/ul>\n<p><strong><span style=\"color: #99cc00;\">Inscripci\u00f3n<\/span><\/strong><\/p>\n<p><a href=\"https:\/\/docs.google.com\/forms\/d\/15bCqEFAGr2gx2W1Px5YzxL8aCmEy1DJckMN8988ZybQ\/edit?usp=drivesdk\">https:\/\/docs.google.com\/forms\/d\/15bCqEFAGr2gx2W1Px5YzxL8aCmEy1DJckMN8988ZybQ\/edit?usp=drivesdk<\/a><\/p>\n<p>Por consultas, enviar WhatsApp al 2645 427002.<\/p>\n","protected":false},"excerpt":{"rendered":"<p>El Centro de innovaci\u00f3n educativa Conectar LAB abre su colonia de vacaciones de invierno del 12 al 15 de julio,<\/p>\n","protected":false},"author":3,"featured_media":60632,"comment_status":"closed","ping_status":"closed","sticky":false,"template":"","format":"standard","meta":{"_acf_changed":false,"_seopress_robots_primary_cat":"none","_seopress_titles_title":"","_seopress_titles_desc":"","_seopress_robots_index":"","colormag_page_container_layout":"default_layout","colormag_page_sidebar_layout":"default_layout","footnotes":""},"categories":[9],"tags":[],"class_list":["post-61021","post","type-post","status-publish","format-standard","has-post-thumbnail","hentry","category-cursos"],"acf":[],"_links":{"self":[{"href":"https:\/\/vocesparalelas.com.ar\/sitio\/wp-json\/wp\/v2\/posts\/61021","targetHints":{"allow":["GET"]}}],"collection":[{"href":"https:\/\/vocesparalelas.com.ar\/sitio\/wp-json\/wp\/v2\/posts"}],"about":[{"href":"https:\/\/vocesparalelas.com.ar\/sitio\/wp-json\/wp\/v2\/types\/post"}],"author":[{"embeddable":true,"href":"https:\/\/vocesparalelas.com.ar\/sitio\/wp-json\/wp\/v2\/users\/3"}],"replies":[{"embeddable":true,"href":"https:\/\/vocesparalelas.com.ar\/sitio\/wp-json\/wp\/v2\/comments?post=61021"}],"version-history":[{"count":1,"href":"https:\/\/vocesparalelas.com.ar\/sitio\/wp-json\/wp\/v2\/posts\/61021\/revisions"}],"predecessor-version":[{"id":61024,"href":"https:\/\/vocesparalelas.com.ar\/sitio\/wp-json\/wp\/v2\/posts\/61021\/revisions\/61024"}],"wp:featuredmedia":[{"embeddable":true,"href":"https:\/\/vocesparalelas.com.ar\/sitio\/wp-json\/wp\/v2\/media\/60632"}],"wp:attachment":[{"href":"https:\/\/vocesparalelas.com.ar\/sitio\/wp-json\/wp\/v2\/media?parent=61021"}],"wp:term":[{"taxonomy":"category","embeddable":true,"href":"https:\/\/vocesparalelas.com.ar\/sitio\/wp-json\/wp\/v2\/categories?post=61021"},{"taxonomy":"post_tag","embeddable":true,"href":"https:\/\/vocesparalelas.com.ar\/sitio\/wp-json\/wp\/v2\/tags?post=61021"}],"curies":[{"name":"wp","href":"https:\/\/api.w.org\/{rel}","templated":true}]}}