{"id":61015,"date":"2023-07-09T21:05:27","date_gmt":"2023-07-10T00:05:27","guid":{"rendered":"https:\/\/vocesparalelas.com.ar\/sitio\/?p=61015"},"modified":"2023-07-09T21:05:27","modified_gmt":"2023-07-10T00:05:27","slug":"acto-central-de-los-207-aniversario-de-la-independencia-de-argentina-en-el-departamento-zonda-en-san-juan","status":"publish","type":"post","link":"https:\/\/vocesparalelas.com.ar\/sitio\/acto-central-de-los-207-aniversario-de-la-independencia-de-argentina-en-el-departamento-zonda-en-san-juan\/","title":{"rendered":"Acto Central de los 207\u00b0 Aniversario de la Independencia de Argentina en el Departamento Zonda en San Juan"},"content":{"rendered":"<p>El Domingo, 9 de Julio, se record\u00f3 en el pa\u00eds los 207\u00b0 Aniversario de la Independencia de Argentina, y rendir homenaje aquellos representantes, aquel Martes, 9 de Julio de 1816, cuando el Congreso de Tucum\u00e1n declar\u00f3 la formal ruptura de los v\u00ednculos de dependencia pol\u00edtica de las Provincias Unidas del R\u00edo de la Plata con la monarqu\u00eda espa\u00f1ola, declarando la Independencia Nacional.<\/p>\n<p>En este marco, el Gobierno de San Juan, festej\u00f3 un nuevo aniversario de la gesta patria con actividades que comenzaron con el acto de izamiento del Pabell\u00f3n Nacional por parte del intendente de la Capital, Dr. Emilio Baistrocchi, junto al presidente del Concejo Deliberante, Arq. Ariel Palma, acompa\u00f1ados por concejales y secretarios de la comuna, con la participaci\u00f3n de la Banda de M\u00fasica de la Polic\u00eda de San Juan.<\/p>\n<p>Posteriormente, rindieron homenaje al pr\u00f3cer sanjuanino Francisco Narciso Laprida y al ilustre dominico Fray Justo Santa Mar\u00eda de Oro, ante el monumento que perpet\u00faa su memoria, en la Plaza 25 de Mayo.<\/p>\n<p>Por otra parte, el acto central y el desfile, que se desarroll\u00f3 en el Departamento Zonda, de San Juan y estuvo presidido por el gobernador Dr. Sergio U\u00f1ac, acompa\u00f1ado por el vicegobernador, CPN Roberto Gattoni; obispo auxiliar de San Juan de Cuyo, Gustavo Larraz\u00e1bal; intendente de Zonda, Miguel At\u00e1mpiz y el de Ullum, Leopoldo Soler; autoridades de los poderes Ejecutivo y Legislativo y referentes municipales; jefe del Regimiento de Infanter\u00eda de Monta\u00f1a 22, Coronel Mart\u00edn Guillermo Mendoza y autoridades de fuerzas de seguridad.<\/p>\n<p>En el departamento, las actividades comenzaron a las 10.30 hs. con la adopci\u00f3n del Dispositivo Militar, en Monse\u00f1or Gallardo y Leanes y la recepci\u00f3n del gobernador Dr. Sergio U\u00f1ac por parte del intendente At\u00e1mpiz, diputados y concejales locales.<\/p>\n<p>Sobre las 10:50 hs., tuvo lugar la revista y saludo del jefe del Regimiento de Infanter\u00eda de Monta\u00f1a 22, coronel de Infanter\u00eda Mart\u00edn Guillermo Mendoza al gobernador de la Provincia y al intendente y, seguidamente, la presentaci\u00f3n por parte del jefe de tropa, Cristian Ovell\u00e1, al gobernador de la Provincia, por parte de la formaci\u00f3n militar 9 de Julio.<\/p>\n<p><img loading=\"lazy\" decoding=\"async\" class=\"alignnone size-full wp-image-61019\" src=\"https:\/\/vocesparalelas.com.ar\/sitio\/wp-content\/uploads\/2023\/07\/ZONDA-INDEPENDENCIA-01.jpg\" alt=\"\" width=\"800\" height=\"534\" srcset=\"https:\/\/vocesparalelas.com.ar\/sitio\/wp-content\/uploads\/2023\/07\/ZONDA-INDEPENDENCIA-01.jpg 800w, https:\/\/vocesparalelas.com.ar\/sitio\/wp-content\/uploads\/2023\/07\/ZONDA-INDEPENDENCIA-01-300x200.jpg 300w, https:\/\/vocesparalelas.com.ar\/sitio\/wp-content\/uploads\/2023\/07\/ZONDA-INDEPENDENCIA-01-768x513.jpg 768w\" sizes=\"auto, (max-width: 800px) 100vw, 800px\" \/><\/p>\n<p>Continuando con el acto, a las 11 hs.; se celebr\u00f3 el Solemne Tedeum oficiado por el obispo Larraz\u00e1bal, en la Parroquia Sagrada Familia de Nazaret.<\/p>\n<p>Durante la celebraci\u00f3n, el primer mandatario expres\u00f3 que se sent\u00eda contento porque \u201ceste es un d\u00eda en que los argentinos tenemos que celebrar. Se inicia nuestra propia independencia como pa\u00eds, con participaci\u00f3n tambi\u00e9n de personalidades de la provincia de San Juan, en aquel 1816 y satisfecho de hacerlo en el interior de la provincia, de haber escuchado la homil\u00eda de monse\u00f1or Lallaz\u00e1bal. Es una jornada patria, de festejo, de conmemoraci\u00f3n en la Rep\u00fablica Argentina\u201d.<\/p>\n<p>Sobre la homil\u00eda, U\u00f1ac agreg\u00f3 que \u201cen cuanto a la reflexi\u00f3n que hizo el sacerdote, la historia no termina con nosotros, en la provincia. Nada comenz\u00f3 con nosotros, nada debe terminar tambi\u00e9n en este momento. Ser dio una nueva etapa para quienes van a gobernar, para quienes pasaremos a ser parte de la oposici\u00f3n, son conclusiones que deberemos ir sacando. Esto hay que mirarlo con ojos sumamente positivos, entendiendo que nada empieza ni nada termina, ni en el d\u00eda de hoy ni en este periodo\u201d.<\/p>\n<p>Para cerrar, el gobernador destac\u00f3 la importancia de seguir trabajando por el desarrollo de la provincia, de seguir fortaleciendo sectores como la construcci\u00f3n y el turismo, manteniendo el bajo \u00edndice de desempleo y puso el foco en que las decisiones deben ser prudentes y espera que el pr\u00f3ximo gobierno contin\u00fae el trabajo realizado. \u201cSeguiremos trabajando por la provincia y por la gente\u201d, concluy\u00f3.<\/p>\n<p>Luego, las autoridades se ubicaron en el Palco Oficial, sito en Avenida Argentina y calle 21 de Septiembre.<\/p>\n<p>En el comienzo del acto central, se enton\u00f3 el Himno Nacional Argentino, interpretado por la Banda de M\u00fasica del RIM 22, para dar paso al desfile patrio, con la participaci\u00f3n de abanderados del Ministerio de Educaci\u00f3n, escuelas, fuerzas militares y de seguridad, Confederaci\u00f3n Gaucha Argentina, Federaci\u00f3n Gaucha de San Juan y dem\u00e1s instituciones, colectividades y academias de Zonda y del resto de la provincia.<\/p>\n<p>Cabe recordar que el desfile transit\u00f3 por Avenida Argentina, desde San Martin hasta Ruta Provincial N\u00ba 12 de Zonda.<\/p>\n","protected":false},"excerpt":{"rendered":"<p>El Domingo, 9 de Julio, se record\u00f3 en el pa\u00eds los 207\u00b0 Aniversario de la Independencia de Argentina, y rendir<\/p>\n","protected":false},"author":3,"featured_media":61018,"comment_status":"closed","ping_status":"closed","sticky":false,"template":"","format":"standard","meta":{"_acf_changed":false,"_seopress_robots_primary_cat":"none","_seopress_titles_title":"","_seopress_titles_desc":"","_seopress_robots_index":"","colormag_page_container_layout":"default_layout","colormag_page_sidebar_layout":"default_layout","footnotes":""},"categories":[1],"tags":[],"class_list":["post-61015","post","type-post","status-publish","format-standard","has-post-thumbnail","hentry","category-destacadas"],"acf":[],"_links":{"self":[{"href":"https:\/\/vocesparalelas.com.ar\/sitio\/wp-json\/wp\/v2\/posts\/61015","targetHints":{"allow":["GET"]}}],"collection":[{"href":"https:\/\/vocesparalelas.com.ar\/sitio\/wp-json\/wp\/v2\/posts"}],"about":[{"href":"https:\/\/vocesparalelas.com.ar\/sitio\/wp-json\/wp\/v2\/types\/post"}],"author":[{"embeddable":true,"href":"https:\/\/vocesparalelas.com.ar\/sitio\/wp-json\/wp\/v2\/users\/3"}],"replies":[{"embeddable":true,"href":"https:\/\/vocesparalelas.com.ar\/sitio\/wp-json\/wp\/v2\/comments?post=61015"}],"version-history":[{"count":1,"href":"https:\/\/vocesparalelas.com.ar\/sitio\/wp-json\/wp\/v2\/posts\/61015\/revisions"}],"predecessor-version":[{"id":61020,"href":"https:\/\/vocesparalelas.com.ar\/sitio\/wp-json\/wp\/v2\/posts\/61015\/revisions\/61020"}],"wp:featuredmedia":[{"embeddable":true,"href":"https:\/\/vocesparalelas.com.ar\/sitio\/wp-json\/wp\/v2\/media\/61018"}],"wp:attachment":[{"href":"https:\/\/vocesparalelas.com.ar\/sitio\/wp-json\/wp\/v2\/media?parent=61015"}],"wp:term":[{"taxonomy":"category","embeddable":true,"href":"https:\/\/vocesparalelas.com.ar\/sitio\/wp-json\/wp\/v2\/categories?post=61015"},{"taxonomy":"post_tag","embeddable":true,"href":"https:\/\/vocesparalelas.com.ar\/sitio\/wp-json\/wp\/v2\/tags?post=61015"}],"curies":[{"name":"wp","href":"https:\/\/api.w.org\/{rel}","templated":true}]}}